{"id":121859,"date":"2025-09-17T23:06:12","date_gmt":"2025-09-17T23:06:12","guid":{"rendered":"https:\/\/www.europesays.com\/es\/121859\/"},"modified":"2025-09-17T23:06:12","modified_gmt":"2025-09-17T23:06:12","slug":"vistas-de-acero-en-pokemon-go-detallado-este-evento-con-duraludon-dinamax","status":"publish","type":"post","link":"https:\/\/www.europesays.com\/es\/121859\/","title":{"rendered":"Vistas de acero en Pok\u00e9mon GO: Detallado este evento con Duraludon Dinamax"},"content":{"rendered":"<p>Los siguientes Pok\u00e9mon aparecer\u00e1n con m\u00e1s frecuencia en estado salvaje.<\/p>\n<p>Diglett de Alola*<br \/>Magnemite*<br \/>Grimer*<br \/>Grimer de Alola*<br \/>Porygon*<br \/>Aron*<br \/>Bronzor*<br \/>Trubbish*<br \/>Klink*<br \/>Axew*<br \/>Togedemaru*<\/p>\n<p>\u00a1Algunos Entrenadores podr\u00edan encontrarse con los siguientes Pok\u00e9mon!<\/p>\n<p>Meowth de Galar*<br \/>Skarmory*<br \/>Mawile*<\/p>\n<p>*\u00a1Con un poco de suerte, os podr\u00edais encontrar uno variocolor!<\/p>\n","protected":false},"excerpt":{"rendered":"Los siguientes Pok\u00e9mon aparecer\u00e1n con m\u00e1s frecuencia en estado salvaje. Diglett de Alola*Magnemite*Grimer*Grimer de Alola*Porygon*Aron*Bronzor*Trubbish*Klink*Axew*Togedemaru* \u00a1Algunos Entrenadores podr\u00edan&hellip;\n","protected":false},"author":2,"featured_media":121860,"comment_status":"","ping_status":"","sticky":false,"template":"","format":"standard","meta":{"footnotes":""},"categories":[81],"tags":[119,123,124,25,24,935,117,121,122,23,118,120],"class_list":{"0":"post-121859","1":"post","2":"type-post","3":"status-publish","4":"format-standard","5":"has-post-thumbnail","7":"category-ciencia-y-tecnologia","8":"tag-ciencia","9":"tag-ciencia-y-tecnologia","10":"tag-cienciaytecnologia","11":"tag-es","12":"tag-espana","13":"tag-pokemon-go","14":"tag-science","15":"tag-science-and-technology","16":"tag-scienceandtechnology","17":"tag-spain","18":"tag-technology","19":"tag-tecnologia"},"share_on_mastodon":{"url":"","error":""},"_links":{"self":[{"href":"https:\/\/www.europesays.com\/es\/wp-json\/wp\/v2\/posts\/121859","targetHints":{"allow":["GET"]}}],"collection":[{"href":"https:\/\/www.europesays.com\/es\/wp-json\/wp\/v2\/posts"}],"about":[{"href":"https:\/\/www.europesays.com\/es\/wp-json\/wp\/v2\/types\/post"}],"author":[{"embeddable":true,"href":"https:\/\/www.europesays.com\/es\/wp-json\/wp\/v2\/users\/2"}],"replies":[{"embeddable":true,"href":"https:\/\/www.europesays.com\/es\/wp-json\/wp\/v2\/comments?post=121859"}],"version-history":[{"count":0,"href":"https:\/\/www.europesays.com\/es\/wp-json\/wp\/v2\/posts\/121859\/revisions"}],"wp:featuredmedia":[{"embeddable":true,"href":"https:\/\/www.europesays.com\/es\/wp-json\/wp\/v2\/media\/121860"}],"wp:attachment":[{"href":"https:\/\/www.europesays.com\/es\/wp-json\/wp\/v2\/media?parent=121859"}],"wp:term":[{"taxonomy":"category","embeddable":true,"href":"https:\/\/www.europesays.com\/es\/wp-json\/wp\/v2\/categories?post=121859"},{"taxonomy":"post_tag","embeddable":true,"href":"https:\/\/www.europesays.com\/es\/wp-json\/wp\/v2\/tags?post=121859"}],"curies":[{"name":"wp","href":"https:\/\/api.w.org\/{rel}","templated":true}]}}