{"id":121907,"date":"2025-09-17T23:36:22","date_gmt":"2025-09-17T23:36:22","guid":{"rendered":"https:\/\/www.europesays.com\/es\/121907\/"},"modified":"2025-09-17T23:36:22","modified_gmt":"2025-09-17T23:36:22","slug":"topuria-habla-de-la-llegada-de-la-ufc-a-espana-para-2026-esta-mas-cerca-de-lo-que-parece","status":"publish","type":"post","link":"https:\/\/www.europesays.com\/es\/121907\/","title":{"rendered":"Topuria habla de la llegada de la UFC a Espa\u00f1a para 2026: \u00abEst\u00e1 m\u00e1s cerca de lo que parece\u00bb"},"content":{"rendered":"<p><a href=\"https:\/\/www.lasprovincias.es\/deportes\/mas-deportes\/topuria-piensa-pasarse-boxeo-reta-mejores-pondre-20250907181539-nt.html\" target=\"_blank\" data-voc-vtm-id=\"in-text-traffic\" title=\"Ilia Topuria\" rel=\"nofollow noopener\">Ilia Topuria<\/a> se ha convertido en todo un referente para el aficionado al deporte espa\u00f1ol. El luchador hispano-georgiano de artes marciales mixtas, actual  &#8230; campe\u00f3n del mundo del peso ligero de la UFC, sigue con su objetivo de convencer al mandam\u00e1s de la compa\u00f1\u00eda americana, Dana White, de que organice una velada en Espa\u00f1a. \u00abEst\u00e1 mucho m\u00e1s cerca de lo que parece y seguramente se lleve a cabo en 2026\u00bb, dijo el propio Topuria este martes, en declaraciones a los medios tras <a href=\"https:\/\/www.lasprovincias.es\/deportes\/ilia-topuria-encantaria-medirme-terence-crawford-20250916091551-vi.html\" target=\"_blank\" data-voc-vtm-id=\"in-text-traffic\" title=\"un desayuno organizado por Nueva Econom\u00eda Forum en Madrid\" data-mrf-link=\"www.lasprovincias.es\" rel=\"nofollow noopener\">un desayuno organizado por Nueva Econom\u00eda Forum en Madrid<\/a>: \u00abLo que pasa es que yo he dejado de ya anunciarlo tanto y ya voy a los hechos. Seguramente tengamos un evento de la UFC en Espa\u00f1a en 2026. Es un hecho\u00bb.<\/p>\n<p class=\"v-p\">Espa\u00f1a es una opci\u00f3n para la compa\u00f1\u00eda que dirige Dana White, que ha crecido tras el auge medi\u00e1tico del propio Topuria. \u00abObviamente, ellos est\u00e1n viendo y sintiendo el crecimiento que tenemos aqu\u00ed en nuestro pa\u00eds. Se est\u00e1 viendo reflejado. No tiene mucho m\u00e1s en lo que pensar. Est\u00e1 ya muy cerca de que ya est\u00e9 todo finalizado. Hay algunos detalles que hay que llevarlo a cabo, porque para mover un evento de esas magnitudes cuesta mover a todo el personal, todo el tema log\u00edstico. Pero estoy seguro que se va a llevar a cabo\u00bb, agreg\u00f3 el hispano-georgiano, que sue\u00f1a con pelear en el Santiago Bernab\u00e9u, aunque no habr\u00eda que descartar la opci\u00f3n del novedoso Roig Arena de Valencia. El deportista reconoci\u00f3 que siente \u00abla responsabilidad\u00bb de ser referencia de las artes marciales mixtas en Espa\u00f1a, aunque apunt\u00f3 que no es el \u00fanico. \u00abEstoy intentando aportar mi granito de arena. No soy el \u00fanico que ha conseguido traer el deporte hasta aqu\u00ed. Tengo a muchos otros compa\u00f1eros, tengo a mi hermano, tengo a gente que ha luchado para levantar este deporte. No me gustar\u00eda tampoco llevarme todo el m\u00e9rito porque el m\u00e9rito es de todos\u00bb, coment\u00f3.<\/p>\n<p><a href=\"http:\/\/www.lasprovincias.es\/deportes\/mas-deportes\/topuria-piensa-pasarse-boxeo-reta-mejores-pondre-20250907181539-nt.html#vtm_modulosEngag=mod-rel:deportes:noticia:1:cmp:1-not\" class=\"v-a-link\" aria-label=\"Imagen\" rel=\"nofollow noopener\" target=\"_blank\"><\/p>\n<p><img decoding=\"async\" loading=\"lazy\" src=\"https:\/\/www.europesays.com\/es\/wp-content\/uploads\/2025\/09\/1498314243-ksTE--366x256@Las Provincias-LasProvincias.jpg\" class=\"v-a-img\" width=\"258\" height=\"180\" alt=\"\" data-voc-vtm-id=\"in-text-traffic\"\/><\/p>\n<p><\/a><\/p>\n<p class=\"v-p\">Al mismo tiempo, el peleador formado en Alicante confes\u00f3 que le \u00abencantar\u00eda\u00bb <a href=\"https:\/\/www.lasprovincias.es\/deportes\/mas-deportes\/topuria-piensa-pasarse-boxeo-reta-mejores-pondre-20250907181539-nt.html\" target=\"_blank\" data-voc-vtm-id=\"in-text-traffic\" title=\"probar en el boxeo y medirse al triple campe\u00f3n indiscutido y l\u00edder del ranking libra por libra, Terence Crawford\" rel=\"nofollow noopener\">probar en el boxeo y medirse al triple campe\u00f3n indiscutido y l\u00edder del ranking libra por libra, Terence Crawford<\/a>, que acaba de vencer a Canelo \u00c1lvarez este pasado fin de semana. \u00abDesde hace muchos a\u00f1os quiero probar en el boxeo. Ahora ya que tenemos un libra por libra leg\u00edtimo finalmente en el boxeo, y me encantar\u00eda irme y medirme a Terence Crawford, yo no tengo ninguna duda del resultado. Victoria, sin duda\u00bb, dijo Topuria, siempre confiante en sus habilidades: \u00abEl primer objetivo era ser campe\u00f3n del mundo, luego tuve un rival legendario y en mi cabeza luego estaba cambiar de peso; y ahora soy doble campe\u00f3n del mundo. \u00bfY ahora? Tal vez un combate de boxeo&#8230; El mejor es Crawford, as\u00ed que, \u00bfpor que no? A por \u00e9l\u00bb.<\/p>\n<p class=\"v-p\">Durante el evento, Topuria defendi\u00f3 la honorabilidad de su deporte. \u00abLa \u00fanica forma de inspirar es dando ejemplo y es lo que entiendo. Lo que mucha gente ve como agresividad yo no lo veo si, el verdadero guerrero no odia al que tiene enfrente, odia al que tiene detr\u00e1s\u00bb, reflexion\u00f3. \u00abLos desaf\u00edos son los prejuicios del deporte. El ser humano desarrolla su potencial cuando lo pones a competir con uno como \u00e9l. Pero esa energ\u00eda del publico cuando lo haces quitan todos los prejuicios\u00bb, a\u00f1adi\u00f3 Topuria, que tambi\u00e9n abord\u00f3 el conflicto entre Israel y Ham\u00e1s, el cual \u00abnunca se puede apoyar\u00bb. \u00abNo queremos que a nadie le falte nada. Mando apoyo a todas las familias en Gaza. Si yo pudiera hacer algo, parar\u00eda esa guerra ahora mismo, porque no lo acepto\u00bb, asever\u00f3.<\/p>\n","protected":false},"excerpt":{"rendered":"Ilia Topuria se ha convertido en todo un referente para el aficionado al deporte espa\u00f1ol. El luchador hispano-georgiano&hellip;\n","protected":false},"author":2,"featured_media":121908,"comment_status":"","ping_status":"","sticky":false,"template":"","format":"standard","meta":{"footnotes":""},"categories":[276],"tags":[3076,3570,168,25,24,4596,5808,3088,23,167,348,343],"class_list":{"0":"post-121907","1":"post","2":"type-post","3":"status-publish","4":"format-standard","5":"has-post-thumbnail","7":"category-ufc","8":"tag-3076","9":"tag-cerca","10":"tag-deportes","11":"tag-es","12":"tag-espana","13":"tag-habla","14":"tag-llegada","15":"tag-parece","16":"tag-spain","17":"tag-sports","18":"tag-topuria","19":"tag-ufc"},"share_on_mastodon":{"url":"","error":""},"_links":{"self":[{"href":"https:\/\/www.europesays.com\/es\/wp-json\/wp\/v2\/posts\/121907","targetHints":{"allow":["GET"]}}],"collection":[{"href":"https:\/\/www.europesays.com\/es\/wp-json\/wp\/v2\/posts"}],"about":[{"href":"https:\/\/www.europesays.com\/es\/wp-json\/wp\/v2\/types\/post"}],"author":[{"embeddable":true,"href":"https:\/\/www.europesays.com\/es\/wp-json\/wp\/v2\/users\/2"}],"replies":[{"embeddable":true,"href":"https:\/\/www.europesays.com\/es\/wp-json\/wp\/v2\/comments?post=121907"}],"version-history":[{"count":0,"href":"https:\/\/www.europesays.com\/es\/wp-json\/wp\/v2\/posts\/121907\/revisions"}],"wp:featuredmedia":[{"embeddable":true,"href":"https:\/\/www.europesays.com\/es\/wp-json\/wp\/v2\/media\/121908"}],"wp:attachment":[{"href":"https:\/\/www.europesays.com\/es\/wp-json\/wp\/v2\/media?parent=121907"}],"wp:term":[{"taxonomy":"category","embeddable":true,"href":"https:\/\/www.europesays.com\/es\/wp-json\/wp\/v2\/categories?post=121907"},{"taxonomy":"post_tag","embeddable":true,"href":"https:\/\/www.europesays.com\/es\/wp-json\/wp\/v2\/tags?post=121907"}],"curies":[{"name":"wp","href":"https:\/\/api.w.org\/{rel}","templated":true}]}}