{"id":121911,"date":"2025-09-17T23:40:11","date_gmt":"2025-09-17T23:40:11","guid":{"rendered":"https:\/\/www.europesays.com\/es\/121911\/"},"modified":"2025-09-17T23:40:11","modified_gmt":"2025-09-17T23:40:11","slug":"la-fuerte-confesion-de-briatore-checo-perez-lo-llamo-para-reemplazar-a-colapinto-en-alpine-ole","status":"publish","type":"post","link":"https:\/\/www.europesays.com\/es\/121911\/","title":{"rendered":"La fuerte confesi\u00f3n de Briatore: Checo P\u00e9rez lo llam\u00f3 para reemplazar a Colapinto en Alpine :: Ol\u00e9"},"content":{"rendered":"<p>17\/09\/2025 19:51hs.<\/p>\n<p><strong><a href=\"https:\/\/www.ole.com.ar\/tema\/flavio-briatore.html\" title=\"Flavio Briatore\" alt=\"Flavio Briatore\" class=\"slug\" rel=\"nofollow noopener\" target=\"_blank\">Flavio Briatore<\/a><\/strong> dej\u00f3 en claro hace una semana que <strong>la segunda butaca de Alpine para 2026 est\u00e1 casi definida<\/strong> y que \u00aben condiciones normales\u00bb <strong><a href=\"https:\/\/www.ole.com.ar\/tema\/franco-colapinto.html\" title=\"Franco Colapinto\" alt=\"Franco Colapinto\" class=\"slug\" rel=\"nofollow noopener\" target=\"_blank\">Franco Colapinto<\/a> <\/strong>ser\u00e1 el compa\u00f1ero del ya confirmado<strong> Pierre Gasly<\/strong>. Ahora bien,<strong> el italiano no esconde que coquete\u00f3 con otras posibilidades<\/strong> cuando el bonaerense no obten\u00eda los resultados esperados, e incluso <strong>revel\u00f3 que un piloto figura en la <a href=\"https:\/\/www.ole.com.ar\/tema\/formula-1.html\" title=\"F\u00f3rmula 1\" alt=\"F\u00f3rmula 1\" class=\"slug\" rel=\"nofollow noopener\" target=\"_blank\">F\u00f3rmula 1<\/a> lo llam\u00f3 y se ofreci\u00f3 para la plaza&#8230;<\/strong><\/p>\n<p>Se trata de <strong><a href=\"https:\/\/www.ole.com.ar\/tema\/sergio-perez.html\" title=\"Sergio P\u00e9rez\" alt=\"Sergio P\u00e9rez\" class=\"slug\" rel=\"nofollow noopener\" target=\"_blank\">Sergio P\u00e9rez<\/a><\/strong>, que fue<strong> protagonista de m\u00faltiples rumores en diferentes escuder\u00edas<\/strong> antes de ser confirmado como piloto del flamante equipo estadounidense <strong>Cadillac <\/strong>para la temporada que viene junto a <strong>Valtteri Bottas (otro que son\u00f3 en Alpine)<\/strong>. De hecho <strong>Briatore confirm\u00f3 que hubo un contacto con el mexicano.<\/strong><\/p>\n<p><img alt=\"Checo P\u00e9rez habl\u00f3 con Briatore preguntando por la butaca de Colapinto.\" loading=\"lazy\" width=\"720\" height=\"100\" decoding=\"async\" data-nimg=\"1\" style=\"color:transparent\" src=\"https:\/\/www.europesays.com\/es\/wp-content\/uploads\/2025\/09\/-TOgX3fkj_720x0__1.jpg\"\/>Checo P\u00e9rez habl\u00f3 con Briatore preguntando por la butaca de Colapinto.<\/p>\n<p>La declaraci\u00f3n de Flavio Briatore sobre su contacto con Checo P\u00e9rez <\/p>\n<p>\u00ab<strong>Me llam\u00f3 y me pregunt\u00f3 cu\u00e1les eran nuestros planes, pero tambi\u00e9n me coment\u00f3 que estaba cerca de llegar a un acuerdo con Cadillac.<\/strong> No pude ofrecerle nada en ese momento\u00bb, le dijo el italiano al sitio AMuS, confirmando que <strong>existi\u00f3 una charla con Checo<\/strong> antes de que se oficializara su v\u00ednculo con el equipo que se estrenar\u00e1 en 2026 en la M\u00e1xima.<\/p>\n<p>Con respecto a Bottas, <strong>Briatore pregunt\u00f3 por el finland\u00e9s a mitad de temporada, algo que era un rumor pero Toto Wolff, jefe de Mercedes, donde el excompa\u00f1ero de Lewis Hamilton es reserva, confirm\u00f3: <\/strong>\u00abHablamos un par de veces ya. Inclusive hoy (por el d\u00eda de la  qualy en Silverstone). As\u00ed que parece haber una aceleraci\u00f3n bastante fuerte en el inter\u00e9s por Valtteri\u00bb. Naturalmente, sucedi\u00f3 antes de que se generara la relaci\u00f3n de Bottas con Cadillac.<\/p>\n<p><img alt=\"Flavio Briatore, jefe de Alpine.\" loading=\"lazy\" width=\"720\" height=\"100\" decoding=\"async\" data-nimg=\"1\" style=\"color:transparent\" src=\"https:\/\/www.europesays.com\/es\/wp-content\/uploads\/2025\/08\/xICwE61AU_720x0__1.jpg\"\/>Flavio Briatore, jefe de Alpine.<\/p>\n<p>Las pistas de Flavio Briatore sobre la titularidad de Franco Colapinto en 2026<\/p>\n<p>Si bien <strong>Colapinto tiene contrato con Alpine para 2026<\/strong>, a\u00fan resta la confirmaci\u00f3n en qu\u00e9 rol estar\u00e1 en el equipo para ese entonces: <strong>piloto titular o reserva. <\/strong>Sin embargo, el italiano, que fue quien lo busc\u00f3 y le dio la confianza para reemplazar a Jack Doohan desde la 7\u00aa fecha, <strong>ya dej\u00f3 indicios de que el pilarense de 22 a\u00f1os tiene medio pie en el acelerador del monoplaza #43.<\/strong><\/p>\n<p>En una entrevista con la agencia AFP, el asesor ejecutivo y mandam\u00e1s en el box de los franceses, se expres\u00f3 sobre su visi\u00f3n del team y dej\u00f3 una pista de la continuidad de Franco: \u00ab<strong>El equipo necesita estabilidad, y la posibilidad de conservar a los mismos pilotos forma parte de la estabilidad. <\/strong>Por el momento no hemos decidido, pero en condiciones normales, <strong>la estabilidad quiere decir que conservo a los dos<\/strong>\u00ab. <\/p>\n<p><strong>\u00bfQu\u00e9 falta para que tome la determinaci\u00f3n?<\/strong> Ver el rendimiento de Fran en las pr\u00f3ximas cuatro carreras de las ocho que faltan: Azerbaiy\u00e1n, Singapur, Estados Unidos y M\u00e9xico. Si la performance del argentino es la esperable para un piloto de F\u00f3rmula 1 con un auto que no rinde, a finales de octubre o principio de noviembre, lo confirmar\u00e1n.<\/p>\n<p><img alt=\"Colapinto y Gasly, la dupla que paga dos pesos en 2026. (@AlpineF1Team)\" loading=\"lazy\" width=\"720\" height=\"100\" decoding=\"async\" data-nimg=\"1\" style=\"color:transparent\" src=\"https:\/\/www.europesays.com\/es\/wp-content\/uploads\/2025\/09\/8lWF_NMWJ_720x0__1.jpg\"\/>Colapinto y Gasly, la dupla que paga dos pesos en 2026. (@AlpineF1Team)<a href=\"https:\/\/www.ole.com.ar\/autos\/max-verstappen-vuela-formula-1-finalmente-consiguio-licencia-gt3-nordschleife_0_pVZzZstBBb.html\" aria-label=\"Verstappen tambi\u00e9n vuela fuera de la F1: obtuvo la licencia GT3 en Nordschleife\" class=\"sc-198398ff-0 dGmAry\" rel=\"nofollow noopener\" target=\"_blank\"><img alt=\"Verstappen tambi\u00e9n vuela fuera de la F1: obtuvo la licencia GT3 en Nordschleife\" loading=\"lazy\" width=\"290\" height=\"290\" decoding=\"async\" data-nimg=\"1\" style=\"color:transparent\" src=\"https:\/\/www.europesays.com\/es\/wp-content\/uploads\/2025\/09\/GfJYYKXqN_290x290__1.jpg\"\/><\/p>\n<p>Mir\u00e1 tambi\u00e9nVerstappen tambi\u00e9n vuela fuera de la F1: obtuvo la licencia GT3 en Nordschleife<\/p>\n<p><a href=\"https:\/\/www.ole.com.ar\/autos\/ping-pong-franco-colapinto-f1-formula-1-baku-azerbaiyan_0_LNYTwGbwBH.html\" aria-label=\"El ping pong de Franco Colapinto con la F1: su mejor amigo en la categor\u00eda, con qui\u00e9nes cenar\u00eda y d\u00f3nde se ve en cinco a\u00f1os\" class=\"sc-198398ff-0 dGmAry\" rel=\"nofollow noopener\" target=\"_blank\"><img alt=\"El ping pong de Franco Colapinto con la F1: su mejor amigo en la categor\u00eda, con qui\u00e9nes cenar\u00eda y d\u00f3nde se ve en cinco a\u00f1os\" loading=\"lazy\" width=\"290\" height=\"290\" decoding=\"async\" data-nimg=\"1\" style=\"color:transparent\" src=\"https:\/\/www.europesays.com\/es\/wp-content\/uploads\/2025\/09\/cC8UaiLcv_290x290__1.jpg\"\/><\/p>\n<p>Mir\u00e1 tambi\u00e9nEl ping pong de Franco Colapinto con la F1: su mejor amigo en la categor\u00eda, con qui\u00e9nes cenar\u00eda y d\u00f3nde se ve en cinco a\u00f1os<\/p>\n<p><a href=\"https:\/\/www.ole.com.ar\/autos\/certeza-alpine-cara-2026-colapinto-espera-renault-ceo-provost_0_KUMIrgcJf1.html\" aria-label=\"La certeza de Alpine de cara a 2026 mientras Colapinto espera para tener su butaca garantizada\" class=\"sc-198398ff-0 dGmAry\" rel=\"nofollow noopener\" target=\"_blank\"><img alt=\"La certeza de Alpine de cara a 2026 mientras Colapinto espera para tener su butaca garantizada\" loading=\"lazy\" width=\"290\" height=\"290\" decoding=\"async\" data-nimg=\"1\" style=\"color:transparent\" src=\"https:\/\/www.europesays.com\/es\/wp-content\/uploads\/2025\/09\/R7yOy_3Nd_290x290__1.jpg\"\/><\/p>\n<p>Mir\u00e1 tambi\u00e9nLa certeza de Alpine de cara a 2026 mientras Colapinto espera para tener su butaca garantizada<\/p>\n","protected":false},"excerpt":{"rendered":"17\/09\/2025 19:51hs. Flavio Briatore dej\u00f3 en claro hace una semana que la segunda butaca de Alpine para 2026&hellip;\n","protected":false},"author":2,"featured_media":121912,"comment_status":"","ping_status":"","sticky":false,"template":"","format":"standard","meta":{"footnotes":""},"categories":[270],"tags":[1331,168,25,24,306,6369,271,272,1723,23,167],"class_list":{"0":"post-121911","1":"post","2":"type-post","3":"status-publish","4":"format-standard","5":"has-post-thumbnail","7":"category-formula-1","8":"tag-alpine","9":"tag-deportes","10":"tag-es","11":"tag-espana","12":"tag-f1","13":"tag-flavio-briatore","14":"tag-formula-1","15":"tag-formula1","16":"tag-franco-colapinto","17":"tag-spain","18":"tag-sports"},"share_on_mastodon":{"url":"","error":""},"_links":{"self":[{"href":"https:\/\/www.europesays.com\/es\/wp-json\/wp\/v2\/posts\/121911","targetHints":{"allow":["GET"]}}],"collection":[{"href":"https:\/\/www.europesays.com\/es\/wp-json\/wp\/v2\/posts"}],"about":[{"href":"https:\/\/www.europesays.com\/es\/wp-json\/wp\/v2\/types\/post"}],"author":[{"embeddable":true,"href":"https:\/\/www.europesays.com\/es\/wp-json\/wp\/v2\/users\/2"}],"replies":[{"embeddable":true,"href":"https:\/\/www.europesays.com\/es\/wp-json\/wp\/v2\/comments?post=121911"}],"version-history":[{"count":0,"href":"https:\/\/www.europesays.com\/es\/wp-json\/wp\/v2\/posts\/121911\/revisions"}],"wp:featuredmedia":[{"embeddable":true,"href":"https:\/\/www.europesays.com\/es\/wp-json\/wp\/v2\/media\/121912"}],"wp:attachment":[{"href":"https:\/\/www.europesays.com\/es\/wp-json\/wp\/v2\/media?parent=121911"}],"wp:term":[{"taxonomy":"category","embeddable":true,"href":"https:\/\/www.europesays.com\/es\/wp-json\/wp\/v2\/categories?post=121911"},{"taxonomy":"post_tag","embeddable":true,"href":"https:\/\/www.europesays.com\/es\/wp-json\/wp\/v2\/tags?post=121911"}],"curies":[{"name":"wp","href":"https:\/\/api.w.org\/{rel}","templated":true}]}}