{"id":121915,"date":"2025-09-17T23:42:12","date_gmt":"2025-09-17T23:42:12","guid":{"rendered":"https:\/\/www.europesays.com\/es\/121915\/"},"modified":"2025-09-17T23:42:12","modified_gmt":"2025-09-17T23:42:12","slug":"punter-lidera-el-triunfo-coral-del-barca-ante-morabanc-andorra","status":"publish","type":"post","link":"https:\/\/www.europesays.com\/es\/121915\/","title":{"rendered":"Punter lidera el triunfo coral del Bar\u00e7a ante Morabanc Andorra"},"content":{"rendered":"<p class=\"ft-text\"><a class=\"ft-link ft-link--decoration\" href=\"https:\/\/www.sport.es\/es\/barca\/baloncesto\/\" rel=\"nofollow noopener\" target=\"_blank\"><strong>El Bar\u00e7a arranc\u00f3 con buen pie su andadura en la Lliga Catalana<\/strong><\/a> tras superar a <strong>Morabanc Andorra<\/strong> por <strong>81-90.<\/strong> El equipo de <strong>Joan Pe\u00f1arroya<\/strong> domin\u00f3 el encuentro en todo momento bien liderado por <strong>Kevin Punter,<\/strong> autor de 16 tantos. <strong>El conjunto azulgrana perdi\u00f3 18 balones,<\/strong> la gran asignatura a mejorar de cara al partido del viernes ante el Joventut (21h) en el que se jugar\u00e1n el pase a la gran final del domingo.<\/p>\n<p><img decoding=\"async\" src=\"https:\/\/www.europesays.com\/es\/wp-content\/uploads\/2025\/09\/mora-banc-andorra-png.png\" width=\"35\" height=\"35\" alt=\"MORABANC ANDORRA, 81\" class=\"ft-mol-dataSheed__image\" loading=\"lazy\"\/><\/p>\n<p class=\"ft-text\">AND<\/p>\n<p>81<\/p>\n<p>90<\/p>\n<p><img decoding=\"async\" src=\"https:\/\/www.europesays.com\/es\/wp-content\/uploads\/2025\/08\/barca-4ccd3bc.png\" width=\"35\" height=\"35\" alt=\"BAR\u00c7A, 90\" class=\"ft-mol-dataSheed__image\" loading=\"lazy\"\/><\/p>\n<p class=\"ft-text\">FCB<\/p>\n<p>Alineaciones<\/p>\n<tr\/>\n<tr class=\"ft-mol-dataSheed__equipPlayers\">\n<td>(20+16+18+27): Evans (22), Ortega (3), Kuric (7), Pons (5), Udeze (4) -cinco inicial-, Best (9), Luz (4), Ganal (-), Bassas (5), Mckoy (15), Guerrero (2) y Pustovyi (5).<\/td>\n<\/tr>\n<tr class=\"ft-mol-dataSheed__equipPlayers\"><\/tr>\n<tr\/>\n<tr class=\"ft-mol-dataSheed__equipPlayers\">\n<td>(23+23+15+29): Cale (8), Norris (6), Hernang\u00f3mez (14), Laprov\u00edttola (2), Clyburn (13) -cinco inicial-, Punter (16), Vesely (2), Satoransky (12), Fall (7), Keita (-), Kusturica (2) y Parra (8).<\/td>\n<\/tr>\n<tr class=\"ft-mol-dataSheed__equipPlayers\"><\/tr>\n<p class=\"ft-text\">Una de las grandes noticias que dej\u00f3 el partido fue <strong>el regreso esperado de Jan Vesely.<\/strong> El p\u00edvot de Ostrava llevaba sin vestir la camiseta azulgrana desde el pasado 25 de abril, y tras una primera semana de entrenamientos junto al resto del grupo, <strong>Joan Pe\u00f1arroya<\/strong> ya le dio minutos ante el cuadro andorrano.<\/p>\n<p class=\"ft-text\">Tras un primer cuarto realmente re\u00f1ido, decantado por un triple sobre la bocina de <strong>Kevin Punter (20-23),<\/strong> el Bar\u00e7a puso una marcha m\u00e1s a partir del segundo cuarto. Willy Hernang\u00f3mez rindi\u00f3 a gran nivel, y el conjunto azulgrana se aprovechaba de las p\u00e9rdidas del conjunto de <strong>Joan Plaza<\/strong> (13 en la 1\u00aa parte). Con un triple de Miles Norris (29-38), el Bar\u00e7a se puso nueve arriba, pero entonces lleg\u00f3 la reacci\u00f3n andorrana, con un parcial de 5-0, que oblig\u00f3 a Pe\u00f1arroya a detener el encuentro.<\/p>\n<p>Juani Marcos se perdi\u00f3 el partido por una sobrecarga en el aductor<\/p>\n<p class=\"ft-text\">Pese a ello, el equipo catal\u00e1n logr\u00f3 volver a estirar la renta y se march\u00f3 a vestuarios con un +10 (36-46) gracias a un Tomas Satoransky entonado en los minutos finales de primera mitad. Unos 20 minutos iniciales en los que tuvo minutos el joven <strong>Nikola Kusturica,<\/strong> atrevido tal y como se viene viendo durante la pretemporada, y que complet\u00f3 la convocatoria junto a Sayon Keita. <strong>El alero serbio super\u00f3 a Eric Vila como el debutante m\u00e1s joven en partido oficial en el Bar\u00e7a (16 a\u00f1os, 4 meses y 17 d\u00edas).<\/strong> Un r\u00e9cord que le podr\u00eda arrebatar estos d\u00edas <strong>Mohamed Dabone<\/strong> en caso de que Pe\u00f1arroya cuente con \u00e9l en el torneo.<strong>Tornike Shengelia, <\/strong>todav\u00eda sin entrenar con el resto del equipo, fue baja junto a<strong> Dar\u00edo Brizuela, Juan N\u00fa\u00f1ez y Juani Marcos,<\/strong> este \u00faltimo con una sobrecarga en el aductor de su pierna derecha.<\/p>\n<p><img decoding=\"async\" src=\"https:\/\/www.europesays.com\/es\/wp-content\/uploads\/2025\/09\/fb2e4c7b-1ab5-4296-baeb-0887165372e1_alta-libre-aspect-ratio_default_0.jpg\" width=\"1200\" height=\"675\" alt=\"Willy Hernang\u00f3mez completando un potente mate ante Andorra\" class=\"ft-helper-img-rd\" loading=\"lazy\" hasdataaida=\"true\"\/><\/p>\n<p class=\"ft-helper-fontColor-quaternary ft-helper-fontSize-body-S ft-helper-spacer-t-xxs\">Willy Hernang\u00f3mez completando un potente mate ante Andorra  \/ FCBQ<\/p>\n<p class=\"ft-text\">Punter arranc\u00f3 a lo grande el tercer periodo, con dos triples pr\u00e1cticamente consecutivos y un alley-oop con <strong>Will Clyburn.<\/strong> Se escap\u00f3 el Bar\u00e7a hasta el +12 (43-55), pero el ataque del conjunto azulgrana se espes\u00f3, mientras que Plaza pareci\u00f3 dar con la tecla. M\u00e1s agresivos y con mayor acierto gracias a la irrupci\u00f3n de <strong>Aaron Best,<\/strong> Morabanc fue reduciendo la desventaja hasta colocarse con un 54-61 con el que entr\u00f3 al asalto final.<\/p>\n<p class=\"ft-text\"><strong>Hernang\u00f3mez aport\u00f3 buenos minutos al inicio del cuarto,<\/strong> imparable en la pintura y mostr\u00e1ndose muy activo en ataque (58-67). Y Clyburn, que tan buenas sensaciones est\u00e1 dejando en la pretemporada, irrumpi\u00f3 con siete puntos consecutivos que lanzaron al cuadro azulgrana en el marcador (63-78).<\/p>\n<p>Clyburn finiquit\u00f3 el duelo<\/p>\n<p class=\"ft-text\">Quedaban cuatro minutos para terminar el choque, y pese a que <strong>Andorra no baj\u00f3 los brazos en ning\u00fan momento,<\/strong> no le dio para so\u00f1ar con la remontada. Un triple de &#8216;Sato&#8217; liquid\u00f3 el duelo a falta de un minuto, y al final, el Bar\u00e7a se apunt\u00f3 la victoria por 81-90.<\/p>\n<p class=\"ft-text\">Este jueves, <strong>Andorra se medir\u00e1 al Joventut<\/strong> (21h) en el segundo partido del grupo 2. Y para el viernes, el gran plato fuerte como ser\u00e1 ese derbi entre Bar\u00e7a y Penya, con el reencuentro de <strong>Ricky Rubio<\/strong> con el conjunto azulgrana (21h).<\/p>\n","protected":false},"excerpt":{"rendered":"El Bar\u00e7a arranc\u00f3 con buen pie su andadura en la Lliga Catalana tras superar a Morabanc Andorra por&hellip;\n","protected":false},"author":2,"featured_media":121916,"comment_status":"","ping_status":"","sticky":false,"template":"","format":"standard","meta":{"footnotes":""},"categories":[268],"tags":[10098,299,2296,5293,168,25,24,280,282,40025,5814,281,23,167],"class_list":{"0":"post-121915","1":"post","2":"type-post","3":"status-publish","4":"format-standard","5":"has-post-thumbnail","7":"category-futbol","8":"tag-andorra","9":"tag-baloncesto","10":"tag-barca","11":"tag-cronica","12":"tag-deportes","13":"tag-es","14":"tag-espana","15":"tag-football","16":"tag-futbol","17":"tag-lliga-catalana","18":"tag-resultado","19":"tag-soccer","20":"tag-spain","21":"tag-sports"},"share_on_mastodon":{"url":"","error":""},"_links":{"self":[{"href":"https:\/\/www.europesays.com\/es\/wp-json\/wp\/v2\/posts\/121915","targetHints":{"allow":["GET"]}}],"collection":[{"href":"https:\/\/www.europesays.com\/es\/wp-json\/wp\/v2\/posts"}],"about":[{"href":"https:\/\/www.europesays.com\/es\/wp-json\/wp\/v2\/types\/post"}],"author":[{"embeddable":true,"href":"https:\/\/www.europesays.com\/es\/wp-json\/wp\/v2\/users\/2"}],"replies":[{"embeddable":true,"href":"https:\/\/www.europesays.com\/es\/wp-json\/wp\/v2\/comments?post=121915"}],"version-history":[{"count":0,"href":"https:\/\/www.europesays.com\/es\/wp-json\/wp\/v2\/posts\/121915\/revisions"}],"wp:featuredmedia":[{"embeddable":true,"href":"https:\/\/www.europesays.com\/es\/wp-json\/wp\/v2\/media\/121916"}],"wp:attachment":[{"href":"https:\/\/www.europesays.com\/es\/wp-json\/wp\/v2\/media?parent=121915"}],"wp:term":[{"taxonomy":"category","embeddable":true,"href":"https:\/\/www.europesays.com\/es\/wp-json\/wp\/v2\/categories?post=121915"},{"taxonomy":"post_tag","embeddable":true,"href":"https:\/\/www.europesays.com\/es\/wp-json\/wp\/v2\/tags?post=121915"}],"curies":[{"name":"wp","href":"https:\/\/api.w.org\/{rel}","templated":true}]}}