{"id":121917,"date":"2025-09-17T23:43:15","date_gmt":"2025-09-17T23:43:15","guid":{"rendered":"https:\/\/www.europesays.com\/es\/121917\/"},"modified":"2025-09-17T23:43:15","modified_gmt":"2025-09-17T23:43:15","slug":"el-gesto-mas-emotivo-de-irene-rosales-con-sus-hijas-tras-su-ruptura-con-kiko-rivera","status":"publish","type":"post","link":"https:\/\/www.europesays.com\/es\/121917\/","title":{"rendered":"El gesto m\u00e1s emotivo de Irene Rosales con sus hijas tras su ruptura con Kiko Rivera"},"content":{"rendered":"<p id=\"et9XWkVorL\" data-wc=\"121\">La separaci\u00f3n de <strong>Kiko Rivera e Irene Rosales,<\/strong> que <a class=\"hm-link ho-link\" href=\"https:\/\/www.hola.com\/actualidad\/20250903853665\/la-radical-decision-de-kiko-rivera-tras-su-separacion\/\" data-mrf-recirculation=\"article-body-link\" rel=\"nofollow noopener\" target=\"_blank\">ha sido cordial y sin terceras personas implicadas<\/a>, pill\u00f3 a todos por sorpresa. Tras once a\u00f1os de relaci\u00f3n, nueve de ellos como marido y mujer, y con dos hijas en com\u00fan, decidieron tomar caminos por separado. \u00abEsto es un matrimonio que se ha separado y es una cosa de \u00e9l y m\u00eda, y fin. Lo vamos a hacer lo mejor posible por nuestras hijas\u00bb, declar\u00f3 la excolaboradora de televisi\u00f3n tras conocerse la noticia. En esta ruptura, sus hijas, Ana (9) y Carlota (7), son la prioridad absoluta, ya que ambos quieren seguir siendo padres presentes pase lo que pase. La influencer lo ha demostrado recientemente con un gesto muy especial hacia ellas.<\/p>\n<p> <img src=\"https:\/\/www.europesays.com\/es\/wp-content\/uploads\/2025\/09\/f65b51a55151-dlu589836008.jpg\"   width=\"673\" height=\"1024\" loading=\"lazy\" decoding=\"async\" alt=\"Irene Rosales en Sevilla el 28 de agosto de 2025\" fetchpriority=\"auto\" class=\"image ho-image\"\/>\u00a9 GTRES<\/p>\n<p id=\"exw_Ewra7P\" data-wc=\"122\">Irene Rosales siempre ha dejado claro que el motor de su vida es su familia y que nada es m\u00e1s importante para ella que la felicidad de sus ni\u00f1as. Por ello, en medio del hurac\u00e1n de su separaci\u00f3n con Kiko Rivera, se mantiene firme y aprovecha cada momento con ellas. A trav\u00e9s de sus redes sociales, la que fuera colaboradora de diversos programas de Telecinco ha mostrado el \u00faltimo gesto de cari\u00f1o que ha tenido hacia sus hijas. Ha compartido una instant\u00e1nea en la que aparece una bolsa con la comida de las peque\u00f1as. Sobre uno de los\u00a0tupper, junto a un batido de fresa, ha dejado una nota sencilla, pero con palabras contundentes que reflejan el amor que siente por ellas.<\/p>\n<p> <img src=\"https:\/\/www.europesays.com\/es\/wp-content\/uploads\/2025\/09\/8bf0f088ee68-55022746118525637993057023271482489365675992n.jpg\"   width=\"576\" height=\"1024\" loading=\"lazy\" decoding=\"async\" alt=\"Media Image\" fetchpriority=\"auto\" class=\"image ho-image\"\/>\u00a9 irenerova24<\/p>\n<p id=\"enLlBL8zpa\" data-wc=\"89\"><strong>\u00abSonr\u00ede. El mundo es m\u00e1s bonito contigo\u00bb,\u00a0<\/strong>son las primeras palabras que se leen en este post-it de color amarillo, escrito a mano por la creadora de contenido. A continuaci\u00f3n, les recuerda lo especiales que son para ella: <strong>\u00abTe quiero con locura\u00bb,<\/strong> acompa\u00f1ado de una carita sonriente. <a class=\"hm-link ho-link\" href=\"https:\/\/www.hola.com\/actualidad\/20250902853430\/irene-rosales-rompe-su-silencio-que-dejen-de-nombrar-a-terceras-personas\/\" data-mrf-recirculation=\"article-body-link\" rel=\"nofollow noopener\" target=\"_blank\">Un precioso gesto de Irene Rosales<\/a> \u2014quien conoci\u00f3 a Kiko porque iba a participar en uno de sus videoclips y antes de comenzar su relaci\u00f3n fueron amigos\u2014 hacia sus hijas, pensado para alegrarles el d\u00eda y hacerlas sonre\u00edr al coger su comida.<\/p>\n<p> <img src=\"https:\/\/www.europesays.com\/es\/wp-content\/uploads\/2025\/09\/74065928ada8-europapress6944609irenerosaleskikoriverajuntohijaanacaminocolegio10s.jpg\"   width=\"1024\" height=\"682\" loading=\"lazy\" decoding=\"async\" alt=\"Irene, de la mano de Carlota, mientras Kiko camina por delante\" fetchpriority=\"auto\" class=\"image ho-image\"\/>\u00a9 Europa PressIrene, de la mano de Carlota, mientras Kiko camina por delante<\/p>\n<p> <img src=\"https:\/\/www.europesays.com\/es\/wp-content\/uploads\/2025\/09\/0981e40d201a-europapress6944645irenerosaleskikoriveradejarhijacolegio10septiembre2.jpg\"   width=\"1024\" height=\"682\" loading=\"lazy\" decoding=\"async\" alt=\"Media Image\" fetchpriority=\"auto\" class=\"image ho-image\"\/>\u00a9 Europa Press<\/p>\n<p id=\"eYKcA93RC1\" data-wc=\"145\">El pasado 10 de septiembre, a pesar de encontrarse en mitad de su separaci\u00f3n, Irene Rosales y Kiko Rivera dejaron a un lado sus diferencias por un motivo muy especial: acompa\u00f1ar a las ni\u00f1as al colegio en su primer d\u00eda del nuevo curso escolar. \u00a0Primero, acudieron al centro escolar de la mayor, donde vimos a<strong>\u00a0Kiko muy cari\u00f1oso con su peque\u00f1a, a la que abraz\u00f3 mientras caminaban y charlaban\u00a0<\/strong>como si nada. Posteriormente, realizaron el mimo paseo pero con Carlota. Unas im\u00e1genes con las que confirmaban que su prioridad es el bienestar familiar. <strong>\u00abNo es de extra\u00f1ar. Somos padres y lo vamos a ser toda la vida\u00bb,<\/strong> declar\u00f3 la exmujer del Dj cuando la prensa le pregunt\u00f3 por esta situaci\u00f3n. Tal y como public\u00f3 \u00a1HOLA!, la relaci\u00f3n entre ambos es buena y<a class=\"hm-link ho-link\" href=\"https:\/\/www.hola.com\/actualidad\/20250830852858\/kiko-e-irene-frente-a-los-escandalos-mentiras-y-secretos-no-habra-sangre\/\" data-mrf-recirculation=\"article-body-link\" rel=\"nofollow noopener\" target=\"_blank\">\u00a0su intenci\u00f3n es seguir unidos contra viento y marea, sin entrar en pol\u00e9micas<\/a>.\u00a0<\/p>\n<p> <img src=\"https:\/\/www.europesays.com\/es\/wp-content\/uploads\/2025\/09\/1758152593_728_28b0542a2a4e-europapress6944598irenerosaleskikoriveracaminocolegio10septiembre2025.jpg\"   width=\"682\" height=\"1024\" loading=\"lazy\" decoding=\"async\" alt=\"Media Image\" fetchpriority=\"auto\" class=\"image ho-image\"\/>\u00a9 Europa Press<br \/>\nEl comunicado de Kiko Rivera a la separaci\u00f3n<\/p>\n<p id=\"eKgIx-2HcK\" data-wc=\"250\">\u00abQuiero dejar claro algo desde el principio: no voy a sacar partido econ\u00f3mico de esta situaci\u00f3n, ni voy a acudir a televisi\u00f3n para hablar de mi vida privada. Me ha costado mucho llegar a esta paz mental, y por eso hoy escribir\u00e9 estas palabras\u2026 y despu\u00e9s comenzar\u00e9 a adaptarme a mi nueva vida. Despu\u00e9s de 11 a\u00f1os de relaci\u00f3n y dos hijas en com\u00fan, mi mujer y yo hemos decidido separar nuestros caminos. No es f\u00e1cil. Nunca lo es. Tomar la decisi\u00f3n correcta a veces es lo m\u00e1s dif\u00edcil, pero tambi\u00e9n lo m\u00e1s necesario. Y en este caso, lo hacemos con respeto, con gratitud y con la certeza de que lo m\u00e1s importante seguir\u00e1 siendo lo mismo: nuestras ni\u00f1as. Ellas son la mayor prueba del amor que hubo, y seguir\u00e1n siendo el motor que nos una de por vida. Seremos padres siempre, y ese lazo no se rompe con una separaci\u00f3n. Hablo desde la madurez de aceptar que a veces soltar es la mejor manera de cuidar lo que realmente importa. Lo vivido queda en el coraz\u00f3n, y lo que viene, aunque diferente, puede ser m\u00e1s sano, m\u00e1s real y m\u00e1s honesto. Hoy cierro un cap\u00edtulo con gratitud, pero abro otro con esperanza. La vida contin\u00faa, y estoy convencido de que lo mejor a\u00fan est\u00e1 por llegar. Porque a veces lo que m\u00e1s duele es lo que finalmente nos hace m\u00e1s fuertes. Hoy no empieza un final, empieza una transformaci\u00f3n\u00bb, escribi\u00f3 el hijo de Isabel Pantoja en sus redes sociales.<\/p>\n<p> <img src=\"https:\/\/www.europesays.com\/es\/wp-content\/uploads\/2025\/09\/659720557357-kiko-rivera-ig6.jpg\"   width=\"1024\" height=\"1024\" loading=\"lazy\" decoding=\"async\" alt=\"Media Image\" fetchpriority=\"auto\" class=\"image ho-image\"\/>\u00a9 Kiko Rivera<br \/>\nSu historia de amor<\/p>\n<p id=\"enNy2fLGSI\" data-wc=\"138\"><strong data-gid=\"eiZNZqXXF9\">Kiko e Irene se conocieron<\/strong> gracias a un amigo en com\u00fan. <a class=\"hm-link ho-link\" href=\"https:\/\/www.hola.com\/actualidad\/20211029198679\/kiko-rivera-irene-rosales-como-se-conocieron-nf\/\" data-mrf-recirculation=\"article-body-link\" rel=\"nofollow noopener\" target=\"_blank\">\u00c9l se qued\u00f3 prendado de ella<\/a> y le propuso participar en uno de sus videoclips, pero tras una cita fallida, decidieron conocerse primero como amigos. Fue en<a class=\"hm-link ho-link\" href=\"https:\/\/www.hola.com\/actualidad\/20200524168607\/kiko-rivera-irene-rosales-sexto-aniversario\/\" data-mrf-recirculation=\"article-body-link\" rel=\"nofollow noopener\" target=\"_blank\">\u00a0mayo de 2014 cuando ambos dieron un paso al frente e iniciaron su relaci\u00f3n<\/a>. Pronto se convirtieron en una de las parejas del momento, inseparables en cada una de sus apariciones. <strong data-gid=\"elsfR-Q_3W\">El 7 de octubre de 2016 se daban el &#8216;s\u00ed, quiero&#8217; en<\/strong><a class=\"hm-link ho-link\" href=\"https:\/\/www.hola.com\/actualidad\/2016100988894\/boda-kiko-rivera-irene-rosales-portada\/\" data-mrf-recirculation=\"article-body-link\" rel=\"nofollow noopener\" target=\"_blank\">\u00a0una de las bodas m\u00e1s esperadas y de la que \u00a1HOLA! fue testigo de excepci\u00f3n<\/a>. La pareja se cas\u00f3 en la Hacienda de los Parrales, en Sanl\u00facar la Mayor (Sevilla) ante m\u00e1s de 300 invitados y con la notable presencia de Isabel Pantoja, que no pudo reprimir su alegr\u00eda ante un d\u00eda tan especial para su hijo.<\/p>\n<p> <img src=\"https:\/\/www.europesays.com\/es\/wp-content\/uploads\/2025\/09\/fa15fbae6cb6-get.jpg\"   width=\"1024\" height=\"1024\" loading=\"lazy\" decoding=\"async\" alt=\"Kiko Rivera e Irene Rosales celebran el cumplea\u00f1os de Ana con tarta y globos\" fetchpriority=\"auto\" class=\"image ho-image\"\/>\u00a9 riverakiko<\/p>\n","protected":false},"excerpt":{"rendered":"La separaci\u00f3n de Kiko Rivera e Irene Rosales, que ha sido cordial y sin terceras personas implicadas, pill\u00f3&hellip;\n","protected":false},"author":2,"featured_media":121918,"comment_status":"","ping_status":"","sticky":false,"template":"","format":"standard","meta":{"footnotes":""},"categories":[174],"tags":[517,255,253,146,147,25,24,256,30468,12466,23],"class_list":{"0":"post-121917","1":"post","2":"type-post","3":"status-publish","4":"format-standard","5":"has-post-thumbnail","7":"category-famosos","8":"tag-actualidad","9":"tag-celebrities","10":"tag-discover","11":"tag-entertainment","12":"tag-entretenimiento","13":"tag-es","14":"tag-espana","15":"tag-famosos","16":"tag-irene-rosales","17":"tag-kiko-rivera","18":"tag-spain"},"share_on_mastodon":{"url":"","error":""},"_links":{"self":[{"href":"https:\/\/www.europesays.com\/es\/wp-json\/wp\/v2\/posts\/121917","targetHints":{"allow":["GET"]}}],"collection":[{"href":"https:\/\/www.europesays.com\/es\/wp-json\/wp\/v2\/posts"}],"about":[{"href":"https:\/\/www.europesays.com\/es\/wp-json\/wp\/v2\/types\/post"}],"author":[{"embeddable":true,"href":"https:\/\/www.europesays.com\/es\/wp-json\/wp\/v2\/users\/2"}],"replies":[{"embeddable":true,"href":"https:\/\/www.europesays.com\/es\/wp-json\/wp\/v2\/comments?post=121917"}],"version-history":[{"count":0,"href":"https:\/\/www.europesays.com\/es\/wp-json\/wp\/v2\/posts\/121917\/revisions"}],"wp:featuredmedia":[{"embeddable":true,"href":"https:\/\/www.europesays.com\/es\/wp-json\/wp\/v2\/media\/121918"}],"wp:attachment":[{"href":"https:\/\/www.europesays.com\/es\/wp-json\/wp\/v2\/media?parent=121917"}],"wp:term":[{"taxonomy":"category","embeddable":true,"href":"https:\/\/www.europesays.com\/es\/wp-json\/wp\/v2\/categories?post=121917"},{"taxonomy":"post_tag","embeddable":true,"href":"https:\/\/www.europesays.com\/es\/wp-json\/wp\/v2\/tags?post=121917"}],"curies":[{"name":"wp","href":"https:\/\/api.w.org\/{rel}","templated":true}]}}