{"id":121919,"date":"2025-09-17T23:44:17","date_gmt":"2025-09-17T23:44:17","guid":{"rendered":"https:\/\/www.europesays.com\/es\/121919\/"},"modified":"2025-09-17T23:44:17","modified_gmt":"2025-09-17T23:44:17","slug":"nunca-pintaria-una-tostada-de-aguacate-porque-no-forma-parte-de-mi-dia-a-dia","status":"publish","type":"post","link":"https:\/\/www.europesays.com\/es\/121919\/","title":{"rendered":"\u201cNunca pintar\u00eda una tostada de aguacate porque no forma parte de mi d\u00eda a d\u00eda\u201d"},"content":{"rendered":"<p class=\"ft-text ft-helper-closenews\"><strong>Salmonetes, pijotas, aced\u00edas, boquerones\u2026<\/strong> suena a comanda de bar gaditano (y lo es) pero tambi\u00e9n son los protagonistas de algunos de los cuadros m\u00e1s recientes de <strong>Pepe Baena<\/strong> (C\u00e1diz, 1979). Baena tiene 46 a\u00f1os y empez\u00f3 a pintar hace \u2018solo\u2019 tres lustros. A los 31 a\u00f1os, este c\u00e1mara de profesi\u00f3n empez\u00f3 una nueva afici\u00f3n que ha ido ganando peso en su vida de forma acelerada.<\/p>\n<p class=\"ft-text\">El arte de Baena impresiona: sus cuadros, de estilo realista, captan lo cotidiano sin alharacas ni disfraces.<strong> &#8216;Cola Cao con tortas de In\u00e9s Rosales\u2019<\/strong> o <strong>&#8216;Cola Cao con galletas\u2019<\/strong> son los t\u00edtulos de dos de sus obras. \u201c<strong>Son, sencillamente, los desayunos de mis tres hijos<\/strong>\u201d, explica en una conversaci\u00f3n telef\u00f3nica desde Cuba, donde pasa unos d\u00edas con amigos. Su representaci\u00f3n de algo tan sencillo y tan cotidiano llega a todos. \u201c<strong>Creo que a la gente le gusta lo que hago porque lo conectan con lo que viven en su d\u00eda a d\u00eda<\/strong>\u201d, a\u00f1ade. <strong>Los precios de sus obras oscilan entre los 1.500 euros de los bodegones peque\u00f1os (de 30 x 30 cent\u00edmetros) y los 12.000 para los cuadros de gran formato.<\/strong><\/p>\n<p class=\"ft-text\">\u00ab<strong>Mis referentes son Zurbar\u00e1n, Vel\u00e1zquez y Antonio L\u00f3pez<\/strong>\u201d, sentencia. A Baena siempre le hab\u00eda gustado la pintura e ir a museos pero fue pasados los 30, al apuntarse a clases para coger un pincel, cuando el genio brot\u00f3: \u201cMe enganch\u00e9 completamente\u201d, confiesa.<strong> Cuenta ya con varios premios importantes a nivel nacional<\/strong> &#8211; entre ellos el Ciudad de Tomelloso, con el propio Antonio L\u00f3pez en el jurado-. Su nombre se ha asentado como representante de una tradici\u00f3n espa\u00f1ola de pintura realista en la que no resulta tan sencillo encontrar ejemplos actuales.<\/p>\n<p>Gurmet y pintor<\/p>\n<p class=\"ft-text\">Pero, \u00bfpor qu\u00e9 pintar (sobre todo) comida? \u201cBueno, a mi <strong>la verdad es que me gusta mucho comer <\/strong>(risas) y siempre me hab\u00edan gustado los bodegones, que creo que han tenido un peso muy importante en la pintura espa\u00f1ola\u201d.<\/p>\n<p class=\"ft-text\">El d\u00eda de Baena comienza temprano: \u201c<strong>Me suelo levantar a las 7 de la ma\u00f1ana. Me paso la ma\u00f1ana pintando en el estudio y a las 12 y media m\u00e1s o menos me voy al bar a tomar una cervecita al bar Pelayo<\/strong>, que est\u00e1 al lado\u201d. Es posible que acompa\u00f1e la ca\u00f1a de una tapa de <a class=\"ft-link ft-link--decoration\" href=\"https:\/\/www.elperiodico.com\/es\/que-hacer\/donde-comer\/20250502\/comer-mejor-pescado-pescadito-frito-barcelona-116924782\" rel=\"nofollow noopener\" target=\"_blank\">\u2018pesca\u00edto\u2019 frito<\/a>, una de sus comidas favoritas. \u201cLe tiro una foto y luego la pinto ya en el estudio. <strong>Los pescados gaditanos son mis musas<\/strong>\u201d. Su \u00e9xito como pintor ha hecho que haya reducido su jornada laboral a la mitad para darle m\u00e1s tiempo al pincel. \u201cPor la tarde, sigo pintando en casa en lugar de ponerme a ver la tele\u201d.<\/p>\n<p class=\"ft-text\">Las<strong> redes sociales<\/strong> han catapultado el trabajo de Baena, con m\u00e1s de 60.000 seguidores en Instagram. <strong>\u201cEs un escaparate brutal, como una galer\u00eda virtual que hace que tu arte llegue a todo el mundo<\/strong>\u201d. Esto ha posibilitado que sus cuadros cuelguen ya de paredes en casas de coleccionistas en los rincones m\u00e1s diversos del planeta. \u201c<strong>Al final es curioso porque lo que hago es universal<\/strong>. Una pintura que he vendido recientemente en \u00c1msterdam es de un descanso de una chirigota gaditana. En el cuadro se ve un cenicero y al lado <strong>una botella de cerveza de litro con varios vasos vac\u00edos<\/strong>. Eso se entiende en todo el mundo\u201d. Tambi\u00e9n encuentra la inspiraci\u00f3n fuera de su C\u00e1diz natal: \u201cMi mujer es italiana y cada vez que vamos me vuelvo loco con la cocina de su abuela. No se si es por la decoraci\u00f3n, por la luz\u2026 tiene algo muy especial y la he pintado varias veces\u201d.<\/p>\n<p class=\"ft-text\">El arte de Baena ha llamado ya la atenci\u00f3n de marcas, para las que trabaja siempre dentro de su l\u00ednea y sin comprometer su visi\u00f3n del mundo. \u201c<strong>Cruzcampo me pidi\u00f3 obras relacionadas con estar al fresco, con iconos de mi tierra como el mollete\u2026 cosas que forman parte de mi rutina<\/strong>. Al fin y al cabo, yo ya hab\u00eda sacado botellines de la cervecera en mis obras\u201d. Tambi\u00e9n <strong>he trabajado para Font Vella. Quer\u00edan que sacara su nueva botella en un cuadro y pint\u00e9 una comida en casa con mis ni\u00f1os<\/strong>\u201d.<\/p>\n<p class=\"ft-text\">Cuatro siglos separan una obra como el de <strong>\u2018Vieja friendo huevos\u2019 de Vel\u00e1zquez<\/strong> y las obras de Baena. \u201cViaj\u00e9 hace poco hasta Edimburgo para ver el cuadro, que est\u00e1 all\u00ed en la Galer\u00eda Nacional de Escocia. <strong>Me encanta porque representa c\u00f3mo se com\u00eda en aquella \u00e9poca<\/strong>. Me gustar\u00eda que si dentro de 300 a\u00f1os se siguen viendo mis pinturas alguien diga: \u2018As\u00ed es como se com\u00eda en C\u00e1diz en 2025\u201d.<\/p>\n<p class=\"ft-text\">A Baena le espera un oto\u00f1o ajetreado -con exposici\u00f3n en Madrid o participaci\u00f3n en la feria Estampa, tambi\u00e9n en la capital-. \u201cAll\u00ed voy a llevar muchos cuadros de \u2018pesca\u00edto\u2019, que son de peque\u00f1o formato, de 30 x 30. Y tambi\u00e9n <strong>una serie de pinturas que he hecho inspirado por la playa en verano, con la silla plegable, la cervecita, las patatas fritas, las chanclas\u2026<\/strong>\u201d. Tambi\u00e9n se muestra orgulloso de estar preseleccionado para el premio BMW de pintura, uno de los m\u00e1s prestigiosos del pa\u00eds. \u201cSolo nos han escogido a 30 de entre 1.900 obras presentadas\u201d. Y le hace feliz haberlo logrado desde la honestidad: \u201c<strong>Pinto lo que vivo, lo que como, lo que forma parte de mi\u2026 Por eso no me veo haciendo un cuadro de una tostada de aguacate. No ser\u00eda yo<\/strong>\u201d.<\/p>\n<p data-close=\"closedContent\" class=\"subscribeHideForDisplay\">Suscr\u00edbete para seguir leyendo<\/p>\n","protected":false},"excerpt":{"rendered":"Salmonetes, pijotas, aced\u00edas, boquerones\u2026 suena a comanda de bar gaditano (y lo es) pero tambi\u00e9n son los protagonistas&hellip;\n","protected":false},"author":2,"featured_media":121920,"comment_status":"","ping_status":"","sticky":false,"template":"","format":"standard","meta":{"footnotes":""},"categories":[173],"tags":[229,233,231,230,232,234,146,147,40133,25,24,4475,23],"class_list":{"0":"post-121919","1":"post","2":"type-post","3":"status-publish","4":"format-standard","5":"has-post-thumbnail","7":"category-arte-y-diseno","8":"tag-arte","9":"tag-arte-y-diseno","10":"tag-arts","11":"tag-arts-and-design","12":"tag-design","13":"tag-diseno","14":"tag-entertainment","15":"tag-entretenimiento","16":"tag-entrevista-pepe-baena-pintor-comida","17":"tag-es","18":"tag-espana","19":"tag-gastronomia","20":"tag-spain"},"share_on_mastodon":{"url":"","error":""},"_links":{"self":[{"href":"https:\/\/www.europesays.com\/es\/wp-json\/wp\/v2\/posts\/121919","targetHints":{"allow":["GET"]}}],"collection":[{"href":"https:\/\/www.europesays.com\/es\/wp-json\/wp\/v2\/posts"}],"about":[{"href":"https:\/\/www.europesays.com\/es\/wp-json\/wp\/v2\/types\/post"}],"author":[{"embeddable":true,"href":"https:\/\/www.europesays.com\/es\/wp-json\/wp\/v2\/users\/2"}],"replies":[{"embeddable":true,"href":"https:\/\/www.europesays.com\/es\/wp-json\/wp\/v2\/comments?post=121919"}],"version-history":[{"count":0,"href":"https:\/\/www.europesays.com\/es\/wp-json\/wp\/v2\/posts\/121919\/revisions"}],"wp:featuredmedia":[{"embeddable":true,"href":"https:\/\/www.europesays.com\/es\/wp-json\/wp\/v2\/media\/121920"}],"wp:attachment":[{"href":"https:\/\/www.europesays.com\/es\/wp-json\/wp\/v2\/media?parent=121919"}],"wp:term":[{"taxonomy":"category","embeddable":true,"href":"https:\/\/www.europesays.com\/es\/wp-json\/wp\/v2\/categories?post=121919"},{"taxonomy":"post_tag","embeddable":true,"href":"https:\/\/www.europesays.com\/es\/wp-json\/wp\/v2\/tags?post=121919"}],"curies":[{"name":"wp","href":"https:\/\/api.w.org\/{rel}","templated":true}]}}