{"id":121921,"date":"2025-09-17T23:45:20","date_gmt":"2025-09-17T23:45:20","guid":{"rendered":"https:\/\/www.europesays.com\/es\/121921\/"},"modified":"2025-09-17T23:45:20","modified_gmt":"2025-09-17T23:45:20","slug":"el-libro-periodistico-como-alternativa-a-la-inmediatez-semanario-universidad","status":"publish","type":"post","link":"https:\/\/www.europesays.com\/es\/121921\/","title":{"rendered":"El libro period\u00edstico como alternativa a la inmediatez \u2022 Semanario Universidad"},"content":{"rendered":"<p>\n  \t\t        Es un g\u00e9nero que se practica con m\u00e1s frecuencia en el mundo anglosaj\u00f3n y que en Espa\u00f1a conserva un nicho de valor, as\u00ed como en algunos pa\u00edses de Am\u00e9rica Latina, mientras que en Costa Rica sigue siendo una opci\u00f3n poco explotada.            <\/p>\n<p>Si el periodismo ha sufrido de inmediatez a lo largo de su historia, en los tiempos actuales, en los que la informaci\u00f3n se procesa en tiempo real, esa tendencia se eleva de forma exponencial y los temas, como elefantes viejos, mueren cada d\u00eda con una sorprendente facilidad.<\/p>\n<p>Hay manifestaciones, sin embargo, que procuran salvar de esa vor\u00e1gine a los asuntos que adquieren relevancia, sea por sus implicaciones sociales o por el tratamiento que los medios les dan en secciones especiales, como las de investigaci\u00f3n o en los rincones en los que todav\u00eda la palabra cr\u00f3nica conserva su ambig\u00fcedad y su riqueza semi\u00f3tica.<\/p>\n<p>En el caso de las editoriales, en Espa\u00f1a existe Libros del K.O., que desde 2011 se propuso publicar libros de corte period\u00edstico. A marzo de 2025, contabilizaba 160 libros editados.<\/p>\n<p>La denominaci\u00f3n libros period\u00edsticos, en algunos casos, se empata con la literatura de no ficci\u00f3n; no obstante, este es un concepto tan amplio que puede prestarse para malos entendidos.<\/p>\n<p><img fetchpriority=\"high\" decoding=\"async\" class=\"size-large wp-image-358313\" src=\"https:\/\/www.europesays.com\/es\/wp-content\/uploads\/2025\/09\/FOTO02-1-650x1024.jpeg\" alt=\"\" width=\"650\" height=\"1024\"  \/>La\u00a0 reimpresi\u00f3n de Las m\u00e1scaras del presidente ya se encuentra en librer\u00edas. (Portada: Uruk Editores)<\/p>\n<p>Lo cierto del caso es que en la multiplicidad de formatos y opciones para contar la realidad, el libro period\u00edstico sigue siendo una alternativa para abordar \u00e1reas de la vida humana que, de otra manera, no se podr\u00edan profundizar.<\/p>\n<p>Ni siquiera las opciones que ofrece la explosi\u00f3n de medios digitales cumple a cabalidad con que un autor tome un tema y lo convierta en una historia en la que explore aristas con una mayor amplitud.<\/p>\n<p>El g\u00e9nero del libro period\u00edstico es amplio en el mundo anglosaj\u00f3n, en Espa\u00f1a y en algunos pa\u00edses de Am\u00e9rica Latina, pero en Costa Rica todav\u00eda es una manifestaci\u00f3n espor\u00e1dica, que no llega a alcanzar un posicionamiento como tal.<\/p>\n<p>Si quien se adentra en las aguas turbulentas del libro period\u00edstico sabe navegar en ellas, puede obtener dividendos que ser\u00edan impensables en el diario digital o en los pocos peri\u00f3dicos impresos que todav\u00eda circulan.<\/p>\n<p>En ese sentido, su riqueza deber\u00eda servir para que desde la academia, en espacios en los que todav\u00eda se ense\u00f1a el oficio, se realice un estudio a profundidad\u00a0 y se encuentren las causas por las cuales, en Costa Rica, es apenas una manifestaci\u00f3n t\u00edmida y salpicada en el tiempo.<\/p>\n<p>Es decir, el pa\u00eds no goza de un movimiento que aproveche los fen\u00f3menos sociales, pol\u00edticos y deportivos, entre otros, para poner en las manos del lector un libro que procure agotar el asunto abordado, gracias a que lo profundiza en la mayor\u00eda de sus variantes.<\/p>\n<p>De esa forma, Costa Rica ha dejado pasar oportunidades inmejorables de ampliar pasajes de su historia reciente o pasada. As\u00ed es como, por ejemplo, muchos se quedaron esperando que alguien abordara al expresidente Abel Pacheco para que contara sus cuatro a\u00f1os en Zapote, al haber sido antes de su mandato, durante y posterior a \u00e9l, un personaje en el sentido cl\u00e1sico del t\u00e9rmino.<\/p>\n<p>Los casos en los que se ha practicado el libro period\u00edstico no abundan, aunque hay algunos esfuerzos. En 1990, luego del hito de Costa Rica en Italia 90, el entonces jugador de f\u00fatbol, Alexandre Guimaraes narr\u00f3 esa gesta, en colaboraci\u00f3n con el periodista Erwin Wino Knohr, en La gran fiesta. Carlos Morales cont\u00f3 la historia de los primeros 25 a\u00f1os del Semanario UNIVERSIDAD en \u00a1\u2026Y no los dejen respirar! Jos\u00e9 Le\u00f3n S\u00e1nchez escribi\u00f3 El crimen de Colima y fue un libro que, m\u00e1s all\u00e1 de la pugna que luego se dio por su autor\u00eda con Enrique Benavides, tuvo una gran relevancia.<\/p>\n<p>Si se analiza con detenimiento, el libro period\u00edstico sigue manteniendo intacto su atractivo. Uno de sus propulsores m\u00e1s coherentes del g\u00e9nero en las \u00faltimas dos d\u00e9cadas ha sido el escritor argentino Mart\u00edn Caparr\u00f3s, quien durante muchos a\u00f1os dio un taller en la Fundaci\u00f3n Gabo hasta que la enfermedad de la Esclerosis Lateral Amiotr\u00f3fica (ELA), lo priv\u00f3 de continuar con su proyecto.<\/p>\n<p>\u201cEsos libros son el refugio del mejor periodismo: ante la renuncia de la mayori\u0301a de los medios, que temen pagar intentos de cierta envergadura y usar su espacio para publicarlos, algunos de los periodistas ma\u0301s preparados, ma\u0301s inquietos, encuentran en ellos el lugar donde si\u0301 pueden hacer su trabajo\u201d, dice Caparr\u00f3s.<\/p>\n<p>Larga distancia (1992), El hambre (2014), Lacr\u00f3nica (2015), Una luna (2009) y Contra el cambio (2010) son cinco de varios libros period\u00edsticos escritos por Caparr\u00f3s.<\/p>\n<p>En Costa Rica, ya se encuentra de nuevo en librer\u00edas la primera reimpresi\u00f3n de Las m\u00e1scaras del presidente, de la periodista Patricia Navarro-Molina, libro en el que relata sus 117 d\u00edas al frente del Ministerio de Comunicaci\u00f3n en el gobierno de Rodrigo Chaves.Es un volumen dividido en siete partes, distribuidas a lo largo de 316 p\u00e1ginas.<\/p>\n<p>En definitiva, el libro period\u00edstico es una alternativa a la inmediatez y un espacio para la profundidad, por la que se apuesta en el \u00e1mbito iberoamericano y anglosaj\u00f3n, y que en Costa Rica todav\u00eda se mantiene en ciernes.<\/p>\n","protected":false},"excerpt":{"rendered":"Es un g\u00e9nero que se practica con m\u00e1s frecuencia en el mundo anglosaj\u00f3n y que en Espa\u00f1a conserva&hellip;\n","protected":false},"author":2,"featured_media":121922,"comment_status":"","ping_status":"","sticky":false,"template":"","format":"standard","meta":{"footnotes":""},"categories":[172],"tags":[224,146,147,25,24,225,23],"class_list":{"0":"post-121921","1":"post","2":"type-post","3":"status-publish","4":"format-standard","5":"has-post-thumbnail","7":"category-libros","8":"tag-books","9":"tag-entertainment","10":"tag-entretenimiento","11":"tag-es","12":"tag-espana","13":"tag-libros","14":"tag-spain"},"share_on_mastodon":{"url":"","error":""},"_links":{"self":[{"href":"https:\/\/www.europesays.com\/es\/wp-json\/wp\/v2\/posts\/121921","targetHints":{"allow":["GET"]}}],"collection":[{"href":"https:\/\/www.europesays.com\/es\/wp-json\/wp\/v2\/posts"}],"about":[{"href":"https:\/\/www.europesays.com\/es\/wp-json\/wp\/v2\/types\/post"}],"author":[{"embeddable":true,"href":"https:\/\/www.europesays.com\/es\/wp-json\/wp\/v2\/users\/2"}],"replies":[{"embeddable":true,"href":"https:\/\/www.europesays.com\/es\/wp-json\/wp\/v2\/comments?post=121921"}],"version-history":[{"count":0,"href":"https:\/\/www.europesays.com\/es\/wp-json\/wp\/v2\/posts\/121921\/revisions"}],"wp:featuredmedia":[{"embeddable":true,"href":"https:\/\/www.europesays.com\/es\/wp-json\/wp\/v2\/media\/121922"}],"wp:attachment":[{"href":"https:\/\/www.europesays.com\/es\/wp-json\/wp\/v2\/media?parent=121921"}],"wp:term":[{"taxonomy":"category","embeddable":true,"href":"https:\/\/www.europesays.com\/es\/wp-json\/wp\/v2\/categories?post=121921"},{"taxonomy":"post_tag","embeddable":true,"href":"https:\/\/www.europesays.com\/es\/wp-json\/wp\/v2\/tags?post=121921"}],"curies":[{"name":"wp","href":"https:\/\/api.w.org\/{rel}","templated":true}]}}