{"id":121923,"date":"2025-09-17T23:46:08","date_gmt":"2025-09-17T23:46:08","guid":{"rendered":"https:\/\/www.europesays.com\/es\/121923\/"},"modified":"2025-09-17T23:46:08","modified_gmt":"2025-09-17T23:46:08","slug":"es-tan-atroz-que-deberia-estar-por-encima-de-ser-de-derechas-o-izquierdas","status":"publish","type":"post","link":"https:\/\/www.europesays.com\/es\/121923\/","title":{"rendered":"Es tan atroz que deber\u00eda estar por encima de ser de derechas o izquierdas"},"content":{"rendered":"<p class=\"article-text\">\n        Como ya <a href=\"https:\/\/www.eldiario.es\/vertele\/noticias\/revuelta-anuncia-invitados-semana-destaca-silvia-alonso-actriz-increible-guapa_1_12605316.html\" target=\"_blank\" data-mrf-recirculation=\"links-noticia\" class=\"link\" rel=\"nofollow noopener\">hab\u00eda anunciado<\/a> <strong>David Broncano<\/strong> al inicio de semana en La Revuelta, este mi\u00e9rcoles acudieron como invitados <strong>Megan Montaner, Silvia Alonso y F\u00e9lix G\u00f3mez<\/strong> para promocionar la <a href=\"https:\/\/www.eldiario.es\/vertele\/series\/caza-estrena-temporada-4-oportunidad-movistar-plus-deseo-volver-monteperdido_1_12577285.html\" target=\"_blank\" data-mrf-recirculation=\"links-noticia\" class=\"link\" rel=\"nofollow noopener\">nueva temporada de<\/a><a href=\"https:\/\/www.eldiario.es\/vertele\/series\/caza-estrena-temporada-4-oportunidad-movistar-plus-deseo-volver-monteperdido_1_12577285.html\" target=\"_blank\" data-mrf-recirculation=\"links-noticia\" class=\"link\" rel=\"nofollow noopener\"><strong> La Caza<\/strong><\/a><strong>. <\/strong>\n    <\/p>\n<p>    <a href=\"https:\/\/www.eldiario.es\/noticias\/pepa-bueno-criticas-marilo-montero-enredarnos-defendernos-concentrarnos-hacerlo_1_12596843.html\" data-mrf-recirculation=\"saber-mas\" data-dl-event=\"saber-mas\" rel=\"nofollow noopener\" target=\"_blank\"><\/p>\n<p class=\"know-more__title\">Pepa Bueno, tras las cr\u00edticas de Maril\u00f3 Montero: \u00abPodemos enredarnos en defendernos o concentrarnos en hacerlo bien\u00bb<\/p>\n<p>            <img decoding=\"async\" class=\"lazy\" loading=\"lazy\" data-src=\"https:\/\/static.eldiario.es\/clip\/1de5be03-7041-4409-80f8-081e62e47d3e_16-9-aspect-ratio_default_0.jpg\" src=\"data:image\/svg+xml,%3Csvg xmlns=\" http:=\"\" viewbox=\"0 0 880 495\" alt=\"Pepa Bueno, tras las cr\u00edticas de Maril\u00f3 Montero: &quot;Podemos enredarnos en defendernos o concentrarnos en hacerlo bien&quot;\"\/><\/p>\n<p>                        <\/a><\/p>\n<p class=\"article-text\">\n        Frente a ellos, el presentador se propuso \u201chacer un programa profesional hablando de series\u201d y les pregunt\u00f3 por las primeras ficciones en las que trabajaron.\n    <\/p>\n<p class=\"article-text\">\n        Alonso record\u00f3 que fue <strong>Tierra de Lobos<\/strong>, con la que ahora se topa en<strong> Netflix<\/strong> y le da \u201cmucha verg\u00fcenza\u201d verse tan joven. \u201cEso era maravilloso, una especie de western en Extremadura\u201d, asegur\u00f3.\n    <\/p>\n<p class=\"article-text\">\n        Montaner desvel\u00f3 que tambi\u00e9n hizo el casting para la mencionada serie, pero ella tuvo su primer papel protagonista en <strong>El Secreto de Puente Viejo<\/strong>.\n    <\/p>\n<p class=\"article-text\">\n        Mientras que G\u00f3mez fue a\u00fan m\u00e1s para atr\u00e1s para recordar su paso por <strong>Al salir de clase<\/strong>, \u201ccreo que soy de los m\u00e1s mayores\u201d. Explic\u00f3 que grababa los cap\u00edtulos para verse y \u201cpoder mejorar\u201d.\n    <\/p>\n<blockquote class=\"twitter-tweet\" data-lang=\"es\"><p><a href=\"https:\/\/twitter.com\/X\/status\/1968421704285180130?ref_src=twsrc%5Etfw\" rel=\"nofollow noopener\" target=\"_blank\"><\/p><\/blockquote>\n<p class=\"article-text\">\n        Tras la charla y dar las respuestas a las preguntas cl\u00e1sicas, Alonso pidi\u00f3 la palabra para decir una \u00faltima cosa, fuera de la promoci\u00f3n de la seria, y sorprendi\u00f3 con un mensaje contra el genocidio en Palestina:\n    <\/p>\n<p class=\"article-text\">\n        \u201cEl lunes pasado hubo un acto en la Puerta del Sol donde se leyeron sin parar los nombres de los ni\u00f1os asesinados por Israel, no dio tiempo a leerlos todos porque son muchos\u201d, lament\u00f3. \u201c<strong>Las cifras oficiales son 18.500 pero se estiman que son muchos, muchos m\u00e1s<\/strong>, y a veces es importante pararse a pensar lo que significan estas cifras\u201d.\n    <\/p>\n<blockquote class=\"twitter-tweet\" data-lang=\"es\"><p><a href=\"https:\/\/twitter.com\/X\/status\/1968422962161492170?ref_src=twsrc%5Etfw\" rel=\"nofollow noopener\" target=\"_blank\"><\/p><\/blockquote>\n<p class=\"article-text\">\n        Y continu\u00f3: \u201cEs atroz, y no s\u00e9 si servir\u00e1 de algo decirlo aqu\u00ed, pero creo que es algo tan atroz que deber\u00eda estar por encima de ser de derechas o de izquierdas, y <strong>deber\u00edamos encontrar la manera de alinearnos frente a la obviedad porque hay un genocidio\u201d. <\/strong>\n    <\/p>\n<p>    <a href=\"https:\/\/www.eldiario.es\/vertele\/noticias\/marta-flich-salto-directo-grano-rtve-barbaridades-andrea-levy-no-permitir_1_12608927.html\" data-mrf-recirculation=\"saber-mas-abajo\" data-dl-event=\"saber-mas-abajo\" rel=\"nofollow noopener\" target=\"_blank\"><\/p>\n<p class=\"know-more__title\">Marta Flich salt\u00f3 en &#8216;Directo al grano&#8217; de RTVE ante las \u201cbarbaridades\u201d de Andrea Levy: \u201cNo te lo voy a permitir\u201d<\/p>\n<p>            <img decoding=\"async\" class=\"lazy\" loading=\"lazy\" data-src=\"https:\/\/static.eldiario.es\/clip\/6687022d-c6a6-4935-8b9c-22870cfcad1f_16-9-aspect-ratio_default_0.jpg\" src=\"data:image\/svg+xml,%3Csvg xmlns=\" http:=\"\" viewbox=\"0 0 880 495\" alt=\"Marta Flich salt\u00f3 en 'Directo al grano' de RTVE ante las &quot;barbaridades&quot; de Andrea Levy: &quot;No te lo voy a permitir&quot;\"\/><\/p>\n<p>                        <\/a><\/p>\n<p class=\"article-text\">\n        El p\u00fablico arranc\u00f3 a aplaudir, mostrando banderas palestinas, mientras Broncano desped\u00eda a los invitados: \u201c<strong>Suscribimos el mensaje<\/strong>, despu\u00e9s de esto creo que no hay mucho m\u00e1s que a\u00f1adir\u201d.\n    <\/p>\n<p>                                    <script async src=\"https:\/\/platform.twitter.com\/widgets.js\" charset=\"utf-8\"><\/script><\/p>\n","protected":false},"excerpt":{"rendered":"Como ya hab\u00eda anunciado David Broncano al inicio de semana en La Revuelta, este mi\u00e9rcoles acudieron como invitados&hellip;\n","protected":false},"author":2,"featured_media":121924,"comment_status":"","ping_status":"","sticky":false,"template":"","format":"standard","meta":{"footnotes":""},"categories":[171],"tags":[3732,40134,10371,38744,146,147,25,24,40135,76,528,15615,23,214],"class_list":{"0":"post-121923","1":"post","2":"type-post","3":"status-publish","4":"format-standard","5":"has-post-thumbnail","7":"category-tv","8":"tag-alonso","9":"tag-atroz","10":"tag-deberia","11":"tag-derechas","12":"tag-entertainment","13":"tag-entretenimiento","14":"tag-es","15":"tag-espana","16":"tag-izquierdas","17":"tag-palestina","18":"tag-revuelta","19":"tag-silvia","20":"tag-spain","21":"tag-tv"},"share_on_mastodon":{"url":"","error":""},"_links":{"self":[{"href":"https:\/\/www.europesays.com\/es\/wp-json\/wp\/v2\/posts\/121923","targetHints":{"allow":["GET"]}}],"collection":[{"href":"https:\/\/www.europesays.com\/es\/wp-json\/wp\/v2\/posts"}],"about":[{"href":"https:\/\/www.europesays.com\/es\/wp-json\/wp\/v2\/types\/post"}],"author":[{"embeddable":true,"href":"https:\/\/www.europesays.com\/es\/wp-json\/wp\/v2\/users\/2"}],"replies":[{"embeddable":true,"href":"https:\/\/www.europesays.com\/es\/wp-json\/wp\/v2\/comments?post=121923"}],"version-history":[{"count":0,"href":"https:\/\/www.europesays.com\/es\/wp-json\/wp\/v2\/posts\/121923\/revisions"}],"wp:featuredmedia":[{"embeddable":true,"href":"https:\/\/www.europesays.com\/es\/wp-json\/wp\/v2\/media\/121924"}],"wp:attachment":[{"href":"https:\/\/www.europesays.com\/es\/wp-json\/wp\/v2\/media?parent=121923"}],"wp:term":[{"taxonomy":"category","embeddable":true,"href":"https:\/\/www.europesays.com\/es\/wp-json\/wp\/v2\/categories?post=121923"},{"taxonomy":"post_tag","embeddable":true,"href":"https:\/\/www.europesays.com\/es\/wp-json\/wp\/v2\/tags?post=121923"}],"curies":[{"name":"wp","href":"https:\/\/api.w.org\/{rel}","templated":true}]}}