{"id":121929,"date":"2025-09-17T23:50:10","date_gmt":"2025-09-17T23:50:10","guid":{"rendered":"https:\/\/www.europesays.com\/es\/121929\/"},"modified":"2025-09-17T23:50:10","modified_gmt":"2025-09-17T23:50:10","slug":"alerta-en-mojacar-por-el-primer-caso-en-humanos-de-fiebre-del-nilo-occidental-en-andalucia-sociedad","status":"publish","type":"post","link":"https:\/\/www.europesays.com\/es\/121929\/","title":{"rendered":"Alerta en Moj\u00e1car por el primer caso en humanos de fiebre del Nilo Occidental en Andaluc\u00eda | Sociedad"},"content":{"rendered":"<p class=\"loc\">Almer\u00eda<\/p>\n<p>El primer caso de fiebre del Nilo Occidental (FNO) de esta temporada en Andaluc\u00eda se ha confirmado en un residente de Moj\u00e1car. Seg\u00fan la Consejer\u00eda de Salud y Consumo, la persona afectada es un hombre de entre 50 y 60 a\u00f1os que present\u00f3 s\u00edntomas leves sin complicaciones neurol\u00f3gicas en julio y se recuper\u00f3 completamente. Este caso contrasta notablemente con los 114 casos registrados en la misma \u00e9poca el a\u00f1o pasado.<\/p>\n<p><b>DIAGN\u00d3STICO COMPLEJO Y TARD\u00cdO<\/b><\/p>\n<p>El diagn\u00f3stico de este caso fue complejo y tard\u00edo, ya que los s\u00edntomas iniciales no eran los t\u00edpicos de la FNO. A pesar de que el paciente se recuper\u00f3 en julio, no fue hasta agosto que las autoridades sanitarias ampliaron el estudio a la FNO, despu\u00e9s de que se detectara el virus en mosquitos de la zona. La confirmaci\u00f3n del caso requiri\u00f3 un an\u00e1lisis especializado en el Centro Nacional de Microbiolog\u00eda.<\/p>\n<p><b>CONTEXTO NACIONAL<\/b><\/p>\n<p>Este hallazgo en Moj\u00e1car se produce en un contexto de brotes en otras regiones. Recientemente, se ha confirmado la muerte de un hombre de 77 a\u00f1os en Badajoz, Extremadura, y la semana pasada un vecino de Gelves, Sevilla, tambi\u00e9n falleci\u00f3 tras contraer el virus en agosto, con posterioridad al caso de Moj\u00e1car. Extremadura ha notificado 11 casos en lo que va de a\u00f1o.Actualmente, 109 municipios andaluces est\u00e1n en nivel de riesgo alto o en situaci\u00f3n de alerta por el virus, incluyendo Pulp\u00ed, Benalup-Casas Viejas, Huelva, El Pedroso y Guillena. Estas \u00e1reas est\u00e1n bajo un programa de vigilancia intensiva para controlar la poblaci\u00f3n de mosquitos portadores. Se han realizado 281 pruebas en humanos, todas negativas excepto el caso de Moj\u00e1car, y se han detectado 24 mosquitos positivos de 5.430 analizados, adem\u00e1s de un caso en \u00e9quidos.<\/p>\n","protected":false},"excerpt":{"rendered":"Almer\u00eda El primer caso de fiebre del Nilo Occidental (FNO) de esta temporada en Andaluc\u00eda se ha confirmado&hellip;\n","protected":false},"author":2,"featured_media":121930,"comment_status":"","ping_status":"","sticky":false,"template":"","format":"standard","meta":{"footnotes":""},"categories":[92],"tags":[25,24,165,166,23],"class_list":{"0":"post-121929","1":"post","2":"type-post","3":"status-publish","4":"format-standard","5":"has-post-thumbnail","7":"category-salud","8":"tag-es","9":"tag-espana","10":"tag-health","11":"tag-salud","12":"tag-spain"},"share_on_mastodon":{"url":"","error":""},"_links":{"self":[{"href":"https:\/\/www.europesays.com\/es\/wp-json\/wp\/v2\/posts\/121929","targetHints":{"allow":["GET"]}}],"collection":[{"href":"https:\/\/www.europesays.com\/es\/wp-json\/wp\/v2\/posts"}],"about":[{"href":"https:\/\/www.europesays.com\/es\/wp-json\/wp\/v2\/types\/post"}],"author":[{"embeddable":true,"href":"https:\/\/www.europesays.com\/es\/wp-json\/wp\/v2\/users\/2"}],"replies":[{"embeddable":true,"href":"https:\/\/www.europesays.com\/es\/wp-json\/wp\/v2\/comments?post=121929"}],"version-history":[{"count":0,"href":"https:\/\/www.europesays.com\/es\/wp-json\/wp\/v2\/posts\/121929\/revisions"}],"wp:featuredmedia":[{"embeddable":true,"href":"https:\/\/www.europesays.com\/es\/wp-json\/wp\/v2\/media\/121930"}],"wp:attachment":[{"href":"https:\/\/www.europesays.com\/es\/wp-json\/wp\/v2\/media?parent=121929"}],"wp:term":[{"taxonomy":"category","embeddable":true,"href":"https:\/\/www.europesays.com\/es\/wp-json\/wp\/v2\/categories?post=121929"},{"taxonomy":"post_tag","embeddable":true,"href":"https:\/\/www.europesays.com\/es\/wp-json\/wp\/v2\/tags?post=121929"}],"curies":[{"name":"wp","href":"https:\/\/api.w.org\/{rel}","templated":true}]}}