{"id":121931,"date":"2025-09-17T23:51:07","date_gmt":"2025-09-17T23:51:07","guid":{"rendered":"https:\/\/www.europesays.com\/es\/121931\/"},"modified":"2025-09-17T23:51:07","modified_gmt":"2025-09-17T23:51:07","slug":"simorra-elle","status":"publish","type":"post","link":"https:\/\/www.europesays.com\/es\/121931\/","title":{"rendered":"SIMORRA &#8211; ELLE"},"content":{"rendered":"<ol>\n<li><a href=\"https:\/\/news.google.com\/rss\/articles\/CBMipgFBVV95cUxNSnFSTWc1aVotSlNkQUw0Zngzd1VCenYtTlpRbDNDWXVzekg0OWFkNmVPalA4bFQ4YlZJQzlnWWFhZG45aURTRkphSVZVMlAyS2lFbFgwcXZiYWd2R0JBeVU5SHV2SEFqOElnbWkyeTZPRFhFWU9VZmpELU9XbkpaYzhjS0FRaHl6NFhhaFh6ZkdUazhqbkVKN2xiOXJqWjdmR2ZBNjF3?oc=5\" target=\"_blank\" rel=\"nofollow noopener\">SIMORRA<\/a>&nbsp;&nbsp;ELLE<\/li>\n<li><a href=\"https:\/\/news.google.com\/rss\/articles\/CBMitgFBVV95cUxOdWFJcGtXay1fLXdqbWlOVjYyYy1ETWFIQUp1VmFqbEJXY1dwMFluOXF5ajhJbkkwWjVfN2JjdlpkSXhUbVJILXF2R1h6dUlWeWlsT2lGcEE5NG9YeW53S2wyNW5QWlhOLThBMjNZaXlQeXBwMlhpaGdlbDQzRTZoVnRXS0lId2FOd0dLc3kwdnhYQVprcnJLNkVnSHgxdS1GV2FoYk05amhLN2ZGc3NEVTJXcnkzZw?oc=5\" target=\"_blank\" rel=\"nofollow noopener\">Las invitadas mejor vestidas al desfile de Silvia Tcherassi en la Madrid Fashion Week<\/a>&nbsp;&nbsp;ELLE<\/li>\n<li><a href=\"https:\/\/news.google.com\/rss\/articles\/CBMiywFBVV95cUxONWtQaHFldF9uZVdSYmFJaktnMi1SNGo3U0c5RFg5Y2xyOW1GZTVaRnBRYm93Y2ZjQlZpWTVQVzYyT0pjLU5ma3Y0UTlCUjEyS0JvQkN1RUlGT2UzQ2s2MnNkekpGWUdYLXU4clVSdWc5dWhXVVZGaVJ1cERoZWVHRkc1VHBuekZNeHdLalZId1FHQW96NmFkOElxYzRjYkpiU1NqcGZzd3dkWEhJVUlJMUhYVVlMTmtzZlZEV2otNmdqQkNsZGkwRDNZSdIB0AFBVV95cUxNdWVkUDZlMF95M0VUODFXTHZxSm8xREtJdjJBR3NNSUtqX3lvUElJMDN2a3dRbWw1bmtlRUI1SkFZYURVclVHdUE5Um8xVk5CT3hmWG9tN0d5UUgzeWVtUTl0a19OQ0ZOY1lMQ2hyay05LXR2MElpdFoxakRBaTZibUFRcWg3T3FiZml3aU1GVTRPWjd6N3VwbFlZc0MxSTNfWnlvWDdubGFJZjR3bXVMYThuREQwSFEyZGNQWkQ1RTN5aUhKUFBQU05YVzFtUThz?oc=5\" target=\"_blank\" rel=\"nofollow noopener\">Silvia Tcherassi inaugura la 40\u00aa edici\u00f3n de la Mercedes-Benz Fashion Week Madrid con un desfile lleno de famosas, sofisticaci\u00f3n y glamour<\/a>&nbsp;&nbsp;Vanitatis<\/li>\n<li><a href=\"https:\/\/news.google.com\/rss\/articles\/CBMiqwFBVV95cUxQS1M0TzBnNXJzOVFXazZZMUZ0RG1BRTQwa1hvX3lKR2tTMkdHZk1teXh3cUhOeElvRDQyMlA2YklJVGVvX1NEYXV1SVByU0h3ZGlJRlJQNzJFaWxpUnNpWnhoZzAyc3VMeTNOemRrQVhxbkVrQVUtV0ZMbks1djZTVlNDcFE1dmdlbGhLUTFVdmJ1eWRsazltLVZCN2lHb05HcnpiTGZkb0docW8?oc=5\" target=\"_blank\" rel=\"nofollow noopener\">Colombiana Silvia Tcherassi crea un armario para mujer global que ama la moda sofisticada<\/a>&nbsp;&nbsp;ABC<\/li>\n<li><a href=\"https:\/\/news.google.com\/rss\/articles\/CBMiswFBVV95cUxPTzlwdmw1dk5OUm1CQUc5X21Qbm10enRsR3lWU0RNcldIU01UUlR1dW5VZzgybjM4UHdMUWZxQ2xZVXd2aUR2Vl9UbjJlaXlxbGwyV3R3bXVSV211ZktTR3pWaHBSMTl2S3RqU29HNHU1aVRzQ2g5U2xURFBiQWhzcktNUW9iVzRib2hUMlhTeDdHY1hKRTVFM2NTSkI5a2RSR2JlSTY1ZV9NMTRoSDQ3X28xaw?oc=5\" target=\"_blank\" rel=\"nofollow noopener\">Nieves \u00c1lvarez, una futura novia sobre la pasarela de Silvia Tcherassi, con un rom\u00e1ntico vestido en marr\u00f3n chocolate<\/a>&nbsp;&nbsp;HOLA<\/li>\n<\/ol>\n","protected":false},"excerpt":{"rendered":"SIMORRA&nbsp;&nbsp;ELLE Las invitadas mejor vestidas al desfile de Silvia Tcherassi en la Madrid Fashion Week&nbsp;&nbsp;ELLE Silvia Tcherassi inaugura&hellip;\n","protected":false},"author":2,"featured_media":121932,"comment_status":"","ping_status":"","sticky":false,"template":"","format":"standard","meta":{"footnotes":""},"categories":[91],"tags":[253,146,147,25,24,23],"class_list":{"0":"post-121931","1":"post","2":"type-post","3":"status-publish","4":"format-standard","5":"has-post-thumbnail","7":"category-entretenimiento","8":"tag-discover","9":"tag-entertainment","10":"tag-entretenimiento","11":"tag-es","12":"tag-espana","13":"tag-spain"},"share_on_mastodon":{"url":"","error":""},"_links":{"self":[{"href":"https:\/\/www.europesays.com\/es\/wp-json\/wp\/v2\/posts\/121931","targetHints":{"allow":["GET"]}}],"collection":[{"href":"https:\/\/www.europesays.com\/es\/wp-json\/wp\/v2\/posts"}],"about":[{"href":"https:\/\/www.europesays.com\/es\/wp-json\/wp\/v2\/types\/post"}],"author":[{"embeddable":true,"href":"https:\/\/www.europesays.com\/es\/wp-json\/wp\/v2\/users\/2"}],"replies":[{"embeddable":true,"href":"https:\/\/www.europesays.com\/es\/wp-json\/wp\/v2\/comments?post=121931"}],"version-history":[{"count":0,"href":"https:\/\/www.europesays.com\/es\/wp-json\/wp\/v2\/posts\/121931\/revisions"}],"wp:featuredmedia":[{"embeddable":true,"href":"https:\/\/www.europesays.com\/es\/wp-json\/wp\/v2\/media\/121932"}],"wp:attachment":[{"href":"https:\/\/www.europesays.com\/es\/wp-json\/wp\/v2\/media?parent=121931"}],"wp:term":[{"taxonomy":"category","embeddable":true,"href":"https:\/\/www.europesays.com\/es\/wp-json\/wp\/v2\/categories?post=121931"},{"taxonomy":"post_tag","embeddable":true,"href":"https:\/\/www.europesays.com\/es\/wp-json\/wp\/v2\/tags?post=121931"}],"curies":[{"name":"wp","href":"https:\/\/api.w.org\/{rel}","templated":true}]}}