{"id":121937,"date":"2025-09-17T23:55:15","date_gmt":"2025-09-17T23:55:15","guid":{"rendered":"https:\/\/www.europesays.com\/es\/121937\/"},"modified":"2025-09-17T23:55:15","modified_gmt":"2025-09-17T23:55:15","slug":"el-plan-nocturno-de-felipe-y-letizia-en-egipto-puesta-de-sol-y-cena-en-un-historico-hotel-con-vistas-a-las-piramides-de-guiza","status":"publish","type":"post","link":"https:\/\/www.europesays.com\/es\/121937\/","title":{"rendered":"El plan nocturno de Felipe y Letizia en Egipto:\u00a0puesta de sol y cena en un hist\u00f3rico hotel con vistas a las pir\u00e1mides de Guiza"},"content":{"rendered":"<p><img loading=\"lazy\" decoding=\"async\" src=\"https:\/\/www.europesays.com\/es\/wp-content\/uploads\/2025\/08\/100x100_informalia-logo.jpg\" itemtype=\"\/\/schema.org\/ImageObject\" itemprop=\"url\" alt=\"Informalia\" width=\"64\" height=\"64\" pinger-seen=\"true\"\/><\/p>\n<p>Segundo d\u00eda del viaje de Estado de los Reyes a Egipto en respuesta a la invitaci\u00f3n de su presidente, Abdelfat\u00e1 al Sisi. Este mi\u00e9rcoles, <a href=\"https:\/\/www.eleconomista.es\/informalia\/casas-reales\/noticias\/13549346\/09\/25\/del-negro-al-blanco-maravilla-de-look-romantico-delicado-y-floral-de-dona-letizia-para-la-ceremonia-de-bienvenida-en-egipto.html\" rel=\"nofollow noopener\" target=\"_blank\">tras la ceremonia de bienvenida<\/a>, Felipe VI y Letizia han disfrutado de una puesta de sol con vistas a las pir\u00e1mides de Giza mientras cenaban en la terraza del hist\u00f3rico Hotel Mena House.<\/p>\n<p>Despu\u00e9s de la cena, el monarca y la consorte han visitado por primera vez las pir\u00e1mides de Keops y la Esfinge. Durante el recorrido, han estado acompa\u00f1ados por <b>Ashraf Mohie<\/b>, el director arqueol\u00f3gico de la zona.<\/p>\n<p>                            <img decoding=\"async\" src=\"https:\/\/www.europesays.com\/es\/wp-content\/uploads\/2025\/09\/770x_letizia-felipe------.jpg\" loading=\"lazy\"\/><\/p>\n<p>Para la ocasi\u00f3n,<a href=\"https:\/\/www.eleconomista.es\/informalia\/casas-reales\/noticias\/13549346\/09\/25\/del-negro-al-blanco-maravilla-de-look-romantico-delicado-y-floral-de-dona-letizia-para-la-ceremonia-de-bienvenida-en-egipto.html\" rel=\"nofollow noopener\" target=\"_blank\"> y tras deslumbrar esta misma ma\u00f1ana con un rom\u00e1ntico vestido blanco lleno de bordados<\/a>, Letizia ha seleccionado un favorecedor vestido en color azul klein con cuello redondo y mangas abullonadas. Por su parte, Felipe ha escogido un cl\u00e1sico traje, con corbata a juego con la reina.<\/p>\n<p>                            <img decoding=\"async\" src=\"https:\/\/www.europesays.com\/es\/wp-content\/uploads\/2025\/09\/770x_leti-felipe-egipto-giza2.jpg\" loading=\"lazy\"\/><\/p>\n<p>                            <img decoding=\"async\" src=\"https:\/\/www.europesays.com\/es\/wp-content\/uploads\/2025\/09\/770x_leti-felipe-egipto-giza1.jpg\" loading=\"lazy\"\/><\/p>\n<p>Los siguientes actos del viaje, que terminar\u00e1 este viernes 19 de septiembre, ser\u00e1 un encuentro empresarial que se celebrar\u00e1 este jueves y que inaugurar\u00e1 Felipe VI. Mientras, Letizia dar\u00e1 apertura a <b>una exposici\u00f3n de fotograf\u00eda en la Ciudad de los Muertos<\/b>.<\/p>\n<p>WhatsApp<a href=\"https:\/\/api.whatsapp.com\/send?text=https:\/\/www.eleconomista.es\/informalia\/casas-reales\/noticias\/13550790\/09\/25\/el-plan-nocturno-de-felipe-y-letizia-durante-su-segundo-dia-en-egiptopuesta-de-sol-y-cena-en-un-historico-hotel.html?utm_source%3Dwhatsapp%26utm_medium%3Dshare_button&amp;id=1648118629957_whatsapp\" target=\"_blank\" data-action=\"share\/whatsapp\/share\" aria-label=\"Compartir en Whatsapp\" rel=\"nofollow noopener\"><\/a>Facebook<a id=\"fb-share\" href=\"#\" target=\"_blank\" rel=\"noopener noreferrer\" aria-label=\"Compartir en Facebook\"><\/a>Twitter<a href=\"https:\/\/twitter.com\/share?text=El+plan+nocturno+de+Felipe+y+Letizia+en+Egipto%3A%C2%A0puesta+de+sol+y+cena+en+un+hist%C3%B3rico+hotel+con+vistas+a+las+pir%C3%A1mides+de+Guiza&amp;url=https:\/\/www.eleconomista.es\/informalia\/casas-reales\/noticias\/13550790\/09\/25\/el-plan-nocturno-de-felipe-y-letizia-durante-su-segundo-dia-en-egiptopuesta-de-sol-y-cena-en-un-historico-hotel.html&amp;via=Informalia&amp;id=1648118839245_twitter\" target=\"_blank\" aria-label=\"Compartir en Twitter\" rel=\"nofollow noopener\"><\/a>Linkedin<a onclick=\"return abrirLinkedin();\" href=\"https:\/\/www.linkedin.com\/shareArticle?text=El+plan+nocturno+de+Felipe+y+Letizia+en+Egipto%3A%C2%A0puesta+de+sol+y+cena+en+un+hist%C3%B3rico+hotel+con+vistas+a+las+pir%C3%A1mides+de+Guiza&amp;url=https:\/\/www.eleconomista.es\/informalia\/casas-reales\/noticias\/13550790\/09\/25\/el-plan-nocturno-de-felipe-y-letizia-durante-su-segundo-dia-en-egiptopuesta-de-sol-y-cena-en-un-historico-hotel.html&amp;mini=true\" target=\"_blank\" aria-label=\"Compartir en linkedin\" rel=\"nofollow noopener\"><\/a>Beloud<a href=\"https:\/\/beloud.com\/share?text=El+plan+nocturno+de+Felipe+y+Letizia+en+Egipto%3A%C2%A0puesta+de+sol+y+cena+en+un+hist%C3%B3rico+hotel+con+vistas+a+las+pir%C3%A1mides+de+Guiza&amp;url=https:\/\/www.eleconomista.es\/informalia\/casas-reales\/noticias\/13550790\/09\/25\/el-plan-nocturno-de-felipe-y-letizia-durante-su-segundo-dia-en-egiptopuesta-de-sol-y-cena-en-un-historico-hotel.html&amp;via=Informalia&amp;id=1648118839245_beloud\" target=\"_blank\" aria-label=\"Compartir en beloud\" rel=\"nofollow noopener\"><\/a>Bluesky<a href=\"https:\/\/bsky.app\/intent\/compose?text=https:\/\/bsky.app\/intent\/compose?text=https:\/\/www.eleconomista.es\/informalia\/casas-reales\/noticias\/13550790\/09\/25\/el-plan-nocturno-de-felipe-y-letizia-durante-su-segundo-dia-en-egiptopuesta-de-sol-y-cena-en-un-historico-hotel.html&amp;url=https:\/\/www.eleconomista.es\/informalia\/casas-reales\/noticias\/13550790\/09\/25\/el-plan-nocturno-de-felipe-y-letizia-durante-su-segundo-dia-en-egiptopuesta-de-sol-y-cena-en-un-historico-hotel.html&amp;via=elEconomistaes&amp;id=1648118839245_bluesky\" target=\"_blank\" aria-label=\"Compartir en bluesky\" rel=\"nofollow noopener\"><\/a><\/p>\n<p><script async src=\"https:\/\/platform.twitter.com\/widgets.js\" charset=\"utf-8\"><\/script><\/p>\n","protected":false},"excerpt":{"rendered":"Segundo d\u00eda del viaje de Estado de los Reyes a Egipto en respuesta a la invitaci\u00f3n de su&hellip;\n","protected":false},"author":2,"featured_media":121938,"comment_status":"","ping_status":"","sticky":false,"template":"","format":"standard","meta":{"footnotes":""},"categories":[8],"tags":[17,18,14486,25,24,13,14,11,19,20,9,10,15,16,23,12,21,22],"class_list":{"0":"post-121937","1":"post","2":"type-post","3":"status-publish","4":"format-standard","5":"has-post-thumbnail","7":"category-espana","8":"tag-breaking-news","9":"tag-breakingnews","10":"tag-casas-reales","11":"tag-es","12":"tag-espana","13":"tag-featured-news","14":"tag-featurednews","15":"tag-headlines","16":"tag-latest-news","17":"tag-latestnews","18":"tag-news","19":"tag-noticias","20":"tag-noticias-destacadas","21":"tag-noticiasdestacadas","22":"tag-spain","23":"tag-titulares","24":"tag-ultimas-noticias","25":"tag-ultimasnoticias"},"share_on_mastodon":{"url":"","error":""},"_links":{"self":[{"href":"https:\/\/www.europesays.com\/es\/wp-json\/wp\/v2\/posts\/121937","targetHints":{"allow":["GET"]}}],"collection":[{"href":"https:\/\/www.europesays.com\/es\/wp-json\/wp\/v2\/posts"}],"about":[{"href":"https:\/\/www.europesays.com\/es\/wp-json\/wp\/v2\/types\/post"}],"author":[{"embeddable":true,"href":"https:\/\/www.europesays.com\/es\/wp-json\/wp\/v2\/users\/2"}],"replies":[{"embeddable":true,"href":"https:\/\/www.europesays.com\/es\/wp-json\/wp\/v2\/comments?post=121937"}],"version-history":[{"count":0,"href":"https:\/\/www.europesays.com\/es\/wp-json\/wp\/v2\/posts\/121937\/revisions"}],"wp:featuredmedia":[{"embeddable":true,"href":"https:\/\/www.europesays.com\/es\/wp-json\/wp\/v2\/media\/121938"}],"wp:attachment":[{"href":"https:\/\/www.europesays.com\/es\/wp-json\/wp\/v2\/media?parent=121937"}],"wp:term":[{"taxonomy":"category","embeddable":true,"href":"https:\/\/www.europesays.com\/es\/wp-json\/wp\/v2\/categories?post=121937"},{"taxonomy":"post_tag","embeddable":true,"href":"https:\/\/www.europesays.com\/es\/wp-json\/wp\/v2\/tags?post=121937"}],"curies":[{"name":"wp","href":"https:\/\/api.w.org\/{rel}","templated":true}]}}