{"id":121951,"date":"2025-09-18T00:05:08","date_gmt":"2025-09-18T00:05:08","guid":{"rendered":"https:\/\/www.europesays.com\/es\/121951\/"},"modified":"2025-09-18T00:05:08","modified_gmt":"2025-09-18T00:05:08","slug":"asi-esta-la-clasificacion-de-la-fase-liga-de-la-champions-league-2025-26","status":"publish","type":"post","link":"https:\/\/www.europesays.com\/es\/121951\/","title":{"rendered":"as\u00ed est\u00e1 la clasificaci\u00f3n de la fase liga de la Champions League 2025-26"},"content":{"rendered":"<p class=\"ft-text\">La <a class=\"ft-link ft-link--decoration\" href=\"https:\/\/www.sport.es\/es\/champions\/\" rel=\"nofollow noopener\" target=\"_blank\">Champions League 2025-26 <\/a>tuvo su esperado pistoletazo de salida este martes 16 de septiembre con la disputa de los primeros partidos de la fase liga. Si bien es cierto que la m\u00e1xima competici\u00f3n europea todav\u00eda se encuentra en una fase embrionaria, empezar con buen pie es fundamental para asegurar una buena posici\u00f3n en la clasificaci\u00f3n.<\/p>\n<p class=\"ft-text\">Si el primer d\u00eda de competici\u00f3n dej\u00f3 alguna que otra sorpresa, hoy los gigantes europeos han cumplido con su papel de favoritos. <strong>PSG<\/strong>, <strong>Inter <\/strong>y <strong>Bayern M\u00fanich <\/strong>consiguieron contundentes victorias en sus respectivos estrenos, mientras que el <strong>Atl\u00e9tico de Madrid<\/strong> se qued\u00f3 a las puertas de nuevo milagro en Anfield.<\/p>\n<p class=\"ft-text\">El papel de los debutantes <strong>Pafos <\/strong>y <strong>Bodo\/Glimt<\/strong> tambi\u00e9n fue m\u00e1s que digno. Los chipriotas supieron resistir en el siempre dif\u00edcil campo del Olympiacos (0-0), mientras que los noruegos rescataron un valioso punto gracias a los goles de Bassi y Fet en el tramo final (2-2).<\/p>\n<p>\u00bfC\u00f3mo est\u00e1 la clasificaci\u00f3n de la fase liga de la Champions League?<\/p>\n<p class=\"ft-text\">Cada jornada, una vez finalizados los partidos del segundo turno del d\u00eda, puedes consultar en <strong>SPORT <\/strong>como est\u00e1 la clasificaci\u00f3n de la Champions League con los equipos provisionalmente clasificados para octavos, los que acceder\u00edan al playoff y los que no superar\u00edan el corte.<\/p>\n<p class=\"ft-text\">La fase liga de la Champions League cuenta con un\u00a0<strong>sistema \u00fanico de clasificaci\u00f3n <\/strong>para los 36 participantes. Los\u00a0<strong>ocho primeros<\/strong>\u00a0acceder\u00e1n directamente a los\u00a0<strong>octavos de final,<\/strong>\u00a0mientras que los equipos comprendidos entre la\u00a0<strong>9\u00aa y la 24\u00aa posici\u00f3n<\/strong>\u00a0deber\u00e1n disputar un &#8216;<strong>playoff<\/strong>&#8216; para completar las ocho plazas restantes.<\/p>\n<p>\u00bfD\u00f3nde ver todos los partidos por TV y online la Champions League 2025-26?<\/p>\n<p class=\"ft-text\">Los partidos de la\u00a0<strong>Champions League 2025-26 se podr\u00e1n ver en TV y online a trav\u00e9s de Movistar +,<\/strong>\u00a0que posee los derechos de la competici\u00f3n en Espa\u00f1a. La operadora ofrecer\u00e1 todos los enfrentamientos tanto de la fase liga como de las eliminatorias en sus diferentes canales del paquete M+ Liga de Campeones.<\/p>\n<p class=\"ft-text\">Desde SPORT,\u00a0<strong>te ofreceremos una cobertura completa de la Champions League 2025-26<\/strong>\u00a0a trav\u00e9s de nuestras narraciones en directo, as\u00ed como las cr\u00f3nicas de los partidos y las declaraciones de los protagonistas.<\/p>\n","protected":false},"excerpt":{"rendered":"La Champions League 2025-26 tuvo su esperado pistoletazo de salida este martes 16 de septiembre con la disputa&hellip;\n","protected":false},"author":2,"featured_media":121952,"comment_status":"","ping_status":"","sticky":false,"template":"","format":"standard","meta":{"footnotes":""},"categories":[268],"tags":[45,1517,210,11681,4616,168,25,24,280,282,1211,205,281,23,167],"class_list":{"0":"post-121951","1":"post","2":"type-post","3":"status-publish","4":"format-standard","5":"has-post-thumbnail","7":"category-futbol","8":"tag-45","9":"tag-atletico","10":"tag-barcelona","11":"tag-champions","12":"tag-clasificacion","13":"tag-deportes","14":"tag-es","15":"tag-espana","16":"tag-football","17":"tag-futbol","18":"tag-league","19":"tag-madrid","20":"tag-soccer","21":"tag-spain","22":"tag-sports"},"share_on_mastodon":{"url":"","error":""},"_links":{"self":[{"href":"https:\/\/www.europesays.com\/es\/wp-json\/wp\/v2\/posts\/121951","targetHints":{"allow":["GET"]}}],"collection":[{"href":"https:\/\/www.europesays.com\/es\/wp-json\/wp\/v2\/posts"}],"about":[{"href":"https:\/\/www.europesays.com\/es\/wp-json\/wp\/v2\/types\/post"}],"author":[{"embeddable":true,"href":"https:\/\/www.europesays.com\/es\/wp-json\/wp\/v2\/users\/2"}],"replies":[{"embeddable":true,"href":"https:\/\/www.europesays.com\/es\/wp-json\/wp\/v2\/comments?post=121951"}],"version-history":[{"count":0,"href":"https:\/\/www.europesays.com\/es\/wp-json\/wp\/v2\/posts\/121951\/revisions"}],"wp:featuredmedia":[{"embeddable":true,"href":"https:\/\/www.europesays.com\/es\/wp-json\/wp\/v2\/media\/121952"}],"wp:attachment":[{"href":"https:\/\/www.europesays.com\/es\/wp-json\/wp\/v2\/media?parent=121951"}],"wp:term":[{"taxonomy":"category","embeddable":true,"href":"https:\/\/www.europesays.com\/es\/wp-json\/wp\/v2\/categories?post=121951"},{"taxonomy":"post_tag","embeddable":true,"href":"https:\/\/www.europesays.com\/es\/wp-json\/wp\/v2\/tags?post=121951"}],"curies":[{"name":"wp","href":"https:\/\/api.w.org\/{rel}","templated":true}]}}