{"id":121953,"date":"2025-09-18T00:06:28","date_gmt":"2025-09-18T00:06:28","guid":{"rendered":"https:\/\/www.europesays.com\/es\/121953\/"},"modified":"2025-09-18T00:06:28","modified_gmt":"2025-09-18T00:06:28","slug":"cardi-b-espera-su-cuarto-hijo-el-primero-con-el-jugador-de-la-nfl-stefon-diggs","status":"publish","type":"post","link":"https:\/\/www.europesays.com\/es\/121953\/","title":{"rendered":"Cardi B espera su cuarto hijo, el primero con el jugador de la NFL, Stefon Diggs"},"content":{"rendered":"<p id=\"e9hUngPBOK\" data-wc=\"113\"><strong>Carbi B,\u00a0<\/strong>conocida tambi\u00e9n por colaborar en la canci\u00f3n Punter\u00eda de Shakira, en su \u00e1lbum Las mujeres ya no lloran, ha sorprendido a todos sus seguidores con una noticia muy especial: <strong>est\u00e1 embarazada.<\/strong> La rapera espera su cuarto hijo, el primero en com\u00fan con su actual pareja, el jugador de la NFL Stefon Diggs. Una noticia que ha realizado este mi\u00e9rcoles en televisi\u00f3n durante una entrevista con Gayle King en CBS Mornings, <a class=\"hm-link ho-link\" href=\"https:\/\/www.hola.com\/actualidad\/20250629840956\/cardi-b-da-la-bienvenida-al-verano-con-sabor-a-chocolate-nueva-musica-y-un-misterioso-acompanante\/\" data-mrf-recirculation=\"article-body-link\" rel=\"nofollow noopener\" target=\"_blank\">donde la artista no solo comparti\u00f3 la buena nueva, s<\/a>ino que tambi\u00e9n confes\u00f3 que saldr\u00e1 de cuentas el pr\u00f3ximo mes de febrero. <strong>\u00abEstoy muy feliz. Voy a tener un beb\u00e9 con mi novio, Stefon Diggs\u00bb<\/strong>, confes\u00f3 sin poder ocultar su felicidad.<\/p>\n<p> <img src=\"https:\/\/www.europesays.com\/es\/wp-content\/uploads\/2025\/09\/34773755f049-gettyimages-2214979173.jpg\"   width=\"1024\" height=\"779\" loading=\"lazy\" decoding=\"async\" alt=\"Media Image\" fetchpriority=\"auto\" class=\"image ho-image\"\/>\u00a9 Getty Images<\/p>\n<p id=\"eXYd6gJFl3w\" data-wc=\"65\">El momento no podr\u00eda ser m\u00e1s especial para la cantante. Hace apenas unos d\u00edas anunci\u00f3 su pr\u00f3xima gira mundial, Little Miss Drama, un proyecto que coincidir\u00e1 con la llegada del beb\u00e9. \u00abSiento que estoy en un gran momento. Me siento muy fuerte, muy poderosa con todo el trabajo que tengo, y de que adem\u00e1s hago todo esto mientras estoy creando un beb\u00e9\u00bb, ha continuado contando.\u00a0<\/p>\n<p> <img src=\"https:\/\/www.europesays.com\/es\/wp-content\/uploads\/2025\/09\/842c5cecbe93-gettyimages-2214787426.jpg\"   width=\"1024\" height=\"682\" loading=\"lazy\" decoding=\"async\" alt=\"Media Image\" fetchpriority=\"auto\" class=\"image ho-image\"\/>\u00a9 Getty Images<\/p>\n<p id=\"e-8ARNC1Q5E\" data-wc=\"73\">Durante la entrevista en el citado programa, Cadi B tambi\u00e9n abri\u00f3 su coraz\u00f3n y habl\u00f3 de su relaci\u00f3n con Diggs. Tal y como ella misma confes\u00f3, ambos se apoyan constantemente y comparten la misma visi\u00f3n de futuro. \u00abEstamos en la misma situaci\u00f3n en nuestras carreras. Creo que somos realmente buenos y unos de los mejores en lo que hacemo: \u00abNunca nos sentimos c\u00f3modos. Tenemos que seguir adelante y eso es lo que somos\u00bb.<\/p>\n<p> <img src=\"https:\/\/www.europesays.com\/es\/wp-content\/uploads\/2025\/09\/89d1e5d13627-gettyimages-2214787373.jpg\"   width=\"1024\" height=\"682\" loading=\"lazy\" decoding=\"async\" alt=\"Media Image\" fetchpriority=\"auto\" class=\"image ho-image\"\/>\u00a9 Getty Images<\/p>\n<p id=\"empnO6BfCW3\" data-wc=\"92\">No es la primera vez que Cardi celebra la maternidad p\u00fablicamente. Hace justo un a\u00f1o, el 7 de septiembre de 2024, dio a luz a su tercer hijo, Blossom, y lo anunci\u00f3 con una tierna instant\u00e1nea junto a sus otros dos peque\u00f1os, Kulture Kiari y Wave Set, fruto de su relaci\u00f3n con su ex pareja, el rapero Offset. \u00abLa cosa m\u00e1s bonita y peque\u00f1a\u00bb, escribi\u00f3 en ese momento como pie de foto. Fue precisamente poco despu\u00e9s, en agosto del a\u00f1o pasado, cuando la artista confirm\u00f3 que ambos hab\u00edan decidido tomar caminos separados.\u00a0<\/p>\n<p> <img src=\"https:\/\/www.europesays.com\/es\/wp-content\/uploads\/2025\/09\/4627d18af958-gettyimages-2214783389.jpg\"   width=\"1024\" height=\"682\" loading=\"lazy\" decoding=\"async\" alt=\"Media Image\" fetchpriority=\"auto\" class=\"image ho-image\"\/>\u00a9 Getty Images<br \/>\nEl divorcio de Cardi y Offset<\/p>\n<p id=\"eCsWOqLDQwa\" data-wc=\"86\">A pesar de que ahora la artista internacional atraviesa un momento muy dulce, estos meses atr\u00e1s han sido muy complicados para ella. Pocas horas antes de tener a su tercer beb\u00e9 en sus brazos, los representantes de Cardi B le confirmaran a People<a class=\"hm-link ho-link\" href=\"https:\/\/www.hola.com\/actualidad\/20250912855556\/offset-habla-divorcio-cardi-b-padres-separados\/\" data-mrf-recirculation=\"article-body-link\" rel=\"nofollow noopener\" target=\"_blank\"> que la cantante le hab\u00eda solicitado el divorcio al rapero<\/a>. Aprovecharon para aclarar que, a pesar de que circulasen rumores de infidelidad por parte de Offset, no era una decisi\u00f3n tomada por dichas acusaciones, sino que \u00abse ha estado gestando durante mucho tiempo\u00bb.\u00a0<\/p>\n<p> <img src=\"https:\/\/www.europesays.com\/es\/wp-content\/uploads\/2025\/09\/5f9e4e1b7288-gettyimages-1517566105.jpg\"   width=\"767\" height=\"1024\" loading=\"lazy\" decoding=\"async\" alt=\"Media Image\" fetchpriority=\"auto\" class=\"image ho-image\"\/>\u00a9 Getty Images<\/p>\n<p data-wc=\"67\" id=\"eSXo5K-XbU\">En dos ocasiones, Cardi B present\u00f3 la demanda de divorcio. <a class=\"hm-link ho-link\" href=\"https:\/\/www.hola.com\/actualidad\/20240913718207\/cardi-b-embarazo-offset-divorcio\/\" data-mrf-recirculation=\"article-body-link\" rel=\"nofollow noopener\" target=\"_blank\">La primera, en septiembre de 2020<\/a>, aunque finalmente ambos decidieron darse una segunda oportunidad. La segunda fue definitiva: en julio de 2024 la rapera confirm\u00f3 el final de su matrimonio, a la vez que anunciaba su tercer embarazo. Una decisi\u00f3n que marc\u00f3 el cierre de una etapa, tras siete a\u00f1os de amor lleno de luces y sombras.\u00a0<\/p>\n<p> <img src=\"https:\/\/www.europesays.com\/es\/wp-content\/uploads\/2025\/09\/f2ee35193ca8-gettyimages-1676978850.jpg\"   width=\"1024\" height=\"682\" loading=\"lazy\" decoding=\"async\" alt=\"Media Image\" fetchpriority=\"auto\" class=\"image ho-image\"\/>\u00a9 Getty Images<\/p>\n<p data-wc=\"107\" id=\"emix-hVybh\">Fue a principios de este mes cuando el rapero, miembro del grupo Migos, fue preguntado por la prensa sobre c\u00f3mo afronta esta nueva etapa y si siente que existe competencia con su exesposa, ya que ambos acaban de lanzar sus nuevos proyectos musicales con apenas semanas de diferencia. \u00abNunca competir\u00edamos entre nosotros. No, no, no. Yo solo quiero toda la paz, hermano. Para que nosotros ganemos, todos tenemos que ganar. <strong>Tenemos hijos que cuidar, tenemos que atesorar esas victorias.\u00a0<\/strong>Ese disco es incre\u00edble. Ella va a hacerlo grande, tambi\u00e9n\u00bb, declar\u00f3 a TMZ, subrayando la importancia de mantener un ambiente sano por el bienestar de sus tres peque\u00f1os.<\/p>\n<p><\/p>\n","protected":false},"excerpt":{"rendered":"Carbi B,\u00a0conocida tambi\u00e9n por colaborar en la canci\u00f3n Punter\u00eda de Shakira, en su \u00e1lbum Las mujeres ya no&hellip;\n","protected":false},"author":2,"featured_media":121954,"comment_status":"","ping_status":"","sticky":false,"template":"","format":"standard","meta":{"footnotes":""},"categories":[174],"tags":[517,31360,255,253,146,147,25,24,256,23],"class_list":{"0":"post-121953","1":"post","2":"type-post","3":"status-publish","4":"format-standard","5":"has-post-thumbnail","7":"category-famosos","8":"tag-actualidad","9":"tag-cardi-b","10":"tag-celebrities","11":"tag-discover","12":"tag-entertainment","13":"tag-entretenimiento","14":"tag-es","15":"tag-espana","16":"tag-famosos","17":"tag-spain"},"share_on_mastodon":{"url":"","error":""},"_links":{"self":[{"href":"https:\/\/www.europesays.com\/es\/wp-json\/wp\/v2\/posts\/121953","targetHints":{"allow":["GET"]}}],"collection":[{"href":"https:\/\/www.europesays.com\/es\/wp-json\/wp\/v2\/posts"}],"about":[{"href":"https:\/\/www.europesays.com\/es\/wp-json\/wp\/v2\/types\/post"}],"author":[{"embeddable":true,"href":"https:\/\/www.europesays.com\/es\/wp-json\/wp\/v2\/users\/2"}],"replies":[{"embeddable":true,"href":"https:\/\/www.europesays.com\/es\/wp-json\/wp\/v2\/comments?post=121953"}],"version-history":[{"count":0,"href":"https:\/\/www.europesays.com\/es\/wp-json\/wp\/v2\/posts\/121953\/revisions"}],"wp:featuredmedia":[{"embeddable":true,"href":"https:\/\/www.europesays.com\/es\/wp-json\/wp\/v2\/media\/121954"}],"wp:attachment":[{"href":"https:\/\/www.europesays.com\/es\/wp-json\/wp\/v2\/media?parent=121953"}],"wp:term":[{"taxonomy":"category","embeddable":true,"href":"https:\/\/www.europesays.com\/es\/wp-json\/wp\/v2\/categories?post=121953"},{"taxonomy":"post_tag","embeddable":true,"href":"https:\/\/www.europesays.com\/es\/wp-json\/wp\/v2\/tags?post=121953"}],"curies":[{"name":"wp","href":"https:\/\/api.w.org\/{rel}","templated":true}]}}