{"id":121955,"date":"2025-09-18T00:07:14","date_gmt":"2025-09-18T00:07:14","guid":{"rendered":"https:\/\/www.europesays.com\/es\/121955\/"},"modified":"2025-09-18T00:07:14","modified_gmt":"2025-09-18T00:07:14","slug":"la-junta-de-andalucia-enriquece-el-museo-de-bellas-artes-de-cordoba-con-una-valiosa-obra-de-antonio-del-castillo","status":"publish","type":"post","link":"https:\/\/www.europesays.com\/es\/121955\/","title":{"rendered":"La Junta de Andaluc\u00eda enriquece el Museo de Bellas Artes de C\u00f3rdoba con una valiosa obra de Antonio del Castillo"},"content":{"rendered":"<p><img decoding=\"async\" class=\"voc-author__img\" src=\"https:\/\/www.europesays.com\/es\/wp-content\/uploads\/2025\/09\/autor-2028-foto-3.jpeg\" alt=\"Luis Miranda\"\/><\/p>\n<p>17\/09\/2025<br \/>\n<br \/><strong><br \/>\nActualizado a las 21:22h.<br \/>\n<\/strong><\/p>\n<p class=\"voc-p\" style=\"\">Esta historia comienza un <strong>domingo<\/strong> por la noche, cuando se apura el descanso y s\u00f3lo los estudiantes menos diligentes permanecen activos ultimando las tareas que dejaron para m\u00e1s tarde durante todo el fin de semana. Fue hace un a\u00f1o y medio y <a href=\"https:\/\/www.abc.es\/espana\/andalucia\/cordoba\/semana-santa\/sevi-historico-estudio-fuensanta-garcia-torre-sobre-hermandad-carreteria-vuelve-202205030640_noticia.html\" target=\"_self\" data-voc-vtm-id=\"in-text-traffic\" title=\"Fuensanta Garc\u00eda de la Torre\" data-mrf-link=\"www.abc.es\" rel=\"nofollow noopener\">Fuensanta Garc\u00eda de la Torre<\/a>, antigua directora del <strong>Museo de Bellas Artes<\/strong> de C\u00f3rdoba, recibi\u00f3 en su tel\u00e9fono la notificaci\u00f3n de una subasta de arte.<\/p>\n<p class=\"voc-p\" style=\"\">Tal vez la hora y el d\u00eda invitaban m\u00e1s a esperar al lunes, pero lo que vio la hizo saltar para ponerse en marcha: en la puja de la sala <strong>Alcal\u00e1<\/strong> hab\u00eda una obra interesante del pintor barroco cordob\u00e9s <strong>Antonio del Castillo<\/strong> (1616-1668). <\/p>\n<p class=\"voc-p\" style=\"\">Se llamaba &#8216;<strong>Huida a Egipto<\/strong> y ca\u00edda de los \u00eddolos&#8217; y por su precio de salida, 60.000 euros m\u00e1s IVA, lo hac\u00eda asequible. No quiso esperar: esa misma noche de domingo escribi\u00f3 al Museo de Bellas Artes de C\u00f3rdoba y a la Consejer\u00eda de Cultura de la Junta de Andaluc\u00eda para que intentaran hacerse con \u00e9l: \u00abNo se nos puede escapar\u00bb.<\/p>\n<p class=\"voc-p\" style=\"\"><strong>Fuensanta Garc\u00eda de la Torre<\/strong> no conoc\u00eda esta obra precisa, aunque ya se hab\u00eda publicado, pero pensaba que deb\u00eda formar parte de la colecci\u00f3n del Museo de Bellas Artes de C\u00f3rdoba y ya iban a contrarreloj: faltaba una semana para la subasta. <\/p>\n<p class=\"voc-p\" style=\"\">Como explic\u00f3 este mi\u00e9rcoles, en la presentaci\u00f3n, la consejera de Cultura, <a href=\"https:\/\/www.abc.es\/espana\/andalucia\/cordoba\/consejera-cultura-incendio-mezquita-riesgo-cero-imposible-20250916184642-nts.html\" target=\"_self\" data-voc-vtm-id=\"in-text-traffic\" title=\"Patricia del Pozo\" data-mrf-link=\"www.abc.es\" rel=\"nofollow noopener\">Patricia del Pozo<\/a>, el cuadro estaba protegido y eso obraba a favor de la <strong>Junta<\/strong> de Andaluc\u00eda, que ejerci\u00f3 el derecho de tanteo para quedarse con la obra.<\/p>\n<p>\nAmplia colecci\u00f3n\n<\/p>\n<p class=\"voc-p\" style=\"\">Un a\u00f1o y medio despu\u00e9s, la obra que Antonio del Castillo pint\u00f3 hacia 1650 se exhibe en el Museo de Bellas Artes, en la sala del arte barroco, donde est\u00e1 otra de sus cimas, &#8216;El <strong>Calvario<\/strong> de la Inquisici\u00f3n&#8217;. Con este lienzo, de 108,5 por 164 cent\u00edmetros, el centro cultural de la plaza del Potro ya posee 63 obras del autor cordob\u00e9s: 31 pinturas y 32 dibujos, una disciplina en que fue uno de los grandes maestros espa\u00f1oles.<\/p>\n<p class=\"voc-p\" style=\"\">Patricia del Pozo se felicit\u00f3 por la adquisici\u00f3n de la obra, que pertenec\u00eda a una colecci\u00f3n particular, y que, dijo, merec\u00eda estar en el Museo de Bellas Artes de C\u00f3rdoba por su valor. Hacia m\u00e1s de quince a\u00f1os que no se adquir\u00eda una obra para el este espacio.<\/p>\n<p class=\"voc-p\" style=\"\">En ella aparece un tema de los <strong>Evangelios Ap\u00f3crifos<\/strong> no especialmente presente en el arte. As\u00ed, recoge una historia que se cuenta en el llamado &#8216;Pseudoevangelio de Mateo&#8217;, que explica que cuando la Virgen Mar\u00eda y San Jos\u00e9 hu\u00edan a Egipto con el Ni\u00f1o Jes\u00fas para evitar que el rey <strong>Herodes<\/strong> lo matara, al pasar junto a un templo pagano ca\u00edan al suelo las estatuas de los dioses. Era un s\u00edmbolo de que con el nacimiento de Cristo se hab\u00eda llegado a una nueva y definitiva era y por lo tanto quedaba abolida la <strong>religi\u00f3n polite\u00edsta<\/strong>.<\/p>\n<p><img decoding=\"async\" loading=\"lazy\" src=\"https:\/\/www.europesays.com\/es\/wp-content\/uploads\/2025\/09\/huida-egipto-castillo2-U46332070153obZ-760x427@diario_abc.jpg\" class=\"voc-img\" width=\"760\" height=\"427\" alt=\"Detalle del cuadro de Antonio del Castillo\" data-voc-vtm-id=\"in-text-traffic\"\/><\/p>\n<p>Detalle del cuadro de Antonio del Castillo<\/p>\n<p>Manuel Ariza<\/p>\n<p class=\"voc-p\" style=\"\">Por eso en el cuadro, en el lado izquierdo, aparece una estatua que ha ca\u00eddo del suelo y se ha partido en varios trozos, de forma que la cabeza, el brazo y los pies est\u00e1n separados, mientras en el pedestal ha quedado una pierna. En la composici\u00f3n el Ni\u00f1o Jes\u00fas va en brazos de la <strong>Virgen Mar\u00eda<\/strong>, que se desplaza a los lomos de un asno, mirando ambos de frente al espectador. San Jos\u00e9 va caminando junto a ambos. <\/p>\n<p class=\"voc-p\" style=\"\">En la composici\u00f3n llaman la atenci\u00f3n <strong>tres \u00e1ngeles<\/strong>: dos de ellos intentan controlar el andar del pollino, mientras que el tercero, junto a una nube, ofrece al Ni\u00f1o Jes\u00fas una pera.<\/p>\n<p class=\"voc-title\">La obra muestra un pasaje de un evangelio ap\u00f3crifo en que las estatuas de los dioses paganos caen como s\u00edmbolo de la llegada del cristianismo<\/p>\n<p class=\"voc-p\" style=\"\">Como es uno de sus rasgos de identidad, Antonio del Castillo tiene un tratamiento muy exuberante del <strong>paisaje<\/strong> en que camina la Sagrada Familia, con muchos \u00e1rboles y profundidad. Al fondo se llega a adivinar una ciudad, en un espacio con muchos contrastes entre la vegetaci\u00f3n y la luz que llega desde un cielo con nubes y con mucho <strong>dinamismo<\/strong>.<\/p>\n<p>Reportar un error<\/p>\n","protected":false},"excerpt":{"rendered":"17\/09\/2025 Actualizado a las 21:22h. Esta historia comienza un domingo por la noche, cuando se apura el descanso&hellip;\n","protected":false},"author":2,"featured_media":121956,"comment_status":"","ping_status":"","sticky":false,"template":"","format":"standard","meta":{"footnotes":""},"categories":[173],"tags":[1247,229,233,1968,231,230,1967,4357,3101,2760,232,234,5284,40142,146,147,25,24,27077,40143,2024,470,23],"class_list":{"0":"post-121955","1":"post","2":"type-post","3":"status-publish","4":"format-standard","5":"has-post-thumbnail","7":"category-arte-y-diseno","8":"tag-antonio","9":"tag-arte","10":"tag-arte-y-diseno","11":"tag-artes","12":"tag-arts","13":"tag-arts-and-design","14":"tag-bellas","15":"tag-caida","16":"tag-castillo","17":"tag-cordoba","18":"tag-design","19":"tag-diseno","20":"tag-egipto","21":"tag-enriquece","22":"tag-entertainment","23":"tag-entretenimiento","24":"tag-es","25":"tag-espana","26":"tag-huida","27":"tag-idolos","28":"tag-junta","29":"tag-museo","30":"tag-spain"},"share_on_mastodon":{"url":"","error":""},"_links":{"self":[{"href":"https:\/\/www.europesays.com\/es\/wp-json\/wp\/v2\/posts\/121955","targetHints":{"allow":["GET"]}}],"collection":[{"href":"https:\/\/www.europesays.com\/es\/wp-json\/wp\/v2\/posts"}],"about":[{"href":"https:\/\/www.europesays.com\/es\/wp-json\/wp\/v2\/types\/post"}],"author":[{"embeddable":true,"href":"https:\/\/www.europesays.com\/es\/wp-json\/wp\/v2\/users\/2"}],"replies":[{"embeddable":true,"href":"https:\/\/www.europesays.com\/es\/wp-json\/wp\/v2\/comments?post=121955"}],"version-history":[{"count":0,"href":"https:\/\/www.europesays.com\/es\/wp-json\/wp\/v2\/posts\/121955\/revisions"}],"wp:featuredmedia":[{"embeddable":true,"href":"https:\/\/www.europesays.com\/es\/wp-json\/wp\/v2\/media\/121956"}],"wp:attachment":[{"href":"https:\/\/www.europesays.com\/es\/wp-json\/wp\/v2\/media?parent=121955"}],"wp:term":[{"taxonomy":"category","embeddable":true,"href":"https:\/\/www.europesays.com\/es\/wp-json\/wp\/v2\/categories?post=121955"},{"taxonomy":"post_tag","embeddable":true,"href":"https:\/\/www.europesays.com\/es\/wp-json\/wp\/v2\/tags?post=121955"}],"curies":[{"name":"wp","href":"https:\/\/api.w.org\/{rel}","templated":true}]}}