{"id":121961,"date":"2025-09-18T00:11:13","date_gmt":"2025-09-18T00:11:13","guid":{"rendered":"https:\/\/www.europesays.com\/es\/121961\/"},"modified":"2025-09-18T00:11:13","modified_gmt":"2025-09-18T00:11:13","slug":"critica-de-angelo-en-el-bosque-misterioso-un-viaje-de-autoconocimiento-ecologista","status":"publish","type":"post","link":"https:\/\/www.europesays.com\/es\/121961\/","title":{"rendered":"Cr\u00edtica de Angelo en el bosque misterioso, un viaje de autoconocimiento ecologista"},"content":{"rendered":"<p>Cr\u00edtica de Angelo en el bosque misterioso, la pel\u00edcula de animaci\u00f3n francesa dirigida por Alexis Ducord y Vincent Paronnaud en base al c\u00f3mic de este \u00faltimo. Estreno el 19 de septiembre.<\/p>\n<p>A pesar de la vuelta al cole, las familias seguir\u00e1n con el ojo puesto en la cartelera en busca de pel\u00edculas aptas para todos los p\u00fablicos e incluso con mensajes especialmente indicados para los m\u00e1s peque\u00f1os de la casa. Hemos tenido un buen <a href=\"https:\/\/www.hobbyconsolas.com\/reportajes\/mejores-peliculas-animacion-verano-elio-tipos-malos-2-1468645\" title=\"Pel\u00edculas de animaci\u00f3n del verano\" rel=\"nofollow noopener\" target=\"_blank\">verano de animaci\u00f3n<\/a>, pero la industria no se detiene y ahora le toca el turno a la producci\u00f3n francesa <a href=\"https:\/\/www.hobbyconsolas.com\/noticias\/angelo-bosque-misterioso-nos-deleita-desatada-imaginacion-infantil-escena-exclusiva-pelicula-1483653\" title=\"Angelo en el bosque misterioso nos deleita con la desatada imaginaci\u00f3n infantil en una escena en exclusiva de la pel\u00edcula\" rel=\"nofollow noopener\" target=\"_blank\">Angelo en el bosque misterioso<\/a>.<\/p>\n<p>De primeras, se nota que estamos ante una obra audiovisual europea quiz\u00e1s con menos presupuesto para conseguir una animaci\u00f3n muy depurada pero que, desde luego, <strong>sabe jugar muy bien sus cartas para aportar frescura y originalidad al g\u00e9nero<\/strong>.<\/p>\n<p>Y eso es en gran medida gracias al material de origen: el c\u00f3mic de Vincent Paronnaud, que bebe de muchas influencias parodiando las pel\u00edculas de m\u00edticos exploradores cuando tiene que expresar c\u00f3mo es la imaginaci\u00f3n del protagonista.<\/p>\n<p>La mezcla de estilos de animaci\u00f3n y los gui\u00f1os al dise\u00f1o de algunos personajes archiconocidos de los inicios de la industria animada (esos ojos, esas manos enguantadas y cuerpos laxos), as\u00ed como de los inicios del CGI, hacen que la pel\u00edcula sea un <strong>carrusel de referencias visuales muy rico y tremendamente ecl\u00e9ctico<\/strong>. No hay dos personajes que se parezcan entre s\u00ed.<\/p>\n<p>Lo que s\u00ed se mantiene es su expresividad: ya sean peque\u00f1itos como las hormigas rojas o gigantescos y mudos como el esp\u00edritu del bosque, se comprende muy bien cu\u00e1l es su funci\u00f3n en la trama y qu\u00e9 quieren expresar en cada momento. \u00bfY c\u00f3mo se han construido? Con el software de 3D de Unreal Engine.<\/p>\n<p>Un viaje luminoso hacia la madurez<\/p>\n<p>Angelo es un ni\u00f1o cuya vida transcurre a dos velocidades: por una parte est\u00e1 lo que sucede a su alrededor y por otra est\u00e1 su desbordante imaginaci\u00f3n desde la cual se ve a s\u00ed mismo como un h\u00e9roe en busca de aventuras.<\/p>\n<p>La vida de su familia da un vuelco cuando su madre recibe una llamada: su querida abuela, la que le da abrazos esponjosos y caramelos cada vez que tiene ocasi\u00f3n, est\u00e1 muy enferma y su vida peligra. De este modo sus padres, su hermano mayor, su hermana peque\u00f1a y \u00e9l se meten en el veh\u00edculo familiar para ir a verla y despedirse de ella.<\/p>\n<p>\u00a0<\/p>\n<p>Como no pod\u00eda ser de otra manera, el trayecto es bastante accidentado: los hermanos pelean en la parte de atr\u00e1s del coche hasta que su padre se harta y pide un descanso. Pero, al retomar el coche, Angelo se queda rezagado sin que ninguno se de cuenta.<\/p>\n<p>Espoleado por la curiosidad y por las ganas de ver a su abuela, Angelo decide atravesar el bosque haciendo frente a toda clase de peligros incluyendo la presencia de Mega, un individuo empe\u00f1ado en destruir la naturaleza con la ayuda de m\u00e1quinas monstruosas con las que tala \u00e1rboles y prende fuego a la vegetaci\u00f3n.<\/p>\n<p>Su finalidad \u00faltima es encontrar las cascadas de la vida que cree que le conferir\u00e1n el don de la vida eterna.<\/p>\n<p><img alt=\"Angelo en el bosque misterioso - Galer\u00eda de im\u00e1genes\" loading=\"lazy\" width=\"3292\" height=\"1773\" decoding=\"async\" data-nimg=\"1\" style=\"color:transparent\"  src=\"https:\/\/www.europesays.com\/es\/wp-content\/uploads\/2025\/09\/angelo-bosque-misterioso-galeria-imagenes-4363215.jpg\"\/><\/p>\n<p>Entre las virtudes m\u00e1s destacables de <strong>Angelo en el bosque misterioso<\/strong> est\u00e1 la de proponer un viaje inici\u00e1tico para el joven Angelo, que se enfrenta por primera vez a la posibilidad de perder a un ser querido a lo que hay que a\u00f1adir su soledad impuesta: no tendr\u00e1 m\u00e1s remedio que pasar a la acci\u00f3n haciendo colisionar la realidad con su imaginaci\u00f3n y de paso afrontar grandes desilusiones y problemas.<\/p>\n<p>La trama es completamente dial\u00e9ctica: el villano encarna todo lo que est\u00e1 mal en nuestra sociedad: el ego excesivo, la megaloman\u00eda, el da\u00f1o que se le hace al medio ambiente por la ambici\u00f3n desbocada, la maquinaria que destroza la naturaleza&#8230; incluso los secuaces que siguen \u00f3rdenes sin dudar. Hay toda una llamada a la uni\u00f3n y la rebeli\u00f3n en pro de un mundo mejor.<\/p>\n<p><img alt=\"Angelo en el bosque misterioso - Galer\u00eda de im\u00e1genes II\" loading=\"lazy\" width=\"1998\" height=\"1068\" decoding=\"async\" data-nimg=\"1\" style=\"color:transparent\"  src=\"https:\/\/www.europesays.com\/es\/wp-content\/uploads\/2025\/09\/angelo-bosque-misterioso-galeria-imagenes-ii-4363227.jpg\"\/><\/p>\n<p>Estas ideas, profundamente pol\u00edticas si se piensan a fondo, laten con fuerza en una <strong>pel\u00edcula que denuncia los excesos del ultraliberalismo, desplegadas entre ingentes dosis de encanto visual y humor a veces de lo m\u00e1s absurdo<\/strong>, pero que tienen todo el sentido en un mundo en el que los esl\u00f3ganes van por un lado y las acciones reales por otro.<\/p>\n<p><strong>Angelo en el bosque misterioso<\/strong> intenta atrapar tambi\u00e9n la atenci\u00f3n de los adultos, a los que no descuida a pesar de dirigirse preeminentemente a chicos de entre 6 y 14 a\u00f1os. Aqu\u00ed hay espacio para todos gracias a la forma y al fondo de la historia.<\/p>\n<p>VALORACI\u00d3N: Historia imaginativa aunque algo ecl\u00e9ctica con todos los ingredientes para atraer con facilidad al p\u00fablico infantil: im\u00e1genes coloridas, aventuras con trasfondo ecologista y mensajes bienintencionados.LO MEJOR: El esp\u00edritu del bosque es, de largo, el personaje m\u00e1s entra\u00f1able de una pel\u00edcula repleta de giros imaginativos.LO PEOR: El villano Mega sobra, aunque personifique todos los males derivados de la mala gesti\u00f3n de la naturaleza de los seres humanos.<\/p>\n","protected":false},"excerpt":{"rendered":"Cr\u00edtica de Angelo en el bosque misterioso, la pel\u00edcula de animaci\u00f3n francesa dirigida por Alexis Ducord y Vincent&hellip;\n","protected":false},"author":2,"featured_media":121962,"comment_status":"","ping_status":"","sticky":false,"template":"","format":"standard","meta":{"footnotes":""},"categories":[169],"tags":[177,146,147,25,24,176,175,23],"class_list":{"0":"post-121961","1":"post","2":"type-post","3":"status-publish","4":"format-standard","5":"has-post-thumbnail","7":"category-cine","8":"tag-cine","9":"tag-entertainment","10":"tag-entretenimiento","11":"tag-es","12":"tag-espana","13":"tag-film","14":"tag-movies","15":"tag-spain"},"share_on_mastodon":{"url":"","error":""},"_links":{"self":[{"href":"https:\/\/www.europesays.com\/es\/wp-json\/wp\/v2\/posts\/121961","targetHints":{"allow":["GET"]}}],"collection":[{"href":"https:\/\/www.europesays.com\/es\/wp-json\/wp\/v2\/posts"}],"about":[{"href":"https:\/\/www.europesays.com\/es\/wp-json\/wp\/v2\/types\/post"}],"author":[{"embeddable":true,"href":"https:\/\/www.europesays.com\/es\/wp-json\/wp\/v2\/users\/2"}],"replies":[{"embeddable":true,"href":"https:\/\/www.europesays.com\/es\/wp-json\/wp\/v2\/comments?post=121961"}],"version-history":[{"count":0,"href":"https:\/\/www.europesays.com\/es\/wp-json\/wp\/v2\/posts\/121961\/revisions"}],"wp:featuredmedia":[{"embeddable":true,"href":"https:\/\/www.europesays.com\/es\/wp-json\/wp\/v2\/media\/121962"}],"wp:attachment":[{"href":"https:\/\/www.europesays.com\/es\/wp-json\/wp\/v2\/media?parent=121961"}],"wp:term":[{"taxonomy":"category","embeddable":true,"href":"https:\/\/www.europesays.com\/es\/wp-json\/wp\/v2\/categories?post=121961"},{"taxonomy":"post_tag","embeddable":true,"href":"https:\/\/www.europesays.com\/es\/wp-json\/wp\/v2\/tags?post=121961"}],"curies":[{"name":"wp","href":"https:\/\/api.w.org\/{rel}","templated":true}]}}