{"id":121969,"date":"2025-09-18T00:15:08","date_gmt":"2025-09-18T00:15:08","guid":{"rendered":"https:\/\/www.europesays.com\/es\/121969\/"},"modified":"2025-09-18T00:15:08","modified_gmt":"2025-09-18T00:15:08","slug":"puedes-comprar-otros-modelos-mucho-mas-baratos-y-no-vas-a-notar-gran-diferencia","status":"publish","type":"post","link":"https:\/\/www.europesays.com\/es\/121969\/","title":{"rendered":"\u201cPuedes comprar otros modelos mucho m\u00e1s baratos y no vas a notar gran diferencia\u201d"},"content":{"rendered":"<p data-gtm-element-container=\"modulo-texto-link\" class=\"paragraph\">En el mundo tecnol\u00f3gico y, en concreto, en el de la telefon\u00eda m\u00f3vil, el lanzamiento del iPhone 17 ha sido el producto m\u00e1s esperado por todos los usuarios. Seas o no seas usuario de Apple, conocer los detalles del nuevo modelo y las variaciones respecto al anterior siempre son noticia.<\/p>\n<p>    Lee tambi\u00e9n<\/p>\n<p data-gtm-element-container=\"modulo-texto-link\" class=\"paragraph\">No obstante, es cierto que para el p\u00fablico general, quiz\u00e1s no sea el lanzamiento esperado y las variaciones sean m\u00ednimas. Por lo tanto, la pregunta es clara: \u00bfmerece la pena comprar el iPhone 17?<\/p>\n<p data-gtm-element-container=\"modulo-texto-link\" class=\"paragraph\">Para dar respuesta, @predigeek, experto en tecnolog\u00eda, ha analizado las novedades de este modelo y ha querido ayudar a su comunidad a decidir si deben o no comprarlo.<\/p>\n<p>\u201cAl igual que otras muchas marcas como Samsung o, incluso, OnePlus, apenas ha habido innovaci\u00f3n y grandes cambios\u201d<\/p>\n<p data-gtm-element-container=\"modulo-texto-link\" class=\"paragraph\">\u201cLos iPhone 17 Pro y Pro Max no valen la pena y tienen mucho menos sentido si vienes de la gama Pro del iPhone 15 o 16\u201d, lanza. \u201cAl igual que otras muchas marcas como Samsung o, incluso, OnePlus, apenas ha habido innovaci\u00f3n y grandes cambios\u201d, se\u00f1ala el experto.<\/p>\n<p data-gtm-element-container=\"modulo-texto-link\" class=\"paragraph\">\u201dTodo esto se ha camuflado con un cambio de dise\u00f1o que no es m\u00e1s que para intentar reducir costes\u201d, apunta antes de desmenuzar las principales novedades. \u201cSi en principio digo que no valen la pena es porque puedes comprar otros modelos mucho m\u00e1s baratos y no vas a notar gran diferencia\u201d, sentencia.<\/p>\n","protected":false},"excerpt":{"rendered":"En el mundo tecnol\u00f3gico y, en concreto, en el de la telefon\u00eda m\u00f3vil, el lanzamiento del iPhone 17&hellip;\n","protected":false},"author":2,"featured_media":121970,"comment_status":"","ping_status":"","sticky":false,"template":"","format":"standard","meta":{"footnotes":""},"categories":[81],"tags":[119,123,124,25,24,117,121,122,23,118,120],"class_list":{"0":"post-121969","1":"post","2":"type-post","3":"status-publish","4":"format-standard","5":"has-post-thumbnail","7":"category-ciencia-y-tecnologia","8":"tag-ciencia","9":"tag-ciencia-y-tecnologia","10":"tag-cienciaytecnologia","11":"tag-es","12":"tag-espana","13":"tag-science","14":"tag-science-and-technology","15":"tag-scienceandtechnology","16":"tag-spain","17":"tag-technology","18":"tag-tecnologia"},"share_on_mastodon":{"url":"","error":""},"_links":{"self":[{"href":"https:\/\/www.europesays.com\/es\/wp-json\/wp\/v2\/posts\/121969","targetHints":{"allow":["GET"]}}],"collection":[{"href":"https:\/\/www.europesays.com\/es\/wp-json\/wp\/v2\/posts"}],"about":[{"href":"https:\/\/www.europesays.com\/es\/wp-json\/wp\/v2\/types\/post"}],"author":[{"embeddable":true,"href":"https:\/\/www.europesays.com\/es\/wp-json\/wp\/v2\/users\/2"}],"replies":[{"embeddable":true,"href":"https:\/\/www.europesays.com\/es\/wp-json\/wp\/v2\/comments?post=121969"}],"version-history":[{"count":0,"href":"https:\/\/www.europesays.com\/es\/wp-json\/wp\/v2\/posts\/121969\/revisions"}],"wp:featuredmedia":[{"embeddable":true,"href":"https:\/\/www.europesays.com\/es\/wp-json\/wp\/v2\/media\/121970"}],"wp:attachment":[{"href":"https:\/\/www.europesays.com\/es\/wp-json\/wp\/v2\/media?parent=121969"}],"wp:term":[{"taxonomy":"category","embeddable":true,"href":"https:\/\/www.europesays.com\/es\/wp-json\/wp\/v2\/categories?post=121969"},{"taxonomy":"post_tag","embeddable":true,"href":"https:\/\/www.europesays.com\/es\/wp-json\/wp\/v2\/tags?post=121969"}],"curies":[{"name":"wp","href":"https:\/\/api.w.org\/{rel}","templated":true}]}}