{"id":121991,"date":"2025-09-18T00:30:15","date_gmt":"2025-09-18T00:30:15","guid":{"rendered":"https:\/\/www.europesays.com\/es\/121991\/"},"modified":"2025-09-18T00:30:15","modified_gmt":"2025-09-18T00:30:15","slug":"isabel-guerra-la-pintora-de-luz-vuelve-a-madrid-con-una-nueva-exposicion-acogida-por-el-espacio-cultural-serreria-belga","status":"publish","type":"post","link":"https:\/\/www.europesays.com\/es\/121991\/","title":{"rendered":"Isabel Guerra, &#8216;la pintora de luz&#8217;, vuelve a Madrid con una nueva exposici\u00f3n acogida por el Espacio Cultural Serrer\u00eda Belga"},"content":{"rendered":"<p class=\"c-paragraph\"><b>Isabel Guerra<\/b> ha vuelto a Madrid despu\u00e9s de 10 a\u00f1os para<b> inaugurar su exposici\u00f3n El fluir del tiempo<\/b>, comisariada por Desir\u00e9e Or\u00fas y de la mano de la Fundaci\u00f3n Ibercaja. El Espacio Cultural Serrer\u00eda Belga, centro dependiente del \u00c1rea de Cultura, Turismo y Deporte del Ayuntamiento de Madrid, acoge la exposici\u00f3n desde este martes hasta el pr\u00f3ximo 19 de octubre. \u00abYo estar\u00e9 feliz si vosotros lo est\u00e1is\u00bb, ha dicho la protagonista durante la presentaci\u00f3n.<\/p>\n<p class=\"c-paragraph\">Conocida como &#8216;la pintora de la luz&#8217;, <b>Guerra ofrece una muestra que incluye obras que juntan tradici\u00f3n y modernidad<\/b>. Adem\u00e1s, supone el regreso de la artista a la capital desde 2015, cuando realiz\u00f3 una exposici\u00f3n en el Centro Cultural Casa de Vacas.<\/p>\n<p class=\"c-paragraph\">El fluir del tiempo\u00a0une <b>dos elementos muy presentes en la obra de Isabel Guerra durante su \u00faltima etapa<\/b>. Por un lado, el clasicismo en su manera de abordar la pintura, por ejemplo en la manera de usar la luz como elemento central, y, por otro, la modernidad, presente en el tratamiento de las texturas, los fondos abstractos y el uso prominente del color.<\/p>\n<p class=\"c-paragraph\">La artista ofrece un viaje visual a trav\u00e9s de 30 obras que est\u00e1n <b>protagonizadas por la figura y el paisaje<\/b>, los dos g\u00e9neros que han hecho de la autora una de las artistas m\u00e1s reconocidas a nivel nacional.<\/p>\n<p class=\"c-paragraph\">Fundaci\u00f3n Ibercaja consigue con esta exposici\u00f3n acercar el arte a toda sociedad, <b>fomentando la interpretaci\u00f3n personal de cada visitante<\/b> al contemplar la luz, el arte y la evoluci\u00f3n de Isabel Guerra.<\/p>\n<p class=\"c-paragraph\">Las obras que se han seleccionado reflejan un per\u00edodo en el que se muestra fiel a s\u00ed misma, con una pintura realista y emocional, pero tambi\u00e9n en b\u00fasqueda de distintos procedimientos. Adem\u00e1s, <b>ha renovado las perspectivas<\/b>, el paisaje adquiere un nuevo volumen y la figura se vuelve m\u00e1s cercana. Tambi\u00e9n hay nuevas tem\u00e1ticas como las flores imaginarias o la danza.<\/p>\n<p class=\"c-paragraph\">Por \u00faltimo, los asistentes podr\u00e1n ver por primera vez <b>el retrato que la artista realiz\u00f3 al expresidente de la Comunidad Aut\u00f3noma de Arag\u00f3n<\/b> <a href=\"https:\/\/www.20minutos.es\/tags\/personas\/javier-lamban.html\" title=\"Javier Lamb\u00e1n\" rel=\"nofollow noopener\" target=\"_blank\">Javier Lamb\u00e1n<\/a>, recientemente fallecido. Esta obra, que se present\u00f3 el pasado 10 de julio, ha sido cedida expresamente por el Gobierno de Arag\u00f3n para esta muestra.<\/p>\n","protected":false},"excerpt":{"rendered":"Isabel Guerra ha vuelto a Madrid despu\u00e9s de 10 a\u00f1os para inaugurar su exposici\u00f3n El fluir del tiempo,&hellip;\n","protected":false},"author":2,"featured_media":121992,"comment_status":"","ping_status":"","sticky":false,"template":"","format":"standard","meta":{"footnotes":""},"categories":[173],"tags":[771,229,233,231,230,11953,8332,232,234,146,147,25,10558,24,40147,23],"class_list":{"0":"post-121991","1":"post","2":"type-post","3":"status-publish","4":"format-standard","5":"has-post-thumbnail","7":"category-arte-y-diseno","8":"tag-acoge","9":"tag-arte","10":"tag-arte-y-diseno","11":"tag-arts","12":"tag-arts-and-design","13":"tag-belga","14":"tag-cultural","15":"tag-design","16":"tag-diseno","17":"tag-entertainment","18":"tag-entretenimiento","19":"tag-es","20":"tag-espacio","21":"tag-espana","22":"tag-serreria","23":"tag-spain"},"share_on_mastodon":{"url":"","error":""},"_links":{"self":[{"href":"https:\/\/www.europesays.com\/es\/wp-json\/wp\/v2\/posts\/121991","targetHints":{"allow":["GET"]}}],"collection":[{"href":"https:\/\/www.europesays.com\/es\/wp-json\/wp\/v2\/posts"}],"about":[{"href":"https:\/\/www.europesays.com\/es\/wp-json\/wp\/v2\/types\/post"}],"author":[{"embeddable":true,"href":"https:\/\/www.europesays.com\/es\/wp-json\/wp\/v2\/users\/2"}],"replies":[{"embeddable":true,"href":"https:\/\/www.europesays.com\/es\/wp-json\/wp\/v2\/comments?post=121991"}],"version-history":[{"count":0,"href":"https:\/\/www.europesays.com\/es\/wp-json\/wp\/v2\/posts\/121991\/revisions"}],"wp:featuredmedia":[{"embeddable":true,"href":"https:\/\/www.europesays.com\/es\/wp-json\/wp\/v2\/media\/121992"}],"wp:attachment":[{"href":"https:\/\/www.europesays.com\/es\/wp-json\/wp\/v2\/media?parent=121991"}],"wp:term":[{"taxonomy":"category","embeddable":true,"href":"https:\/\/www.europesays.com\/es\/wp-json\/wp\/v2\/categories?post=121991"},{"taxonomy":"post_tag","embeddable":true,"href":"https:\/\/www.europesays.com\/es\/wp-json\/wp\/v2\/tags?post=121991"}],"curies":[{"name":"wp","href":"https:\/\/api.w.org\/{rel}","templated":true}]}}