{"id":121999,"date":"2025-09-18T00:34:12","date_gmt":"2025-09-18T00:34:12","guid":{"rendered":"https:\/\/www.europesays.com\/es\/121999\/"},"modified":"2025-09-18T00:34:12","modified_gmt":"2025-09-18T00:34:12","slug":"un-fantasma-en-la-batalla-el-thriller-de-netflix-producido-por-bayona-ya-tiene-trailer-oficial","status":"publish","type":"post","link":"https:\/\/www.europesays.com\/es\/121999\/","title":{"rendered":"Un fantasma en la batalla, el thriller de Netflix producido por Bayona, ya tiene tr\u00e1iler oficial"},"content":{"rendered":"<p>Netflix ha compartido el tr\u00e1iler oficial de la pel\u00edcula de Agust\u00edn D\u00edaz Yanes sobre la agente de polic\u00eda infiltrada en ETA durante casi una d\u00e9cada.<\/p>\n<p>El cine espa\u00f1ol apuntala posiciones en <a href=\"https:\/\/www.hobbyconsolas.com\/reportajes\/netflix-espana-planes-precio-compartir-cuenta-catalogo-1150345\" title=\"Netflix Espa\u00f1a: planes, precio, compartir cuenta, cat\u00e1logo y m\u00e1s\" rel=\"nofollow noopener\" target=\"_blank\">Netflix <\/a>con una pel\u00edcula que es imposible no comparar con la flamante ganadora del Goya, <a href=\"https:\/\/www.hobbyconsolas.com\/reviews\/critica-infiltrada-carolina-yuste-luis-tosar-desmantelando-eta-1409793\" title=\"Cr\u00edtica de La infiltrada, el thriller sobre ETA basado en hechos reales que no te dar\u00e1 un respiro\" rel=\"nofollow noopener\" target=\"_blank\">La infiltrada<\/a>, principalmente porque se basan en la misma historia real. Pero lo que nos propone <a href=\"https:\/\/www.hobbyconsolas.com\/noticias\/fantasma-batalla-producida-j-bayona-presenta-teaser-anuncia-fecha-estreno-cines-netflix-1479192\" title=\"Un fantasma en la batalla, producida por J. A. Bayona, presenta su teaser y anuncia fecha de estreno en cines y Netflix\" rel=\"nofollow noopener\" target=\"_blank\">Un fantasma en la batalla<\/a> puede explorar otros elementos.<\/p>\n<p>Al frente de la direcci\u00f3n y guion de la <a href=\"https:\/\/www.hobbyconsolas.com\/listas\/10-peliculas-netflix-pinta-horrible-te-sorprenderan-muy-gratamente-1242008\" title=\"10 pel\u00edculas de Netflix con una pinta horrible que te sorprender\u00e1n muy gratamente\" rel=\"nofollow noopener\" target=\"_blank\">pel\u00edcula <\/a>de Netflix tenemos a <strong>Agust\u00edn D\u00edaz Yanes<\/strong>, quien tiene en su haber filmes como <strong>Alatriste <\/strong>o <strong>Solo quiero caminar<\/strong>.<\/p>\n<p>La infiltraci\u00f3n de una agente encubierta en la banda terrorista ETA durante los 90 y parte de los 2000 para exponer los zulos de la organizaci\u00f3n, vuelve a ser el coraz\u00f3n de una pel\u00edcula que cuenta con la producci\u00f3n de <strong>Bel\u00e9n Atienza, Sandra Hermida y J.A. Bayona.<\/strong><\/p>\n<p>En el reparto encontraremos talentos como <strong>Susana Abaitua, Andr\u00e9s Gertr\u00fadix, Iraia Elias, Ra\u00fal Ar\u00e9valo, Ariadna Gil, Eduardo Rej\u00f3n, I\u00f1aki Balboa, Ant\u00f3n Soto y Eneko Sanz<\/strong>.<\/p>\n<p>El thriller espa\u00f1ol pega fuerte en Netflix en octubre<\/p>\n<p>Netflix ya hab\u00eda fijado la fecha de estreno de Un fantasma en la batalla para el pr\u00f3ximo <strong>3 de octubre<\/strong>, cuando la <strong>pel\u00edcula <\/strong>disfrutar\u00e1 de un paso limitado por salas antes de llegar a la plataforma el <strong>17 del mismo mes<\/strong>. A continuaci\u00f3n, puedes ver el tr\u00e1iler oficial y la sinopsis:<\/p>\n<p>\u00abAmaia es una joven guardia civil que permanece m\u00e1s de una d\u00e9cada trabajando como agente encubierta dentro de ETA, con el objetivo de localizar los zulos que la banda terrorista ten\u00eda escondidos en el sur de Francia\u2026<\/p>\n<p>Inspirada en las vidas y experiencias de varios miembros de la Guardia Civil directamente involucrados en la lucha antiterrorista y cimentada en el contexto hist\u00f3rico, pol\u00edtico y social de los a\u00f1os 90 y los 2000 en Espa\u00f1a\u00bb.<\/p>\n<p>Si te enganchaste a <strong>La infiltrada<\/strong> en 2024 y te apetece una nueva perspectiva de la nueva historia, ve prepar\u00e1ndote para la llegada de <strong>Un fantasma en la batalla<\/strong>, sea en cines o en <strong>Netflix<\/strong>.<\/p>\n<p>Conoce <a href=\"https:\/\/www.hobbyconsolas.com\/como-trabajamos\" title=\"&quot;C\u00f3mo trabajamos en HobbyConsolas&quot;\" target=\"_blank\" rel=\"nofollow noopener\">c\u00f3mo trabajamos<\/a> en HobbyConsolas.<\/p>\n<p class=\"more-info_p__isR8T\">Etiquetas: <a href=\"https:\/\/www.hobbyconsolas.com\/tags\/netflix\" rel=\"nofollow noopener\" target=\"_blank\">Netflix<\/a><\/p>\n","protected":false},"excerpt":{"rendered":"Netflix ha compartido el tr\u00e1iler oficial de la pel\u00edcula de Agust\u00edn D\u00edaz Yanes sobre la agente de polic\u00eda&hellip;\n","protected":false},"author":2,"featured_media":122000,"comment_status":"","ping_status":"","sticky":false,"template":"","format":"standard","meta":{"footnotes":""},"categories":[169],"tags":[177,146,147,25,24,176,175,23],"class_list":{"0":"post-121999","1":"post","2":"type-post","3":"status-publish","4":"format-standard","5":"has-post-thumbnail","7":"category-cine","8":"tag-cine","9":"tag-entertainment","10":"tag-entretenimiento","11":"tag-es","12":"tag-espana","13":"tag-film","14":"tag-movies","15":"tag-spain"},"share_on_mastodon":{"url":"","error":""},"_links":{"self":[{"href":"https:\/\/www.europesays.com\/es\/wp-json\/wp\/v2\/posts\/121999","targetHints":{"allow":["GET"]}}],"collection":[{"href":"https:\/\/www.europesays.com\/es\/wp-json\/wp\/v2\/posts"}],"about":[{"href":"https:\/\/www.europesays.com\/es\/wp-json\/wp\/v2\/types\/post"}],"author":[{"embeddable":true,"href":"https:\/\/www.europesays.com\/es\/wp-json\/wp\/v2\/users\/2"}],"replies":[{"embeddable":true,"href":"https:\/\/www.europesays.com\/es\/wp-json\/wp\/v2\/comments?post=121999"}],"version-history":[{"count":0,"href":"https:\/\/www.europesays.com\/es\/wp-json\/wp\/v2\/posts\/121999\/revisions"}],"wp:featuredmedia":[{"embeddable":true,"href":"https:\/\/www.europesays.com\/es\/wp-json\/wp\/v2\/media\/122000"}],"wp:attachment":[{"href":"https:\/\/www.europesays.com\/es\/wp-json\/wp\/v2\/media?parent=121999"}],"wp:term":[{"taxonomy":"category","embeddable":true,"href":"https:\/\/www.europesays.com\/es\/wp-json\/wp\/v2\/categories?post=121999"},{"taxonomy":"post_tag","embeddable":true,"href":"https:\/\/www.europesays.com\/es\/wp-json\/wp\/v2\/tags?post=121999"}],"curies":[{"name":"wp","href":"https:\/\/api.w.org\/{rel}","templated":true}]}}