{"id":122025,"date":"2025-09-18T00:51:12","date_gmt":"2025-09-18T00:51:12","guid":{"rendered":"https:\/\/www.europesays.com\/es\/122025\/"},"modified":"2025-09-18T00:51:12","modified_gmt":"2025-09-18T00:51:12","slug":"algunos-jugadores-esperan-para-meterte-el-punal","status":"publish","type":"post","link":"https:\/\/www.europesays.com\/es\/122025\/","title":{"rendered":"\u00abAlgunos jugadores esperan para meterte el pu\u00f1al\u00bb"},"content":{"rendered":"<p><img decoding=\"async\" class=\"voc-author__img\" src=\"https:\/\/www.europesays.com\/es\/wp-content\/uploads\/2025\/08\/autor-4184-foto-8.jpeg\" alt=\"Candela V\u00e1zquez\"\/><\/p>\n<p>17\/09\/2025<br \/>\n<br \/><strong><br \/>\nActualizado a las 21:37h.<br \/>\n<\/strong><\/p>\n<p class=\"voc-p\" style=\"\"><strong>Xavi Garc\u00eda Pimienta<\/strong> fue la \u00faltima &#8216;v\u00edctima&#8217; de la mala situaci\u00f3n deportiva, econ\u00f3mica e institucional del <strong>Sevilla FC<\/strong>. El t\u00e9cnico lleg\u00f3 el pasado verano para hacerse cargo del equipo tras la marcha de <strong>Quique S\u00e1nchez Flores<\/strong>. Sin embargo, su ruptura con la plantilla y cuatro derrotas consecutivas en <strong>LaLiga<\/strong> llevaron al club a destituirle a falta de siete jornadas para que finalizara la competici\u00f3n. <\/p>\n<p class=\"voc-p\" style=\"\"><strong>Joaqu\u00edn Caparr\u00f3s<\/strong> cogi\u00f3 las riendas de un Sevilla, que estuvo a tan s\u00f3lo un punto del descenso. Por su parte, Pimienta denunci\u00f3 al club por su despido, al considerarlo improcedente. No obstante, el catal\u00e1n ha asegurado que recuerda con mucho cari\u00f1o su etapa en la ciudad hispalense. No s\u00f3lo eso, seg\u00fan ha explicado en El Bar de la Cadena Ser de Barcelona, se siente como \u00abun sevillista m\u00e1s\u00bb. <\/p>\n<p class=\"voc-p\" style=\"\">\u00abMe he sentido muy querido, mi paso por Sevilla me ha hecho mejor entrenador.<strong> Estoy muy contento del trabajo<\/strong> que hicimos all\u00ed y ser\u00e9 un sevillista m\u00e1s el resto de mi vida, naturalmente\u00bb, aseguraba Pimienta, el cual sigue a\u00fan sin equipo.<\/p>\n<p class=\"voc-p\" style=\"\">Respecto a c\u00f3mo vive este par\u00e9ntesis en su carrera, el catal\u00e1n reconoce que est\u00e1 esperando \u00abun proyecto que me ilusione\u00bb: \u00abV<strong>iendo mucho f\u00fatbol, que es lo que me gusta<\/strong>, y estando preparado para cuando llegue un proyecto que me ilusione, en el que me vea capaz de aportar a esos jugadores ye equipo, con much\u00edsimas ganas de que eso suceda\u00bb.<\/p>\n<p>\nCr\u00edticas de Marcao\n<\/p>\n<p class=\"voc-p\" style=\"\">Durante la ofrenda floral del Sevilla a la Virgen de los Reyes, <a href=\"https:\/\/www.abc.es\/deportes\/orgullodenervion\/noticias-sevilla-fc\/marcao-entrenador-jugado-futbol-entiende-cabeza-jugadores-20250916133957-nts.html\" target=\"_self\" data-voc-vtm-id=\"in-text-traffic\" title=\"Marcao alab\u00f3 la \u00abmentalidad ganadora\u00bb de Almeyda\" data-mrf-link=\"www.abc.es\" rel=\"nofollow noopener\">Marcao alab\u00f3 la \u00abmentalidad ganadora\u00bb de Almeyda<\/a> y se\u00f1al\u00f3 cu\u00e1l fue la clave sobre la que puede tener un gran a\u00f1o el Sevilla: \u00abMuy simple, ahora tenemos un entrenador que ha jugado al f\u00fatbol y entiende la cabeza de los jugadores. Este cambio y esta mentalidad es clave\u00bb. Esta reflexi\u00f3n se entendi\u00f3 como un posible dardo a anteriores entrenadores del equipo, como el propio Pimienta. <\/p>\n<p class=\"voc-p\" style=\"\">Respecto a este tema, Pimienta desliz\u00f3 una respuesta que bien puede ser una indirecta al defensa brasile\u00f1o: \u00abEl futbolista, yo lo he sido, somos ego\u00edstas y queremos jugar. Normalmente quieren tener su opci\u00f3n, pero hay jugadores que agradecen lo que haces con ellos aunque no jueguen, y <strong>otros est\u00e1n esperando a que te vayas para meterte el pu\u00f1al<\/strong>\u00bb.<\/p>\n<p>Reportar un error<\/p>\n","protected":false},"excerpt":{"rendered":"17\/09\/2025 Actualizado a las 21:37h. Xavi Garc\u00eda Pimienta fue la \u00faltima &#8216;v\u00edctima&#8217; de la mala situaci\u00f3n deportiva, econ\u00f3mica&hellip;\n","protected":false},"author":2,"featured_media":122026,"comment_status":"","ping_status":"","sticky":false,"template":"","format":"standard","meta":{"footnotes":""},"categories":[268],"tags":[168,25,24,201,280,282,3142,2713,40154,34119,40155,281,23,167],"class_list":{"0":"post-122025","1":"post","2":"type-post","3":"status-publish","4":"format-standard","5":"has-post-thumbnail","7":"category-futbol","8":"tag-deportes","9":"tag-es","10":"tag-espana","11":"tag-esperan","12":"tag-football","13":"tag-futbol","14":"tag-garcia","15":"tag-jugadores","16":"tag-meterte","17":"tag-pimienta","18":"tag-punal","19":"tag-soccer","20":"tag-spain","21":"tag-sports"},"share_on_mastodon":{"url":"","error":""},"_links":{"self":[{"href":"https:\/\/www.europesays.com\/es\/wp-json\/wp\/v2\/posts\/122025","targetHints":{"allow":["GET"]}}],"collection":[{"href":"https:\/\/www.europesays.com\/es\/wp-json\/wp\/v2\/posts"}],"about":[{"href":"https:\/\/www.europesays.com\/es\/wp-json\/wp\/v2\/types\/post"}],"author":[{"embeddable":true,"href":"https:\/\/www.europesays.com\/es\/wp-json\/wp\/v2\/users\/2"}],"replies":[{"embeddable":true,"href":"https:\/\/www.europesays.com\/es\/wp-json\/wp\/v2\/comments?post=122025"}],"version-history":[{"count":0,"href":"https:\/\/www.europesays.com\/es\/wp-json\/wp\/v2\/posts\/122025\/revisions"}],"wp:featuredmedia":[{"embeddable":true,"href":"https:\/\/www.europesays.com\/es\/wp-json\/wp\/v2\/media\/122026"}],"wp:attachment":[{"href":"https:\/\/www.europesays.com\/es\/wp-json\/wp\/v2\/media?parent=122025"}],"wp:term":[{"taxonomy":"category","embeddable":true,"href":"https:\/\/www.europesays.com\/es\/wp-json\/wp\/v2\/categories?post=122025"},{"taxonomy":"post_tag","embeddable":true,"href":"https:\/\/www.europesays.com\/es\/wp-json\/wp\/v2\/tags?post=122025"}],"curies":[{"name":"wp","href":"https:\/\/api.w.org\/{rel}","templated":true}]}}