{"id":122029,"date":"2025-09-18T00:53:15","date_gmt":"2025-09-18T00:53:15","guid":{"rendered":"https:\/\/www.europesays.com\/es\/122029\/"},"modified":"2025-09-18T00:53:15","modified_gmt":"2025-09-18T00:53:15","slug":"ruben-rodriguez-experto-en-diseno-de-cocinas-el-podio-de-colores-tendencia-en-la-cocina-2026-estara-formado-por-cashmere-arena-y-ante-revista-interiores","status":"publish","type":"post","link":"https:\/\/www.europesays.com\/es\/122029\/","title":{"rendered":"Rub\u00e9n Rodr\u00edguez, experto en dise\u00f1o de cocinas: \u201cEl podio de colores tendencia en la cocina 2026 estar\u00e1 formado por cashmere, arena y ante\u201d &#8211; Revista Interiores"},"content":{"rendered":"<ol>\n<li><a href=\"https:\/\/news.google.com\/rss\/articles\/CBMi-gFBVV95cUxORkhKRnRNS3FHdWlySGdDcmdsR2Rfc0oyQlh1cDFXNFRCekc4V0xMNUxGRHBmNGw1WHFMWWQtQk0yQ1ZDOUFxZjliMkMzMTIwZ0Q1OHY0TTJZMWtlLXRJR3hSdFl6eDlocERwbGFHVXFZdG5fQ0g5ZktEMzJXS1dyS3dLM1E2enlaanRIZzNmZ2YyYWdma3NLcUw4X1BFd25QeEg1ckU2MDh4RHNWWi1BQkJka0V4c3llZ2dYYk9QbU9UT1M4RGdUdC1WYU9HZzNoWDc1cGJ6REUza2hVYXBEYzgzc1pVeDFzZEdqcEVlejVSNzhsb3ZvczV3?oc=5\" target=\"_blank\" rel=\"nofollow noopener\">Rub\u00e9n Rodr\u00edguez, experto en dise\u00f1o de cocinas: \u201cEl podio de colores tendencia en la cocina 2026 estar\u00e1 formado por cashmere, arena y ante\u201d<\/a>&nbsp;&nbsp;Revista Interiores<\/li>\n<li><a href=\"https:\/\/news.google.com\/rss\/articles\/CBMilAFBVV95cUxOOVNrOUZSTzBpQUhpYzNTOFZxVzF1RmZPeFA2RnhoX0lTX1NXYzBEZ1U5MjB4TTU2NHBPY21xdHROazIzaXNnMlNuc3U1UENaLXUxaUJpR2JxUURPNVVZTVl0Y2dMR1dvZWpROGd6aXg1X0dKdUxYTTlnZWpoMnpDbDVaOXl2VDV1MGF6ZjBjS3BJY0V4?oc=5\" target=\"_blank\" rel=\"nofollow noopener\">Colores que dominar\u00e1n las tendencias en 2026, seg\u00fan el interiorista Antonio Calzado: \u00abLa clave est\u00e1 en que actualice el espacio sin que pierda personalidad que ya tiene la vivienda\u00bb<\/a>&nbsp;&nbsp;El Mueble<\/li>\n<li><a href=\"https:\/\/news.google.com\/rss\/articles\/CBMijgFBVV95cUxOdVFqc3ZSc1lHRU1kV3hDZXltZnhBbzRGUWY2dmRNWmxRd0hldWlpbVBmeVlCdDByQVdFTUFsT0hOWG5PaGRudkl6MDdZS3VCWXR4M0xiaktDTU5rVGpXM2JteUs5U1pITEhzM0ZVQkdBN2xtTURWX29zLVRWcW5EOFVNd1VQLXNzQkxKZzF3?oc=5\" target=\"_blank\" rel=\"nofollow noopener\">Tendencia: Azul Puro ser\u00e1 el color del a\u00f1o 2026<\/a>&nbsp;&nbsp;TOTAL MEDIOS<\/li>\n<li><a href=\"https:\/\/news.google.com\/rss\/articles\/CBMi4gFBVV95cUxOMlVNTExwZE9yS0pwZ1YtWUtMYjloWTlWS19NU0JrUFIwVG01NjhQUktXYWhOQkFsSDd0ZUc2U3ZLYWFTZFFvVm94SEdxcF9KQ2doZWpJbHlNSk40LXhaNU50NG1Na3pVTmF6MDlUdXZqY0tFWHN0OEFrOHlnWkFJVURrNUs4WmswZm56OGdmeFFTUU5lZ2F6aFliME5ybHpXeDRYcUlzN0JJWkhTYjRveHU2MVp1b3Q1NFpGMUpMSWhjU0p3NVRyd21YOGFVTHloTExBSFliSkVPam5MbDNVSS1B?oc=5\" target=\"_blank\" rel=\"nofollow noopener\">Adi\u00f3s al blanco y negro: estos son los tonos estrella que ser\u00e1n la tendencia en decoraci\u00f3n en 2026<\/a>&nbsp;&nbsp;Revista OHLAL\u00c1!<\/li>\n<li><a href=\"https:\/\/news.google.com\/rss\/articles\/CBMi6gFBVV95cUxNVnZteVJNZF9jRDZPemR3dXN5ZEhvcDNtbzB5RnhoZThhRm5GQVhIeU9WSjVScVo2N2F5Q3I5MFlIZjBBVlIzQlVPMTBPbHVndmRqaENPUkNLSGxacjRuV29Oc0NGU2xwNkpqS3p4MWtiSXVFb09ySFNQaloxX3hnWGZFcU9VRjlMR3lJckZhVGRCYnB6NHFxSXZLbmFqdm9lRENLR3ZROW9FenY5dFF6SEduSk1GdGVvdnZBQlMzU2VGRm41SGNLUWRPRWFJbnV6Rkc5eHc5d2lZeElWcDh4Y0pFaEhWNDNLTlE?oc=5\" target=\"_blank\" rel=\"nofollow noopener\">Este es el color del a\u00f1o en tendencia para 2026: ideal para pintar la cocina, living o habitaciones<\/a>&nbsp;&nbsp;El Destape<\/li>\n<\/ol>\n","protected":false},"excerpt":{"rendered":"Rub\u00e9n Rodr\u00edguez, experto en dise\u00f1o de cocinas: \u201cEl podio de colores tendencia en la cocina 2026 estar\u00e1 formado&hellip;\n","protected":false},"author":2,"featured_media":120783,"comment_status":"","ping_status":"","sticky":false,"template":"","format":"standard","meta":{"footnotes":""},"categories":[173],"tags":[229,233,231,230,232,234,146,147,25,24,23],"class_list":{"0":"post-122029","1":"post","2":"type-post","3":"status-publish","4":"format-standard","5":"has-post-thumbnail","7":"category-arte-y-diseno","8":"tag-arte","9":"tag-arte-y-diseno","10":"tag-arts","11":"tag-arts-and-design","12":"tag-design","13":"tag-diseno","14":"tag-entertainment","15":"tag-entretenimiento","16":"tag-es","17":"tag-espana","18":"tag-spain"},"share_on_mastodon":{"url":"","error":""},"_links":{"self":[{"href":"https:\/\/www.europesays.com\/es\/wp-json\/wp\/v2\/posts\/122029","targetHints":{"allow":["GET"]}}],"collection":[{"href":"https:\/\/www.europesays.com\/es\/wp-json\/wp\/v2\/posts"}],"about":[{"href":"https:\/\/www.europesays.com\/es\/wp-json\/wp\/v2\/types\/post"}],"author":[{"embeddable":true,"href":"https:\/\/www.europesays.com\/es\/wp-json\/wp\/v2\/users\/2"}],"replies":[{"embeddable":true,"href":"https:\/\/www.europesays.com\/es\/wp-json\/wp\/v2\/comments?post=122029"}],"version-history":[{"count":0,"href":"https:\/\/www.europesays.com\/es\/wp-json\/wp\/v2\/posts\/122029\/revisions"}],"wp:featuredmedia":[{"embeddable":true,"href":"https:\/\/www.europesays.com\/es\/wp-json\/wp\/v2\/media\/120783"}],"wp:attachment":[{"href":"https:\/\/www.europesays.com\/es\/wp-json\/wp\/v2\/media?parent=122029"}],"wp:term":[{"taxonomy":"category","embeddable":true,"href":"https:\/\/www.europesays.com\/es\/wp-json\/wp\/v2\/categories?post=122029"},{"taxonomy":"post_tag","embeddable":true,"href":"https:\/\/www.europesays.com\/es\/wp-json\/wp\/v2\/tags?post=122029"}],"curies":[{"name":"wp","href":"https:\/\/api.w.org\/{rel}","templated":true}]}}