{"id":12204,"date":"2025-07-29T18:09:09","date_gmt":"2025-07-29T18:09:09","guid":{"rendered":"https:\/\/www.europesays.com\/es\/12204\/"},"modified":"2025-07-29T18:09:09","modified_gmt":"2025-07-29T18:09:09","slug":"los-ingresos-de-kering-en-el-segundo-trimestre-caen-un-18-debido-a-debiles-ventas-minoristas-y-mayoristas","status":"publish","type":"post","link":"https:\/\/www.europesays.com\/es\/12204\/","title":{"rendered":"Los ingresos de Kering en el segundo trimestre caen un 18% debido a d\u00e9biles ventas minoristas y mayoristas"},"content":{"rendered":"\n<p class=\"yf-1090901\">Investing.com &#8211; El martes,  Kering  report\u00f3 una fuerte ca\u00edda del 18% interanual en los ingresos del segundo trimestre, alcanzando los 3.700 millones de euros, ligeramente por debajo de la estimaci\u00f3n de consenso de 3.960 millones de euros de los analistas de LSEG.<\/p>\n<p class=\"yf-1090901\">La ca\u00edda fue impulsada por una debilidad generalizada en todas sus principales casas de moda y un deterioro tanto en los canales minoristas como mayoristas, agravado por la disminuci\u00f3n del turismo en mercados clave.<\/p>\n<p class=\"yf-1090901\">En t\u00e9rminos comparables, los ingresos cayeron un 15%, con un arrastre adicional del 3% debido a efectos cambiarios desfavorables.<\/p>\n<p class=\"yf-1090901\">Las ventas de la red minorista operada directamente por Kering cayeron un 16%, ya que Norteam\u00e9rica y Asia-Pac\u00edfico mostraron una modesta mejora secuencial, pero Europa Occidental y Jap\u00f3n se deterioraron, \u00abprincipalmente debido a una fuerte disminuci\u00f3n del turismo\u00bb, dijo la compa\u00f1\u00eda en su comunicado de prensa del martes.<\/p>\n<p class=\"yf-1090901\">Los ingresos mayoristas y otros tambi\u00e9n cayeron un 12% en t\u00e9rminos comparables, reflejando la presi\u00f3n continua en todos los canales de distribuci\u00f3n del grupo.<\/p>\n<p class=\"yf-1090901\">Gucci, la marca m\u00e1s grande de Kering, vio una ca\u00edda del 25% en las ventas del segundo trimestre en t\u00e9rminos comparables, lastrada por una ca\u00edda del 23% en el comercio minorista y un desplome del 50% en los ingresos mayoristas.<\/p>\n<p class=\"yf-1090901\">Yves Saint Laurent y las \u00abOtras Casas\u00bb del grupo tambi\u00e9n registraron ca\u00eddas de ingresos de dos d\u00edgitos. Solo Bottega Veneta y  Kering  (EPA:PRTP) Eyewear mostraron un crecimiento modesto, este \u00faltimo impulsado por el fuerte rendimiento de las fragancias femeninas de Creed.<\/p>\n<p class=\"yf-1090901\">Para el primer semestre, los ingresos de Kering cayeron un 16% hasta los 7.590 millones de euros. El resultado operativo recurrente fue de 969 millones de euros en la primera mitad del a\u00f1o.<\/p>\n<p class=\"yf-1090901\">El presidente Fran\u00e7ois-Henri Pinault calific\u00f3 el primer semestre como \u00abun per\u00edodo de decisiones trascendentales\u00bb para el grupo, citando cambios en la gesti\u00f3n y esfuerzos continuos para \u00abracionalizar nuestra distribuci\u00f3n y base de costos\u00bb.<\/p>\n<p class=\"yf-1090901\">A pesar del decepcionante rendimiento, afirm\u00f3 que las acciones recientes han \u00abestablecido bases s\u00f3lidas para las pr\u00f3ximas etapas del desarrollo de Kering\u00bb.<\/p>\n<p class=\"yf-1090901\">Este art\u00edculo ha sido generado y traducido con el apoyo de AI y revisado por un editor. Para m\u00e1s informaci\u00f3n, consulte nuestros T&amp;C.<\/p>\n<p class=\"yf-1090901\">Art\u00edculos relacionados<\/p>\n<p class=\"yf-1090901\"><a href=\"https:\/\/es.investing.com\/news\/stock-market-news\/los-ingresos-de-kering-en-el-segundo-trimestre-caen-un-18-debido-a-debiles-ventas-minoristas-y-mayoristas-3238000?utm_medium=feed&amp;utm_source=yahoo&amp;utm_campaign=yahoo-es\" rel=\"nofollow noopener\" target=\"_blank\" data-ylk=\"slk:Los ingresos de Kering en el segundo trimestre caen un 18% debido a d\u00e9biles ventas minoristas y mayoristas;elm:context_link;itc:0;sec:content-canvas\" class=\"link \">Los ingresos de Kering en el segundo trimestre caen un 18% debido a d\u00e9biles ventas minoristas y mayoristas<\/a><\/p>\n<p class=\"yf-1090901\"><a href=\"https:\/\/es.investing.com\/news\/stock-market-news\/los-futuros-de-wall-st-estables-mientras-se-desvanece-el-optimismo-comercial-reunion-de-la-fed-y-resultados-de-los-7-magnificos-en-el-horizonte-3236238?utm_medium=feed&amp;utm_source=yahoo&amp;utm_campaign=yahoo-es\" rel=\"nofollow noopener\" target=\"_blank\" data-ylk=\"slk:El S&amp;P 500 cae por la incertidumbre comercial entre EE.UU. y China; contin\u00faa la avalancha de resultados;elm:context_link;itc:0;sec:content-canvas\" class=\"link \">El S&amp;P 500 cae por la incertidumbre comercial entre EE.UU. y China; contin\u00faa la avalancha de resultados<\/a><\/p>\n<p class=\"yf-1090901\"><a href=\"https:\/\/es.investing.com\/news\/stock-market-news\/los-futuros-del-tsx-suben-ligeramente-en-medio-de-resultados-y-negociaciones-comerciales-3236842?utm_medium=feed&amp;utm_source=yahoo&amp;utm_campaign=yahoo-es\" rel=\"nofollow noopener\" target=\"_blank\" data-ylk=\"slk:TSX sube en medio de oleada de resultados y negociaciones comerciales;elm:context_link;itc:0;sec:content-canvas\" class=\"link \">TSX sube en medio de oleada de resultados y negociaciones comerciales<\/a><\/p>\n","protected":false},"excerpt":{"rendered":"Investing.com &#8211; El martes, Kering report\u00f3 una fuerte ca\u00edda del 18% interanual en los ingresos del segundo trimestre,&hellip;\n","protected":false},"author":2,"featured_media":66,"comment_status":"","ping_status":"","sticky":false,"template":"","format":"standard","meta":{"footnotes":""},"categories":[80],"tags":[82,8507,95,94,25,24,8508,96,23],"class_list":{"0":"post-12204","1":"post","2":"type-post","3":"status-publish","4":"format-standard","5":"has-post-thumbnail","7":"category-economia","8":"tag-business","9":"tag-comunicado-de-prensa","10":"tag-economia","11":"tag-economy","12":"tag-es","13":"tag-espana","14":"tag-etapas-del-desarrollo","15":"tag-millones-de-euros","16":"tag-spain"},"share_on_mastodon":{"url":"","error":""},"_links":{"self":[{"href":"https:\/\/www.europesays.com\/es\/wp-json\/wp\/v2\/posts\/12204","targetHints":{"allow":["GET"]}}],"collection":[{"href":"https:\/\/www.europesays.com\/es\/wp-json\/wp\/v2\/posts"}],"about":[{"href":"https:\/\/www.europesays.com\/es\/wp-json\/wp\/v2\/types\/post"}],"author":[{"embeddable":true,"href":"https:\/\/www.europesays.com\/es\/wp-json\/wp\/v2\/users\/2"}],"replies":[{"embeddable":true,"href":"https:\/\/www.europesays.com\/es\/wp-json\/wp\/v2\/comments?post=12204"}],"version-history":[{"count":0,"href":"https:\/\/www.europesays.com\/es\/wp-json\/wp\/v2\/posts\/12204\/revisions"}],"wp:featuredmedia":[{"embeddable":true,"href":"https:\/\/www.europesays.com\/es\/wp-json\/wp\/v2\/media\/66"}],"wp:attachment":[{"href":"https:\/\/www.europesays.com\/es\/wp-json\/wp\/v2\/media?parent=12204"}],"wp:term":[{"taxonomy":"category","embeddable":true,"href":"https:\/\/www.europesays.com\/es\/wp-json\/wp\/v2\/categories?post=12204"},{"taxonomy":"post_tag","embeddable":true,"href":"https:\/\/www.europesays.com\/es\/wp-json\/wp\/v2\/tags?post=12204"}],"curies":[{"name":"wp","href":"https:\/\/api.w.org\/{rel}","templated":true}]}}