{"id":122044,"date":"2025-09-18T01:03:12","date_gmt":"2025-09-18T01:03:12","guid":{"rendered":"https:\/\/www.europesays.com\/es\/122044\/"},"modified":"2025-09-18T01:03:12","modified_gmt":"2025-09-18T01:03:12","slug":"miles-de-manifestantes-en-londres-contra-la-visita-de-trump","status":"publish","type":"post","link":"https:\/\/www.europesays.com\/es\/122044\/","title":{"rendered":"Miles de manifestantes en Londres contra la visita de Trump"},"content":{"rendered":"<p>    <img src=\"https:\/\/www.europesays.com\/es\/wp-content\/uploads\/2025\/09\/2025-09-17T163A413A17Z-90023204.jpg\" width=\"1024\" height=\"682\" alt=\"\" loading=\"eager\" decoding=\"sync\" fetchpriority=\"high\"\/><\/p>\n<p>            afp_tickers        <\/p>\n<p>        Este contenido fue publicado en    <\/p>\n<p>        17 septiembre 2025 &#8211; 18:41\n<\/p>\n<p>Miles de personas se manifestaron el mi\u00e9rcoles en el centro de Londres contra el presidente estadounidense Donald Trump, que lleg\u00f3 el martes al Reino Unido para una visita oficial de tres d\u00edas.<\/p>\n<p>La concentraci\u00f3n, organizada a instancias del grupo \u00abStop Trump\u00bb, estuvo vigilada por m\u00e1s de 1.600 miembros de las fuerzas de seguridad, indic\u00f3 la polic\u00eda de Londres.<\/p>\n<p>Algunas de las pancartas de los congregados rezaban lemas como \u00abLos migrantes son bienvenidos, Trump no es bienvenido\u00bb, \u00abNo al racismo, no a Trump\u00bb o \u00abBombardear ni\u00f1os en Gaza y festejar en Reino Unido\u00bb.<\/p>\n<p>Donald Trump aterriz\u00f3 la noche del martes en el aeropuerto londinense de Stansted e inici\u00f3 este mi\u00e9rcoles en Windsor su segunda visita de Estado al Reino Unido.<\/p>\n<p>El presidente y su esposa Melania fueron recibidos con gran pompa a mediod\u00eda por los reyes Carlos III y Camila, en el castillo de Windsor, una de las residencias oficiales de la monarqu\u00eda, a unos cuarenta kil\u00f3metros de Londres.\u00a0<\/p>\n<p>Pero la visita de Trump, cuya madre era escocesa, se ha topado con el firme rechazo de parte de la sociedad brit\u00e1nica.\u00a0<\/p>\n<p>\u00abQueremos dar a los brit\u00e1nicos la oportunidad de expresar su odio hacia Donald Trump, su pol\u00edtica y su racismo\u00bb, dijo a la AFP Zoe Gardner, de la coalici\u00f3n \u00abStop Trump\u00bb.<\/p>\n<p>\u00abTengo miedo de la forma en que el mundo est\u00e1 siendo invadido por hombres realmente malvados\u00bb, coment\u00f3 por su parte Jo Williamson, una manifestante de 58 a\u00f1os.<\/p>\n<p>\u00abTuvimos una gran manifestaci\u00f3n aqu\u00ed este fin de semana, muy racista, y quer\u00edamos expresarnos\u00bb, a\u00f1adi\u00f3, en referencia a una concentraci\u00f3n organizada el pasado s\u00e1bado por la extrema derecha, en la que participaron m\u00e1s de 100.000 personas.<\/p>\n<p>cla-ctx-psr\/jvb<\/p>\n","protected":false},"excerpt":{"rendered":"afp_tickers Este contenido fue publicado en 17 septiembre 2025 &#8211; 18:41 Miles de personas se manifestaron el mi\u00e9rcoles&hellip;\n","protected":false},"author":2,"featured_media":122045,"comment_status":"","ping_status":"","sticky":false,"template":"","format":"standard","meta":{"footnotes":""},"categories":[42],"tags":[17,18,3675,636,18680,83,13,14,11,10110,39605,61,62,63,86,64,19,20,9,10,15,16,88,2005,90,12,21,22,65,66,67],"class_list":{"0":"post-122044","1":"post","2":"type-post","3":"status-publish","4":"format-standard","5":"has-post-thumbnail","7":"category-internacional","8":"tag-breaking-news","9":"tag-breakingnews","10":"tag-civil-unrest","11":"tag-conflict","12":"tag-demonstration","13":"tag-diplomacy","14":"tag-featured-news","15":"tag-featurednews","16":"tag-headlines","17":"tag-human-interest","18":"tag-imperial-and-royal-matters","19":"tag-internacional","20":"tag-international","21":"tag-international-news","22":"tag-international-relations","23":"tag-internationalnews","24":"tag-latest-news","25":"tag-latestnews","26":"tag-news","27":"tag-noticias","28":"tag-noticias-destacadas","29":"tag-noticiasdestacadas","30":"tag-politics","31":"tag-society","32":"tag-ticker","33":"tag-titulares","34":"tag-ultimas-noticias","35":"tag-ultimasnoticias","36":"tag-world","37":"tag-world-news","38":"tag-worldnews"},"share_on_mastodon":{"url":"","error":""},"_links":{"self":[{"href":"https:\/\/www.europesays.com\/es\/wp-json\/wp\/v2\/posts\/122044","targetHints":{"allow":["GET"]}}],"collection":[{"href":"https:\/\/www.europesays.com\/es\/wp-json\/wp\/v2\/posts"}],"about":[{"href":"https:\/\/www.europesays.com\/es\/wp-json\/wp\/v2\/types\/post"}],"author":[{"embeddable":true,"href":"https:\/\/www.europesays.com\/es\/wp-json\/wp\/v2\/users\/2"}],"replies":[{"embeddable":true,"href":"https:\/\/www.europesays.com\/es\/wp-json\/wp\/v2\/comments?post=122044"}],"version-history":[{"count":0,"href":"https:\/\/www.europesays.com\/es\/wp-json\/wp\/v2\/posts\/122044\/revisions"}],"wp:featuredmedia":[{"embeddable":true,"href":"https:\/\/www.europesays.com\/es\/wp-json\/wp\/v2\/media\/122045"}],"wp:attachment":[{"href":"https:\/\/www.europesays.com\/es\/wp-json\/wp\/v2\/media?parent=122044"}],"wp:term":[{"taxonomy":"category","embeddable":true,"href":"https:\/\/www.europesays.com\/es\/wp-json\/wp\/v2\/categories?post=122044"},{"taxonomy":"post_tag","embeddable":true,"href":"https:\/\/www.europesays.com\/es\/wp-json\/wp\/v2\/tags?post=122044"}],"curies":[{"name":"wp","href":"https:\/\/api.w.org\/{rel}","templated":true}]}}