{"id":122052,"date":"2025-09-18T01:11:06","date_gmt":"2025-09-18T01:11:06","guid":{"rendered":"https:\/\/www.europesays.com\/es\/122052\/"},"modified":"2025-09-18T01:11:06","modified_gmt":"2025-09-18T01:11:06","slug":"usoa-ostolaza-reaparece-en-el-gran-premio-de-valona-con-el-quinto-puesto","status":"publish","type":"post","link":"https:\/\/www.europesays.com\/es\/122052\/","title":{"rendered":"Usoa Ostolaza reaparece en el Gran Premio de Valona con el quinto puesto"},"content":{"rendered":"<p class=\"v-mdl-ath__p v-mdl-ath__p--6\">\nJueves, 18 de septiembre 2025, 02:00<\/p>\n<p class=\"v-p\"> Las palabras corresponden a Peio Goikoetxea, director del Laboral Kutxa, ayer tras el Gran Premio de Valonia. \u00abLa mejor carrera del a\u00f1o, en mi  &#8230; opini\u00f3n. Todo ha salido como ten\u00edamos pensado. Todas han estado en su sitio y han aportado. Hemos dado un muy buen nivel\u00bb.<\/p>\n<p class=\"v-p\">En su regreso a la competici\u00f3n tras disputar el Tour de Francia, Usoa Ostolaza termin\u00f3 quinta tras demostrar fuerza suficiente para colarse en el grupo de ocho corredoras que se jug\u00f3 la victoria. La zarauztarra llega bien al Mundial de Kigali de la semana pr\u00f3xima.<\/p>\n<ul class=\"v-u\">\n<li class=\"v-u__l\">\n<p class=\"v-p\">\nGren Premio de Valonia\n<\/p>\n<\/li>\n<li class=\"v-u__l\">\n<p class=\"v-p\">\n1. Shari Bossuyt (AG Soudal) 3h28<br \/>\n32\n<\/p>\n<\/li>\n<li class=\"v-u__l\">\n<p class=\"v-p\">\n2<br \/>\nKarlijn Swkinkels (UAE) m.t.\n<\/p>\n<\/li>\n<li class=\"v-u__l\">\n<p class=\"v-p\">\n3<br \/>\nElisa Balsamo (Lidl-Trek) m.t.\n<\/p>\n<\/li>\n<li class=\"v-u__l\">\n<p class=\"v-p\">\n4<br \/>\nLiane Lippert (Movistar) m.t.\n<\/p>\n<\/li>\n<li class=\"v-u__l\">\n<p class=\"v-p\">\n5<br \/>\nUsoa Ostolaza (Laboral Kutxa) m.t.\n<\/p>\n<\/li>\n<li class=\"v-u__l\">\n<p class=\"v-p\">\n54. Irati Aranguren (Laboral K.) a 2<br \/>\n25\n<\/p>\n<\/li>\n<li class=\"v-u__l\">\n<p class=\"v-p\">\nGren Premio de Valonia\n<\/p>\n<\/li>\n<li class=\"v-u__l\">\n<p class=\"v-p\">\n1. Arnaud de Lie (Lotto) 4h30<br \/>\n22\n<\/p>\n<\/li>\n<li class=\"v-u__l\">\n<p class=\"v-p\">\n2<br \/>\nEmilien Jeanni\u00e8re (TotalE.) m.t.\n<\/p>\n<\/li>\n<li class=\"v-u__l\">\n<p class=\"v-p\">\n3<br \/>\nBiniam Girmay (Intermarch\u00e9) m.t.\n<\/p>\n<\/li>\n<li class=\"v-u__l\">\n<p class=\"v-p\">\n4<br \/>\nRoger Adri\u00e1 (Red Bull-Bora) m.t.\n<\/p>\n<\/li>\n<li class=\"v-u__l\">\n<p class=\"v-p\">\n5<br \/>\nMatteo Trentin (Tudor) m.t.\n<\/p>\n<\/li>\n<li class=\"v-u__l\">\n<p class=\"v-p\">\n9<br \/>\nAlex Aranburu (Cofidis) m.t.\n<\/p>\n<\/li>\n<\/ul>\n<p>El equipo Israel, presente<\/p>\n<p class=\"v-p\">La presencia del equipo Israel en la versi\u00f3n masculina del Gran Premio de Valonia no origin\u00f3 ning\u00fan problema extradeportivo. El ezkiotarra Alex Aranburu (Cofidis) termin\u00f3 entre los diez mejores, noveno. Arnaud de Lie venci\u00f3 al sprint en la ascensi\u00f3n que conduce a la ciudadela de Namur.<\/p>\n<p class=\"v-crt__t\"> L\u00edmite de sesiones alcanzadas<\/p>\n<p class=\"v-crt__p\">El acceso al contenido Premium est\u00e1 abierto por cortes\u00eda del establecimiento donde te encuentras, pero ahora mismo hay demasiados usuarios conectados a las vez.<\/p>\n<p class=\"v-crt__p\">Por favor, int\u00e9ntalo pasados unos minutos.<\/p>\n<p>\nVolver a intentar\n<\/p>\n<p class=\"v-crt__t\">Sesi\u00f3n cerrada<\/p>\n<p class=\"v-crt__p\">Al iniciar sesi\u00f3n desde un dispositivo distinto, por seguridad, se cerr\u00f3 la \u00faltima sesi\u00f3n en este.<\/p>\n<p class=\"v-crt__p\">Para continuar disfrutando de su suscripci\u00f3n digital, inicie sesi\u00f3n en este dispositivo.<\/p>\n<p>\nEste contenido es exclusivo para suscriptores\n<\/p>\n<p>Comenta<\/p>\n<p>Reporta un error<\/p>\n","protected":false},"excerpt":{"rendered":"Jueves, 18 de septiembre 2025, 02:00 Las palabras corresponden a Peio Goikoetxea, director del Laboral Kutxa, ayer tras&hellip;\n","protected":false},"author":2,"featured_media":122053,"comment_status":"","ping_status":"","sticky":false,"template":"","format":"standard","meta":{"footnotes":""},"categories":[273],"tags":[313,312,168,25,24,3956,40163,843,3576,6076,6495,23,167,40162,40164],"class_list":{"0":"post-122052","1":"post","2":"type-post","3":"status-publish","4":"format-standard","5":"has-post-thumbnail","7":"category-ciclismo","8":"tag-ciclismo","9":"tag-cycling","10":"tag-deportes","11":"tag-es","12":"tag-espana","13":"tag-gran","14":"tag-ostolaza","15":"tag-premio","16":"tag-puesto","17":"tag-quinto","18":"tag-reaparece","19":"tag-spain","20":"tag-sports","21":"tag-usoa","22":"tag-valona"},"share_on_mastodon":{"url":"","error":""},"_links":{"self":[{"href":"https:\/\/www.europesays.com\/es\/wp-json\/wp\/v2\/posts\/122052","targetHints":{"allow":["GET"]}}],"collection":[{"href":"https:\/\/www.europesays.com\/es\/wp-json\/wp\/v2\/posts"}],"about":[{"href":"https:\/\/www.europesays.com\/es\/wp-json\/wp\/v2\/types\/post"}],"author":[{"embeddable":true,"href":"https:\/\/www.europesays.com\/es\/wp-json\/wp\/v2\/users\/2"}],"replies":[{"embeddable":true,"href":"https:\/\/www.europesays.com\/es\/wp-json\/wp\/v2\/comments?post=122052"}],"version-history":[{"count":0,"href":"https:\/\/www.europesays.com\/es\/wp-json\/wp\/v2\/posts\/122052\/revisions"}],"wp:featuredmedia":[{"embeddable":true,"href":"https:\/\/www.europesays.com\/es\/wp-json\/wp\/v2\/media\/122053"}],"wp:attachment":[{"href":"https:\/\/www.europesays.com\/es\/wp-json\/wp\/v2\/media?parent=122052"}],"wp:term":[{"taxonomy":"category","embeddable":true,"href":"https:\/\/www.europesays.com\/es\/wp-json\/wp\/v2\/categories?post=122052"},{"taxonomy":"post_tag","embeddable":true,"href":"https:\/\/www.europesays.com\/es\/wp-json\/wp\/v2\/tags?post=122052"}],"curies":[{"name":"wp","href":"https:\/\/api.w.org\/{rel}","templated":true}]}}