{"id":122074,"date":"2025-09-18T01:24:07","date_gmt":"2025-09-18T01:24:07","guid":{"rendered":"https:\/\/www.europesays.com\/es\/122074\/"},"modified":"2025-09-18T01:24:07","modified_gmt":"2025-09-18T01:24:07","slug":"meta-lanza-sus-nuevas-gafas-inteligentes-con-pantalla-incorporada","status":"publish","type":"post","link":"https:\/\/www.europesays.com\/es\/122074\/","title":{"rendered":"Meta lanza sus nuevas gafas inteligentes con pantalla incorporada"},"content":{"rendered":"<p>18\/09\/2025<br \/>\n<br \/><strong><br \/>\nActualizado a las 03:06h.<br \/>\n<\/strong><\/p>\n<p class=\"voc-p\" style=\"\"><a href=\"https:\/\/www.abc.es\/noticias\/meta\/\" title=\"www.abc.es\" data-voc-vtm-id=\"in-text-traffic\" data-mrf-link=\"www.abc.es\" rel=\"nofollow noopener\" target=\"_blank\">Meta<\/a> Platforms lanz\u00f3 el mi\u00e9rcoles sus primeras <strong>gafas inteligentes<\/strong> listas para el consumidor con una pantalla incorporada, buscando extender el impulso de su l\u00ednea <strong>Ray-Ban<\/strong>, uno de los primeros \u00e9xitos de consumo de la era de la <a href=\"https:\/\/www.abc.es\/noticias\/inteligencia-artificial\/\" title=\"www.abc.es\" data-voc-vtm-id=\"in-text-traffic\" data-mrf-link=\"www.abc.es\" rel=\"nofollow noopener\" target=\"_blank\">inteligencia artificial<\/a>.<\/p>\n<p class=\"voc-p\" style=\"\">El director ejecutivo <a href=\"https:\/\/www.abc.es\/noticias\/mark-zuckerberg\/\" title=\"www.abc.es\" data-voc-vtm-id=\"in-text-traffic\" data-mrf-link=\"www.abc.es\" rel=\"nofollow noopener\" target=\"_blank\">Mark Zuckerberg<\/a> mostr\u00f3 lo que llam\u00f3 Meta Ray-Ban Display, aunque algunas demostraciones de la nueva tecnolog\u00eda no salieron como estaba previsto; por ejemplo, una presentaci\u00f3n de las gafas no se realiz\u00f3.<\/p>\n<p class=\"voc-p\" style=\"\">\u00abNo s\u00e9 qu\u00e9 decirles\u00bb, dijo Zuckerberg. <strong>\u00abSigo arruin\u00e1ndolo todo\u00bb<\/strong>. El p\u00fablico aplaudi\u00f3.<\/p>\n<p class=\"voc-p\" style=\"\">Las gafas cuentan con una peque\u00f1a pantalla digital en el lente derecho para funciones b\u00e1sicas como notificaciones. Su <strong>precio inicial es de $799<\/strong> y estar\u00e1n disponibles en tiendas el 30 de septiembre.<\/p>\n<p class=\"voc-p\" style=\"\">El lanzamiento en la conferencia anual Connect de Meta para desarrolladores, celebrada en su sede de Menlo Park, California, es su \u00faltimo intento de ponerse al d\u00eda en la carrera de alto riesgo de la IA.<\/p>\n<p class=\"voc-p\" style=\"\">Si bien el gigante de las redes sociales ha estado a la vanguardia en el desarrollo de gafas inteligentes, est\u00e1 detr\u00e1s de rivales como <strong>OpenAI<\/strong> y <strong>Google de Alphabet<\/strong> en el lanzamiento de modelos de inteligencia artificial avanzados.<\/p>\n<p class=\"voc-p\" style=\"\">Para ponerse al d\u00eda, Zuckerberg inici\u00f3 una guerra de talentos en Silicon Valley para captar ingenieros de sus rivales y prometi\u00f3 gastar decenas de miles de millones de d\u00f3lares en chips de inteligencia artificial de \u00faltima generaci\u00f3n.<\/p>\n<p class=\"voc-p\" style=\"\">Tambi\u00e9n ha promocionado las gafas inteligentes como el dispositivo ideal para la superinteligencia (un concepto en el que la IA supera la inteligencia humana en todos los sentidos posibles) porque sirven como una interfaz personal y siempre activa que puede ver, o\u00edr e interactuar con el mundo a trav\u00e9s de la perspectiva del usuario.<\/p>\n<p class=\"voc-p\" style=\"\">Con esa visi\u00f3n en mente, Meta tambi\u00e9n present\u00f3 el mi\u00e9rcoles un nuevo par de gafas Oakley llamadas Vanguard, dirigidas a atletas y con un precio de $499. El dispositivo se integra con plataformas de fitness como Garmin y Strava para ofrecer estad\u00edsticas de entrenamiento en tiempo real y res\u00famenes posteriores al entrenamiento, y ofrece nueve horas de bater\u00eda. Estar\u00e1 disponible a partir del 21 de octubre.<\/p>\n<p class=\"voc-p\" style=\"\">Actualiz\u00f3 su l\u00ednea Ray-Ban, ofreciendo ahora casi el doble de duraci\u00f3n de bater\u00eda que la generaci\u00f3n anterior y <strong>una mejor c\u00e1mara a $379<\/strong>, un precio superior al de $299 de la generaci\u00f3n anterior. Todos los dispositivos conservan funciones existentes, como el asistente de inteligencia artificial de Meta, c\u00e1maras, control manos libres y transmisi\u00f3n en vivo a las redes sociales de la compa\u00f1\u00eda, como <strong>Facebook e Instagram<\/strong>.<\/p>\n<p class=\"voc-p\" style=\"\">Las nuevas gafas llegan en un momento en que Meta se enfrenta al escrutinio p\u00fablico por su gesti\u00f3n de la seguridad infantil en sus plataformas de redes sociales. Reuters inform\u00f3 en agosto que los chatbots de Meta involucraron a ni\u00f1os en conversaciones provocativas sobre sexo y raza, mientras que denunciantes afirmaron a principios de este mes que se les indic\u00f3 a los investigadores que no estudiaran los efectos nocivos de la realidad virtual en los ni\u00f1os. Si bien los analistas no esperan que Celeste registre fuertes ventas, creen que podr\u00eda ser un paso hacia el lanzamiento previsto para 2027 del prototipo \u00abOrion\u00bb de Meta, presentado el a\u00f1o pasado y descrito por Zuckerberg como \u00abla m\u00e1quina del tiempo hacia el futuro\u00bb.<\/p>\n<p class=\"voc-p\" style=\"\">\u00abNo hace mucho tiempo que los consumidores conocieron la IA en gafas y en los \u00faltimos trimestres las marcas tambi\u00e9n han comenzado a incluir pantallas, lo que permite nuevos casos de uso\u00bb, dijo Jitesh Ubrani, gerente de investigaci\u00f3n de Worldwide Mobile Device Trackers de IDC.<\/p>\n<p class=\"voc-p\" style=\"\">Sin embargo, el conocimiento del consumidor y la disponibilidad de gafas de IA con pantalla siguen siendo limitados. Esto cambiar\u00e1 a medida que Meta, Google y otras empresas lancen productos en los pr\u00f3ximos 18 meses.<\/p>\n<p class=\"voc-p\" style=\"\">IDC pronostica que los env\u00edos mundiales de gafas de realidad aumentada\/realidad virtual y gafas inteligentes sin pantalla aumentar\u00e1n un 39,2 % en 2025, alcanzando los 14,3 millones de unidades. Meta impulsar\u00e1 gran parte de este crecimiento gracias a la demanda de las Ray-Ban que fabrica con EssilorLuxottica.<\/p>\n<p>Reportar un error<\/p>\n","protected":false},"excerpt":{"rendered":"18\/09\/2025 Actualizado a las 03:06h. Meta Platforms lanz\u00f3 el mi\u00e9rcoles sus primeras gafas inteligentes listas para el consumidor&hellip;\n","protected":false},"author":2,"featured_media":122075,"comment_status":"","ping_status":"","sticky":false,"template":"","format":"standard","meta":{"footnotes":""},"categories":[81],"tags":[119,123,124,25,24,20954,40166,40165,2629,138,2860,23155,117,121,122,23,118,120],"class_list":{"0":"post-122074","1":"post","2":"type-post","3":"status-publish","4":"format-standard","5":"has-post-thumbnail","7":"category-ciencia-y-tecnologia","8":"tag-ciencia","9":"tag-ciencia-y-tecnologia","10":"tag-cienciaytecnologia","11":"tag-es","12":"tag-espana","13":"tag-gafas","14":"tag-incorporada","15":"tag-inteligentes","16":"tag-lanza","17":"tag-meta","18":"tag-nuevas","19":"tag-pantalla","20":"tag-science","21":"tag-science-and-technology","22":"tag-scienceandtechnology","23":"tag-spain","24":"tag-technology","25":"tag-tecnologia"},"share_on_mastodon":{"url":"","error":""},"_links":{"self":[{"href":"https:\/\/www.europesays.com\/es\/wp-json\/wp\/v2\/posts\/122074","targetHints":{"allow":["GET"]}}],"collection":[{"href":"https:\/\/www.europesays.com\/es\/wp-json\/wp\/v2\/posts"}],"about":[{"href":"https:\/\/www.europesays.com\/es\/wp-json\/wp\/v2\/types\/post"}],"author":[{"embeddable":true,"href":"https:\/\/www.europesays.com\/es\/wp-json\/wp\/v2\/users\/2"}],"replies":[{"embeddable":true,"href":"https:\/\/www.europesays.com\/es\/wp-json\/wp\/v2\/comments?post=122074"}],"version-history":[{"count":0,"href":"https:\/\/www.europesays.com\/es\/wp-json\/wp\/v2\/posts\/122074\/revisions"}],"wp:featuredmedia":[{"embeddable":true,"href":"https:\/\/www.europesays.com\/es\/wp-json\/wp\/v2\/media\/122075"}],"wp:attachment":[{"href":"https:\/\/www.europesays.com\/es\/wp-json\/wp\/v2\/media?parent=122074"}],"wp:term":[{"taxonomy":"category","embeddable":true,"href":"https:\/\/www.europesays.com\/es\/wp-json\/wp\/v2\/categories?post=122074"},{"taxonomy":"post_tag","embeddable":true,"href":"https:\/\/www.europesays.com\/es\/wp-json\/wp\/v2\/tags?post=122074"}],"curies":[{"name":"wp","href":"https:\/\/api.w.org\/{rel}","templated":true}]}}