{"id":122082,"date":"2025-09-18T01:28:08","date_gmt":"2025-09-18T01:28:08","guid":{"rendered":"https:\/\/www.europesays.com\/es\/122082\/"},"modified":"2025-09-18T01:28:08","modified_gmt":"2025-09-18T01:28:08","slug":"plan-alternativo-de-transporte-merida-zafra-sevilla-por-obras","status":"publish","type":"post","link":"https:\/\/www.europesays.com\/es\/122082\/","title":{"rendered":"Plan alternativo de transporte M\u00e9rida-Zafra-Sevilla por obras"},"content":{"rendered":"<p><b>\u00a0<\/b><\/p>\n<p>Por obras de mejora en la l\u00ednea, los viajeros de los servicios de Media Distancia que conectan Extremadura y Sevilla realizar\u00e1n el viaje por carretera entre Zafra y Sevilla del 19 de septiembre al 20 de octubre. Estos servicios se prestar\u00e1n con normalidad entre Zafra y Madrid.<\/p>\n<p>Asimismo, durante los fines de semana del 20-21, 27-28 de septiembre y 11-12 de octubre, el trayecto por carretera se realizar\u00e1 entre M\u00e9rida y Sevilla. Los servicios se prestar\u00e1n con normalidad entre la capital extreme\u00f1a y Madrid.<\/p>\n<p>Los trenes afectados son:<\/p>\n<ul>\n<li><b>Media Distancia 17902 <\/b>Madrid Atocha &#8211; Sevilla Santa Justa.<\/li>\n<li><b>Media Distancia 17907:<\/b> Sevilla Santa Justa &#8211; Madrid Atocha.<\/li>\n<li><b>Regional Expr\u00e9s 18773: <\/b>Plasencia &#8211; Sevilla Santa Justa.<\/li>\n<li><b>Regional Expr\u00e9s 18775:<\/b> Plasencia\/C\u00e1ceres &#8211; Sevilla Santa Justa.<\/li>\n<li><b>Regional Expr\u00e9s 18779:<\/b> Sevilla Santa Justa &#8211; C\u00e1ceres\/Plasencia.<\/li>\n<\/ul>\n<p>De manera puntual, durante los tres fines de semana anteriormente indicados los servicios no realizar\u00e1n parada en Calamonte, Los Santos de Maimona ni Feria-Zafra, y quedar\u00e1n suprimidos los trenes 17823 y 17817 que circulan entre M\u00e9rida y Zafra.<\/p>\n<p>Es necesario adquirir el t\u00edtulo de transporte antes de realizar el viaje. No est\u00e1 permitido llevar mascotas ni bicicletas en el trayecto por carretera.<br \/>\u00a0<\/p>\n","protected":false},"excerpt":{"rendered":"\u00a0 Por obras de mejora en la l\u00ednea, los viajeros de los servicios de Media Distancia que conectan&hellip;\n","protected":false},"author":2,"featured_media":122083,"comment_status":"","ping_status":"","sticky":false,"template":"","format":"standard","meta":{"footnotes":""},"categories":[5],"tags":[259,17,18,25,24,7234,13,14,11,19,20,9,10,15,16,23,12,21,22],"class_list":{"0":"post-122082","1":"post","2":"type-post","3":"status-publish","4":"format-standard","5":"has-post-thumbnail","7":"category-titulares","8":"tag-andalucia","9":"tag-breaking-news","10":"tag-breakingnews","11":"tag-es","12":"tag-espana","13":"tag-extremadura","14":"tag-featured-news","15":"tag-featurednews","16":"tag-headlines","17":"tag-latest-news","18":"tag-latestnews","19":"tag-news","20":"tag-noticias","21":"tag-noticias-destacadas","22":"tag-noticiasdestacadas","23":"tag-spain","24":"tag-titulares","25":"tag-ultimas-noticias","26":"tag-ultimasnoticias"},"share_on_mastodon":{"url":"","error":""},"_links":{"self":[{"href":"https:\/\/www.europesays.com\/es\/wp-json\/wp\/v2\/posts\/122082","targetHints":{"allow":["GET"]}}],"collection":[{"href":"https:\/\/www.europesays.com\/es\/wp-json\/wp\/v2\/posts"}],"about":[{"href":"https:\/\/www.europesays.com\/es\/wp-json\/wp\/v2\/types\/post"}],"author":[{"embeddable":true,"href":"https:\/\/www.europesays.com\/es\/wp-json\/wp\/v2\/users\/2"}],"replies":[{"embeddable":true,"href":"https:\/\/www.europesays.com\/es\/wp-json\/wp\/v2\/comments?post=122082"}],"version-history":[{"count":0,"href":"https:\/\/www.europesays.com\/es\/wp-json\/wp\/v2\/posts\/122082\/revisions"}],"wp:featuredmedia":[{"embeddable":true,"href":"https:\/\/www.europesays.com\/es\/wp-json\/wp\/v2\/media\/122083"}],"wp:attachment":[{"href":"https:\/\/www.europesays.com\/es\/wp-json\/wp\/v2\/media?parent=122082"}],"wp:term":[{"taxonomy":"category","embeddable":true,"href":"https:\/\/www.europesays.com\/es\/wp-json\/wp\/v2\/categories?post=122082"},{"taxonomy":"post_tag","embeddable":true,"href":"https:\/\/www.europesays.com\/es\/wp-json\/wp\/v2\/tags?post=122082"}],"curies":[{"name":"wp","href":"https:\/\/api.w.org\/{rel}","templated":true}]}}