{"id":122088,"date":"2025-09-18T01:35:16","date_gmt":"2025-09-18T01:35:16","guid":{"rendered":"https:\/\/www.europesays.com\/es\/122088\/"},"modified":"2025-09-18T01:35:16","modified_gmt":"2025-09-18T01:35:16","slug":"la-f1-regresa-a-corea-del-sur-gracias-a-mercedes","status":"publish","type":"post","link":"https:\/\/www.europesays.com\/es\/122088\/","title":{"rendered":"La F1 regresa a Corea del Sur gracias a Mercedes"},"content":{"rendered":"<p class=\"gt-block\">Tras desaparecer del calendario tras su cuarta edici\u00f3n en 2013, es poco probable que el Gran Premio de Corea del Sur regrese en los pr\u00f3ximos a\u00f1os. Esto no impide <a href=\"https:\/\/es.autohebdo.fr\/noticias\/estable\/mercedes\" data-internallinksmanager029f6b8e52c=\"80\" title=\"Equipo Mercedes F1\" rel=\"nofollow noopener\" target=\"_blank\">Mercedes<\/a> para alinear un W13 2022 conducido por <a href=\"https:\/\/es.autohebdo.fr\/pilote\/f1\/valtteri-bottas\" data-internallinksmanager029f6b8e52c=\"45\" title=\"Valtteri Bottas\" rel=\"nofollow noopener\" target=\"_blank\">Valtteri Bottas<\/a> en un evento celebrado en el AMG Speedway.<\/p>\n<p class=\"gt-block\">Este circuito, situado en Yongin, es el primer circuito surcoreano que se construy\u00f3, m\u00e1s de diez a\u00f1os antes que el circuito de Yeongam, que alberg\u00f3 los cuatro Grandes Premios de <a href=\"https:\/\/es.autohebdo.fr\/noticias\/f1\" data-internallinksmanager029f6b8e52c=\"1\" title=\"F1\" rel=\"nofollow noopener\" target=\"_blank\">f\u00f3rmula 1<\/a> organizado en el pa\u00eds. Mercedes adquiri\u00f3 los derechos del nombre de la pista a trav\u00e9s de su filial AMG en 2018, y es sede de varias experiencias dedicadas a la marca, como la <a href=\"https:\/\/es.autohebdo.fr\/noticias\/estable\/equipo-porsche\" data-internallinksmanager029f6b8e52c=\"111\" title=\"Equipo Porsche\" rel=\"nofollow noopener\" target=\"_blank\">Porsche<\/a> Centros de Experiencia que han florecido en todo el mundo y en particular en el Circuito de <a href=\"https:\/\/es.autohebdo.fr\/noticias\/-resistencia%2C\/WEC\/24-horas-de-Le-Mans-b\" data-internallinksmanager029f6b8e52c=\"56\" title=\"24 horas de Le Mans\" rel=\"nofollow noopener\" target=\"_blank\">24 Horas de Le Mans<\/a>.<\/p>\n<p>La venta de entradas para el evento, que tendr\u00e1 lugar el 12 de octubre, comenzar\u00e1 el 30 de septiembre. Adem\u00e1s del espect\u00e1culo de F\u00f3rmula 1, Mercedes, en colaboraci\u00f3n con la marca de estilo de vida automovil\u00edstico Peaches, planea numerosas actividades, as\u00ed como conciertos de K-pop. Se espera una asistencia de 30 espectadores. Tambi\u00e9n podr\u00e1n descubrir modelos ic\u00f3nicos de la marca, como un Mercedes-Benz 000 SL, un SLR Stirling Moss de edici\u00f3n limitada y coches hist\u00f3ricos de F300 del Museo del Transporte de Samsung.<\/p>\n<p class=\"gt-block\">\u201cTuve la suerte de participar en el GP de Corea del Sur durante mi primera temporada, en 2013\u201d., dice Bottas. La pasi\u00f3n de los aficionados por nuestro deporte fue evidente y disfrut\u00e9 much\u00edsimo de la experiencia. Es fant\u00e1stico poder traer la F1 de vuelta a este pa\u00eds. El equipo y yo estamos decididos a ofrecer un espect\u00e1culo excepcional para todos en el AMG Speedway el pr\u00f3ximo mes.<\/p>\n<p>Esta ser\u00e1 una de las \u00faltimas apariciones del piloto finland\u00e9s con los colores de Mercedes, ya que regresar\u00e1 a la parrilla el pr\u00f3ximo a\u00f1o al volante de uno de los dos Cadillacs. Su compa\u00f1ero de equipo ser\u00e1 el mexicano Sergio P\u00e9rez.<\/p>\n<p class=\"gt-block\"><strong>LEA TAMBI\u00c9N &gt; <a href=\"https:\/\/es.autohebdo.fr\/noticias\/f1\/La-F2027-negocia-con-los-equipos-la-duplicaci%C3%B3n-de-sprints-y-la-parrilla-inversa-para-1.html\" target=\"_blank\" rel=\"noopener nofollow\">Sprints duplicados y parrilla invertida a partir de 2027\u2026 La F1 quiere negociar con los equipos<\/a><\/strong><\/p>\n","protected":false},"excerpt":{"rendered":"Tras desaparecer del calendario tras su cuarta edici\u00f3n en 2013, es poco probable que el Gran Premio de&hellip;\n","protected":false},"author":2,"featured_media":122089,"comment_status":"","ping_status":"","sticky":false,"template":"","format":"standard","meta":{"footnotes":""},"categories":[270],"tags":[40172,168,25,24,306,271,272,1228,40173,23,167,7844],"class_list":{"0":"post-122088","1":"post","2":"type-post","3":"status-publish","4":"format-standard","5":"has-post-thumbnail","7":"category-formula-1","8":"tag-coree-du-sud","9":"tag-deportes","10":"tag-es","11":"tag-espana","12":"tag-f1","13":"tag-formula-1","14":"tag-formula1","15":"tag-mercedes","16":"tag-showrun","17":"tag-spain","18":"tag-sports","19":"tag-valtteri-bottas"},"share_on_mastodon":{"url":"","error":""},"_links":{"self":[{"href":"https:\/\/www.europesays.com\/es\/wp-json\/wp\/v2\/posts\/122088","targetHints":{"allow":["GET"]}}],"collection":[{"href":"https:\/\/www.europesays.com\/es\/wp-json\/wp\/v2\/posts"}],"about":[{"href":"https:\/\/www.europesays.com\/es\/wp-json\/wp\/v2\/types\/post"}],"author":[{"embeddable":true,"href":"https:\/\/www.europesays.com\/es\/wp-json\/wp\/v2\/users\/2"}],"replies":[{"embeddable":true,"href":"https:\/\/www.europesays.com\/es\/wp-json\/wp\/v2\/comments?post=122088"}],"version-history":[{"count":0,"href":"https:\/\/www.europesays.com\/es\/wp-json\/wp\/v2\/posts\/122088\/revisions"}],"wp:featuredmedia":[{"embeddable":true,"href":"https:\/\/www.europesays.com\/es\/wp-json\/wp\/v2\/media\/122089"}],"wp:attachment":[{"href":"https:\/\/www.europesays.com\/es\/wp-json\/wp\/v2\/media?parent=122088"}],"wp:term":[{"taxonomy":"category","embeddable":true,"href":"https:\/\/www.europesays.com\/es\/wp-json\/wp\/v2\/categories?post=122088"},{"taxonomy":"post_tag","embeddable":true,"href":"https:\/\/www.europesays.com\/es\/wp-json\/wp\/v2\/tags?post=122088"}],"curies":[{"name":"wp","href":"https:\/\/api.w.org\/{rel}","templated":true}]}}