{"id":122090,"date":"2025-09-18T01:36:21","date_gmt":"2025-09-18T01:36:21","guid":{"rendered":"https:\/\/www.europesays.com\/es\/122090\/"},"modified":"2025-09-18T01:36:21","modified_gmt":"2025-09-18T01:36:21","slug":"san-pablo-burgos-se-enfrenta-a-otro-acb-en-madrid","status":"publish","type":"post","link":"https:\/\/www.europesays.com\/es\/122090\/","title":{"rendered":"San Pablo Burgos se enfrenta a otro ACB en Madrid"},"content":{"rendered":"<p class=\"paragraph\">El <a href=\"https:\/\/www.elcorreodeburgos.com\/temas\/san-pablo-burgos\/\" title=\"San Pablo Burgos\" rel=\"nofollow noopener\" target=\"_blank\">San Pablo Burgos<\/a> dispone este jueves de una nueva cita para avanzar en su calendario de preparaci\u00f3n en la que se medir\u00e1 al Coviran Granada a partir de las 19:00 horas en el Pabell\u00f3n Fernando Mart\u00edn de Fuenlabrada, a puerta cerrada. El encuentro forma parte de la quinta semana de trabajo para los de Bruno Savignani, que siguen afinando el engranaje de cara a la temporada en la Liga Endesa.<\/p>\n<p class=\"paragraph\">El equipo burgal\u00e9s ha mantenido su actividad en la pista del Coliseum en los \u00faltimos d\u00edas. En estas sesiones ha comenzado a integrarse progresivamente en el trabajo grupal el p\u00edvot Silvio De Sousa, cuya presencia en la din\u00e1mica supone un paso adelante para el equipo en esta etapa de preparaci\u00f3n.<\/p>\n<p class=\"paragraph\">Como es habitual en este tipo de compromisos, el San Pablo completar\u00e1 por la ma\u00f1ana su sesi\u00f3n de tiro en Burgos antes de viajar a Madrid. En Fuenlabrada le espera un rival conocido y exigente, con el que volver\u00e1 a encontrarse m\u00e1s adelante en competici\u00f3n oficial.<\/p>\n<p class=\"paragraph\">El Coviran Granada, que permanecer\u00e1 por cuarta temporada consecutiva en la Liga Endesa despu\u00e9s de que el\u00a0Real Betis Baloncesto fuera incapaz de completar el ascenso administrativo, encara esta pretemporada con un nuevo cuerpo t\u00e9cnico. El banquillo estar\u00e1 dirigido por el granadino Ram\u00f3n D\u00edaz, mientras que la direcci\u00f3n deportiva recae en Eloy Almaz\u00e1n, hermano del jugador del San Pablo, Pablo Almaz\u00e1n.<\/p>\n<p class=\"paragraph\">En cuanto a la plantilla, el conjunto nazar\u00ed mantiene piezas clave como Iv\u00e1n Aurrecoechea, Jonathan Rousselle o el capit\u00e1n Pere Tom\u00e0s, y ha incorporado a jugadores como Zach Hankins, Beqa Burjanadze o Micah Speight, este \u00faltimo con pasado reciente en el cuadro burgal\u00e9s.<\/p>\n<p class=\"paragraph\">Este ser\u00e1 el quinto amistoso para el San Pablo Burgos en la preparaci\u00f3n de su regreso a la elite del baloncesto espa\u00f1ol. Ya tuvo la oportunidad de enfrentarse la semana anterior a otro rival de la m\u00e1xima categor\u00eda como el Baskonia, <a href=\"https:\/\/www.elcorreodeburgos.com\/deportes\/250912\/237822\/victoria-acb-san-pablo-burgos-puesta-punto.html\" title=\"Victoria ACB para el San Pablo Burgos en su puesta a punto\" rel=\"nofollow noopener\" target=\"_blank\">al que logr\u00f3 derrotar<\/a>. El choque ante el Coviran Granada servir\u00e1 para seguir midiendo el nivel competitivo del grupo y ajustar automatismos de cara al arranque oficial de la campa\u00f1a.<\/p>\n","protected":false},"excerpt":{"rendered":"El San Pablo Burgos dispone este jueves de una nueva cita para avanzar en su calendario de preparaci\u00f3n&hellip;\n","protected":false},"author":2,"featured_media":122091,"comment_status":"","ping_status":"","sticky":false,"template":"","format":"standard","meta":{"footnotes":""},"categories":[269],"tags":[299,298,3920,168,25,24,831,665,205,3919,23,167],"class_list":{"0":"post-122090","1":"post","2":"type-post","3":"status-publish","4":"format-standard","5":"has-post-thumbnail","7":"category-baloncesto","8":"tag-baloncesto","9":"tag-basketball","10":"tag-coliseum","11":"tag-deportes","12":"tag-es","13":"tag-espana","14":"tag-liga-acb","15":"tag-liga-endesa","16":"tag-madrid","17":"tag-san-pablo-burgos","18":"tag-spain","19":"tag-sports"},"share_on_mastodon":{"url":"","error":""},"_links":{"self":[{"href":"https:\/\/www.europesays.com\/es\/wp-json\/wp\/v2\/posts\/122090","targetHints":{"allow":["GET"]}}],"collection":[{"href":"https:\/\/www.europesays.com\/es\/wp-json\/wp\/v2\/posts"}],"about":[{"href":"https:\/\/www.europesays.com\/es\/wp-json\/wp\/v2\/types\/post"}],"author":[{"embeddable":true,"href":"https:\/\/www.europesays.com\/es\/wp-json\/wp\/v2\/users\/2"}],"replies":[{"embeddable":true,"href":"https:\/\/www.europesays.com\/es\/wp-json\/wp\/v2\/comments?post=122090"}],"version-history":[{"count":0,"href":"https:\/\/www.europesays.com\/es\/wp-json\/wp\/v2\/posts\/122090\/revisions"}],"wp:featuredmedia":[{"embeddable":true,"href":"https:\/\/www.europesays.com\/es\/wp-json\/wp\/v2\/media\/122091"}],"wp:attachment":[{"href":"https:\/\/www.europesays.com\/es\/wp-json\/wp\/v2\/media?parent=122090"}],"wp:term":[{"taxonomy":"category","embeddable":true,"href":"https:\/\/www.europesays.com\/es\/wp-json\/wp\/v2\/categories?post=122090"},{"taxonomy":"post_tag","embeddable":true,"href":"https:\/\/www.europesays.com\/es\/wp-json\/wp\/v2\/tags?post=122090"}],"curies":[{"name":"wp","href":"https:\/\/api.w.org\/{rel}","templated":true}]}}