{"id":122096,"date":"2025-09-18T01:40:08","date_gmt":"2025-09-18T01:40:08","guid":{"rendered":"https:\/\/www.europesays.com\/es\/122096\/"},"modified":"2025-09-18T01:40:08","modified_gmt":"2025-09-18T01:40:08","slug":"la-historia-de-la-nevera-convertida-en-biblioteca","status":"publish","type":"post","link":"https:\/\/www.europesays.com\/es\/122096\/","title":{"rendered":"La historia de la nevera convertida en biblioteca"},"content":{"rendered":"<p data-gtm-element-container=\"modulo-texto-link\" class=\"paragraph\"><a href=\"https:\/\/www.lavanguardia.com\/participacion\/20210124\/6185893\/guia-normas-participacion-comunidad-lectores-vanguardia.html\" target=\"_blank\" rel=\"nofollow noopener\">* El autor forma parte de la comunidad de lectores de La Vanguardia<\/a><\/p>\n<p data-gtm-element-container=\"modulo-texto-link\" class=\"paragraph\">En una peque\u00f1a localidad occitana, he fotografiado para<a href=\"https:\/\/www.lavanguardia.com\/participacion\/las-fotos-de-los-lectores\" target=\"_blank\" rel=\"nofollow noopener\"> Las Fotos de los Lectores de La Vanguardia <\/a>un viejo refrigerador que ha sufrido una metamorfosis y ha sido transformado en biblioteca comunitaria.\u00a0<\/p>\n<p data-gtm-element-container=\"modulo-texto-link\" class=\"paragraph\">En su interior, entre rejillas, se apilan novelas, ensayos y cuentos a disposici\u00f3n de cualquiera que desee abrir la puerta. Sobre \u00e9l, un cartel sencillo anuncia lo esencial: le livre (el libro).\u00a0<\/p>\n<p data-gtm-element-container=\"modulo-texto-link\" class=\"paragraph\">El mensaje es contundente: los libros no necesitan grandes templos, basta con espacios creativos y voluntad colectiva para seguir circulando.\u00a0Este tipo de iniciativas recuerdan que la lectura no debe quedar secuestrada por las l\u00f3gicas del mercado ni por las modas tecnol\u00f3gicas.<\/p>\n<p data-gtm-element-container=\"modulo-texto-link\" class=\"paragraph\">En una \u00e9poca en que el libro electr\u00f3nico y las pantallas dominan cada vez m\u00e1s tiempo y atenci\u00f3n, estos peque\u00f1os gestos comunitarios reivindican el valor de lo tangible. Un libro en papel no depende de bater\u00edas ni de actualizaciones de software. Huele, pesa, ocupa un espacio en nuestras manos y en nuestra memoria. La experiencia f\u00edsica de pasar sus p\u00e1ginas es insustituible.<\/p>\n<p>Este tipo de iniciativas recuerdan que la lectura no debe quedar secuestrada por las l\u00f3gicas del mercado ni modas tecnol\u00f3gicas<\/p>\n<p data-gtm-element-container=\"modulo-texto-link\" class=\"paragraph\">El auge de lo digital promete comodidad, pero tambi\u00e9n corre el riesgo de diluir el v\u00ednculo \u00edntimo entre lector y objeto. Leer en una pantalla es leer, s\u00ed, pero el libro f\u00edsico perdura como testigo silencioso de nuestra historia cultural. No se trata de rechazar la tecnolog\u00eda, sino de recordar que el papel encarna algo m\u00e1s que informaci\u00f3n: encarna experiencia, memoria y herencia.<\/p>\n<p data-gtm-element-container=\"modulo-texto-link\" class=\"paragraph\">Quiz\u00e1s por eso un refrigerador lleno de libros en un pueblo cualquiera emociona m\u00e1s que cualquier aplicaci\u00f3n de lectura. Porque habla de comunidad, de confianza y de un acto profundamente humano: compartir historias palpables, que se tocan, que se prestan, que se atesoran.<\/p>\n<p data-gtm-element-container=\"modulo-texto-link\" class=\"paragraph\">El reto de nuestro tiempo no es elegir entre papel o pantalla, sino evitar que la segunda arrincone a la primera. Si de verdad queremos fomentar la lectura, debemos apostar porque el libro f\u00edsico no solo resista, sino que siga siendo el coraz\u00f3n de nuestra cultura lectora.<\/p>\n<p data-gtm-element-container=\"modulo-texto-link\" class=\"paragraph\">Por suerte, en Barcelona, contin\u00faan surgiendo nuevas librer\u00edas, un soplo de esperanza.<\/p>\n<p>                         Ampliar<\/p>\n<p>                <img loading=\"lazy\" decoding=\"async\" data-full-src=\"https:\/\/www.lavanguardia.com\/uploads\/2025\/09\/17\/68ca5f707cf49.jpeg\" alt=\"Refrigerador transformado en biblioteca comunitaria.\" width=\"449\" height=\"674\" src=\"https:\/\/www.europesays.com\/es\/wp-content\/uploads\/2025\/09\/68ca5f707cf49.r_d.774-786.jpeg\" class=\"lazy\"\/><\/p>\n<p class=\"caption-title \">Nevera usada como biblioteca comunitaria.<\/p>\n<p>                    Alfonso Fadeuilhe<\/p>\n<p>    Lee tambi\u00e9n<\/p>\n<p><a href=\"https:\/\/www.lavanguardia.com\/participacion\/20210124\/6185893\/guia-normas-participacion-comunidad-lectores-vanguardia.html\" target=\"_blank\" rel=\"nofollow noopener\">\u25a0 \u00bfC\u00d3MO PUEDO PARTICIPAR EN LA COMUNIDAD DE LA VANGUARDIA?<\/a><\/p>\n<p>\u00a1Participa!<br \/>\n\u00bfQuieres mostrar tus fotograf\u00edas?<\/p>\n<p data-gtm-element-container=\"modulo-texto-link\" class=\"paragraph\">Los interesados en participar en Las Fotos de los Lectores tan solo deben escribir un email a la direcci\u00f3n de correo de nuestra secci\u00f3n de Participaci\u00f3n (participacion@lavanguardia.es) adjuntando la fotograf\u00eda, explicando detalles de c\u00f3mo y d\u00f3nde fue tomada y aportando los datos del autor para la firma de la imagen. Es importante indicar en el asunto del correo: \u00b4Fotos de los Lectores\u00b4.<\/p>\n","protected":false},"excerpt":{"rendered":"* El autor forma parte de la comunidad de lectores de La Vanguardia En una peque\u00f1a localidad occitana,&hellip;\n","protected":false},"author":2,"featured_media":122097,"comment_status":"","ping_status":"","sticky":false,"template":"","format":"standard","meta":{"footnotes":""},"categories":[172],"tags":[224,146,147,25,24,225,23],"class_list":{"0":"post-122096","1":"post","2":"type-post","3":"status-publish","4":"format-standard","5":"has-post-thumbnail","7":"category-libros","8":"tag-books","9":"tag-entertainment","10":"tag-entretenimiento","11":"tag-es","12":"tag-espana","13":"tag-libros","14":"tag-spain"},"share_on_mastodon":{"url":"","error":""},"_links":{"self":[{"href":"https:\/\/www.europesays.com\/es\/wp-json\/wp\/v2\/posts\/122096","targetHints":{"allow":["GET"]}}],"collection":[{"href":"https:\/\/www.europesays.com\/es\/wp-json\/wp\/v2\/posts"}],"about":[{"href":"https:\/\/www.europesays.com\/es\/wp-json\/wp\/v2\/types\/post"}],"author":[{"embeddable":true,"href":"https:\/\/www.europesays.com\/es\/wp-json\/wp\/v2\/users\/2"}],"replies":[{"embeddable":true,"href":"https:\/\/www.europesays.com\/es\/wp-json\/wp\/v2\/comments?post=122096"}],"version-history":[{"count":0,"href":"https:\/\/www.europesays.com\/es\/wp-json\/wp\/v2\/posts\/122096\/revisions"}],"wp:featuredmedia":[{"embeddable":true,"href":"https:\/\/www.europesays.com\/es\/wp-json\/wp\/v2\/media\/122097"}],"wp:attachment":[{"href":"https:\/\/www.europesays.com\/es\/wp-json\/wp\/v2\/media?parent=122096"}],"wp:term":[{"taxonomy":"category","embeddable":true,"href":"https:\/\/www.europesays.com\/es\/wp-json\/wp\/v2\/categories?post=122096"},{"taxonomy":"post_tag","embeddable":true,"href":"https:\/\/www.europesays.com\/es\/wp-json\/wp\/v2\/tags?post=122096"}],"curies":[{"name":"wp","href":"https:\/\/api.w.org\/{rel}","templated":true}]}}