{"id":122111,"date":"2025-09-18T01:49:11","date_gmt":"2025-09-18T01:49:11","guid":{"rendered":"https:\/\/www.europesays.com\/es\/122111\/"},"modified":"2025-09-18T01:49:11","modified_gmt":"2025-09-18T01:49:11","slug":"680-000-palestinos-muertos-380-000-menores-de-cinco-anos-pero-la-vuelta-no-se-pudo-terminar-y-luego-que-eurovision","status":"publish","type":"post","link":"https:\/\/www.europesays.com\/es\/122111\/","title":{"rendered":"680.000 palestinos muertos, 380.000 menores de cinco a\u00f1os, pero La Vuelta no se pudo terminar y luego que Eurovisi\u00f3n&#8230;"},"content":{"rendered":"<p>Mientras en Espa\u00f1a una buena parte de la pol\u00edtica se afanaba en discutir las protestas propalestinas durante La Vuelta o en si RTVE deb\u00eda participar o no en un concurso festivo como Eurovisi\u00f3n, en Ginebra, la relatora especial de la ONU para los territorios ocupados palestinos, Francesca Albanese, <a href=\"https:\/\/www.youtube.com\/watch?v=jjRMAhl81Gk\" target=\"_blank\" rel=\"nofollow noopener\">comparec\u00eda ante la prensa<\/a> con el rostro compungido. Lo que estaba a punto de hacer Albanese podr\u00eda resultar hasta fr\u00edvolo, como si alguien tuviera tiempo o ganas de ponerse a estudiar matem\u00e1ticas en mitad de un genocidio. \u00abEs un doloroso honor estar aqu\u00ed en un momento tan cr\u00edtico para Gaza y para los palestinos en su conjunto\u00bb, dijo Albanese refiri\u00e9ndose al \u00abhorror absoluto que padece el pueblo de Gaza\u00bb. Justo despu\u00e9s, sin m\u00e1s pr\u00f3logo, la relatora de Naciones Unidas solt\u00f3 el dato en el que \u00abhabr\u00eda que empezar a pensar\u00bb, basado en los \u00faltimos estudios cient\u00edficos. Seg\u00fan algunos investigadores,\u00a0<b>en 710 d\u00edas, habr\u00edan muerto asesinados al menos 680.000 palestinos, entre ellos 380.000 ni\u00f1os menores de cinco a\u00f1os<\/b>.<\/p>\n<p>En un esfuerzo por mantener la rigurosidad y la diplomacia, Albanese relat\u00f3, una tras otra, <b>las cifras confirmadas del genocidio en Gaza<\/b>. 1.581 trabajadores sanitarios asesinados. 252 periodistas asesinados. 346 trabajadores de la ONU asesinados. 10.000 palestinos detenidos, \u00aben su mayor\u00eda de forma arbitraria\u00bb. 75 presos palestinos asesinados \u00abbajo custodia israel\u00ed\u00bb. M\u00e1s del 85% de Gaza, en ruinas. En Cisjordania, y tambi\u00e9n en estos 710 d\u00edas, han sido asesinados al menos 1.000 palestinos, de los cuales 212 son ni\u00f1os; se han producido, adem\u00e1s, 1.600 incursiones \u00aben zonas habitadas por palestinos\u00bb, un 22% m\u00e1s que en a\u00f1os anteriores. Los \u00abasesinatos selectivos tambi\u00e9n est\u00e1n aumentando\u00bb.<\/p>\n<p>M\u00e1s cifras. El s\u00e1bado 13 de septiembre, mientras las protestas por la normalizaci\u00f3n del genocidio en La Vuelta llegaban a Madrid, el medio neerland\u00e9s De Volkskrant <a href=\"https:\/\/www.volkskrant.nl\/kijkverder\/v\/2025\/gunshot-palestine-children-israel-war~v1819649\/\" target=\"_blank\" rel=\"nofollow noopener\">public\u00f3 una investigaci\u00f3n<\/a> seg\u00fan la cual <b>al menos 114 ni\u00f1os palestinos han sido alcanzados con disparos de manera deliberada<\/b>. Para sus c\u00e1lculos, el peri\u00f3dico se bas\u00f3 en conversaciones con quince m\u00e9dicos internacionales que trabajaron en hospitales de Gaza. \u00abSeg\u00fan el recuento m\u00e1s conservador, en total atendieron a 114 ni\u00f1os de 15 a\u00f1os o menos con heridas de bala en la cabeza o el pecho, la mayor\u00eda de los cuales han fallecido\u00bb, informa. Aunque el Ej\u00e9rcito israel\u00ed se neg\u00f3 a contestar a las preguntas de los periodistas holandeses, \u00abtestigos presenciales dijeron a los m\u00e9dicos que las balas proven\u00edan en su mayor\u00eda de francotiradores o drones de las Fuerzas de Defensa de Israel\u201d. Por si acaso, adem\u00e1s, De Vokskrant consult\u00f3 con un excomandante del Ej\u00e9rcito de Tierra neerland\u00e9s, Mart de Kruif, quien constat\u00f3 que \u00abla posibilidad de que se trate de impactos accidentales es insignificante, ya que los m\u00e9dicos describen m\u00e1s de un centenar de casos\u00bb. La cadena brit\u00e1nica BBC hizo lo mismo, pero <a href=\"https:\/\/www.bbc.com\/mundo\/articles\/cvgn6ewng41o\" target=\"_blank\" rel=\"nofollow noopener\">elev\u00f3 la cifra a al menos 160 ni\u00f1os<\/a>.<\/p>\n<p><img decoding=\"async\" loading=\"lazy\" src=\"https:\/\/img2.huffingtonpost.es\/files\/image_720\/uploads\/2025\/09\/17\/radiografia-del-craneo-de-mira-una-nina-palestina-de-4-anos-asesinada.jpeg\" width=\"720\" height=\"0\"  data-full-src=\"https:\/\/www.europesays.com\/es\/wp-content\/uploads\/2025\/09\/radiografia-del-craneo-de-mira-una-nina-palestina-de-4-anos-asesinada.jpeg\" \/><\/p>\n<p>            \u00a0<\/p>\n<p>        Radiograf\u00eda del cr\u00e1neo de Mira, una ni\u00f1a palestina de 4 a\u00f1os asesinada.Mimi Syed<\/p>\n<p>Otros n\u00fameros. Este martes, el Ministerio de Salud gazat\u00ed cifr\u00f3 en 428 los palestinos que han muerto de hambre, de los que 146 son ni\u00f1os. En julio de este a\u00f1o, <a href=\"https:\/\/www.theguardian.com\/world\/2025\/jul\/31\/the-mathematics-of-starvation-how-israel-caused-a-famine-in-gaza\" target=\"_blank\" rel=\"nofollow noopener\">The Guardian public\u00f3 un art\u00edculo titulado \u00abLas matem\u00e1ticas de la hambruna\u00bb<\/a> en el que explicaban que Israel hab\u00eda \u00abcalculado cu\u00e1ntas calor\u00edas necesitan los palestinos para sobrevivir\u00bb. En 2008, un tribunal israel\u00ed orden\u00f3 al Gobierno a hacer p\u00fablicos los datos de sus c\u00e1lculos despu\u00e9s de que, dos a\u00f1os antes, un asesor del entonces primer ministro, Ehud Olmert, asegurase que \u00abla idea es poner a los palestinos a dieta\u00bb. Seg\u00fan las c\u00e1balas de la agencia israel\u00ed Cogat, \u00ablos palestinos necesitaban un m\u00ednimo promedio de 2.279 calor\u00edas por persona al d\u00eda, que podr\u00edan proporcionarse a trav\u00e9s de 1.836 kilos de alimentos\u00bb. Seg\u00fan el peri\u00f3dico brit\u00e1nico, los israel\u00eds hab\u00edan realizado esos c\u00e1lculos en el pasado para evitar llegar a la situaci\u00f3n de hambruna. Bien, pues ahora permiten una entrada de comida muy inferior. <b>\u00abNo pueden atribuir la responsabilidad de la hambruna provocada a nadie m\u00e1s\u00bb<\/b>, concluy\u00f3 The Guardian.<\/p>\n<p><b>Hay otras cifras, en este caso de billetes<\/b>. Mientras en Espa\u00f1a el exciclista y comentarista en televisi\u00f3n de La Vuelta Perico Delgado ridiculizaba las protestas propalestinas con eso de \u00abqu\u00e9 gran negocio el que haya vendido las banderas [palestinas]\u00bb, lo que s\u00ed hab\u00eda era empresas haciendo caja con la destrucci\u00f3n de Gaza. <a href=\"https:\/\/www.huffingtonpost.es\/global\/un-genocidio-lucrativo-francesca-albanese-denuncia-onu-colaboracionismo-empresarial-israel.html\" target=\"_blank\" rel=\"nofollow noopener\">En su informe del mes de julio sobre el paso de \u00abla econom\u00eda de la ocupaci\u00f3n a la econom\u00eda del genocidio\u00bb<\/a>, la relatora especial de la ONU Francesca Albanese document\u00f3 que <b>desde el 7 de octubre de 2023 la bolsa de Tel Aviv, capital de Israel, hab\u00eda subido un 213%, \u00abacumulando 225.700 millones de d\u00f3lares en ganancias burs\u00e1tiles\u00bb<\/b>. \u00abEstos rendimientos \u2013 destacaba el informe \u2013 se alcanzaron mientras el genocidio israel\u00ed devastaba las vidas y los paisajes palestinos\u00bb.<\/p>\n<p>Tal y como destac\u00f3 Albanese este martes desde la ciudad suiza, <b>detr\u00e1s de cada uno de estos n\u00fameros hay \u00abvidas humanas, una historia truncada, una familia rota\u00bb<\/b>. \u00abEl trauma y el dolor durar\u00e1 generaciones\u00bb, avis\u00f3 antes de denunciar que muchos pa\u00edses del mundo sigan \u00abhaciendo la vista gorda\u00bb. \u00abEl comercio de armas y el compromiso diplom\u00e1tico con Israel contin\u00faa sin cesar, y esto no solo es inmoral, sino ilegal. [&#8230;] Es un crimen mundial que se sostiene con silencio, complicidad y suministro de fondos y cobertura pol\u00edtica\u00bb. En el mundo, s\u00ed, como record\u00f3 Albanese, hubo otros genocidios, como los de Bosnia o Ruanda, pero si este tiene lugar es \u00abporque al mundo no le ha importado lo suficiente\u00bb. Hay, por ejemplo, a quien le importa m\u00e1s que se complete La Vuelta o asegurar su participaci\u00f3n en Eurovisi\u00f3n.<\/p>\n","protected":false},"excerpt":{"rendered":"Mientras en Espa\u00f1a una buena parte de la pol\u00edtica se afanaba en discutir las protestas propalestinas durante La&hellip;\n","protected":false},"author":2,"featured_media":122112,"comment_status":"","ping_status":"","sticky":false,"template":"","format":"standard","meta":{"footnotes":""},"categories":[42],"tags":[17,18,13,14,694,79,11,61,62,63,64,74,19,20,9,10,15,16,76,12,21,22,65,66,67],"class_list":{"0":"post-122111","1":"post","2":"type-post","3":"status-publish","4":"format-standard","5":"has-post-thumbnail","7":"category-internacional","8":"tag-breaking-news","9":"tag-breakingnews","10":"tag-featured-news","11":"tag-featurednews","12":"tag-gaza","13":"tag-genocidio","14":"tag-headlines","15":"tag-internacional","16":"tag-international","17":"tag-international-news","18":"tag-internationalnews","19":"tag-israel","20":"tag-latest-news","21":"tag-latestnews","22":"tag-news","23":"tag-noticias","24":"tag-noticias-destacadas","25":"tag-noticiasdestacadas","26":"tag-palestina","27":"tag-titulares","28":"tag-ultimas-noticias","29":"tag-ultimasnoticias","30":"tag-world","31":"tag-world-news","32":"tag-worldnews"},"share_on_mastodon":{"url":"","error":""},"_links":{"self":[{"href":"https:\/\/www.europesays.com\/es\/wp-json\/wp\/v2\/posts\/122111","targetHints":{"allow":["GET"]}}],"collection":[{"href":"https:\/\/www.europesays.com\/es\/wp-json\/wp\/v2\/posts"}],"about":[{"href":"https:\/\/www.europesays.com\/es\/wp-json\/wp\/v2\/types\/post"}],"author":[{"embeddable":true,"href":"https:\/\/www.europesays.com\/es\/wp-json\/wp\/v2\/users\/2"}],"replies":[{"embeddable":true,"href":"https:\/\/www.europesays.com\/es\/wp-json\/wp\/v2\/comments?post=122111"}],"version-history":[{"count":0,"href":"https:\/\/www.europesays.com\/es\/wp-json\/wp\/v2\/posts\/122111\/revisions"}],"wp:featuredmedia":[{"embeddable":true,"href":"https:\/\/www.europesays.com\/es\/wp-json\/wp\/v2\/media\/122112"}],"wp:attachment":[{"href":"https:\/\/www.europesays.com\/es\/wp-json\/wp\/v2\/media?parent=122111"}],"wp:term":[{"taxonomy":"category","embeddable":true,"href":"https:\/\/www.europesays.com\/es\/wp-json\/wp\/v2\/categories?post=122111"},{"taxonomy":"post_tag","embeddable":true,"href":"https:\/\/www.europesays.com\/es\/wp-json\/wp\/v2\/tags?post=122111"}],"curies":[{"name":"wp","href":"https:\/\/api.w.org\/{rel}","templated":true}]}}