{"id":122117,"date":"2025-09-18T01:53:13","date_gmt":"2025-09-18T01:53:13","guid":{"rendered":"https:\/\/www.europesays.com\/es\/122117\/"},"modified":"2025-09-18T01:53:13","modified_gmt":"2025-09-18T01:53:13","slug":"el-tsjcyl-levanta-la-medida-cautelarisima-que-impedia-celebrar-el-toro-jubilo-de-medinaceli","status":"publish","type":"post","link":"https:\/\/www.europesays.com\/es\/122117\/","title":{"rendered":"El TSJCyL levanta la medida cautelar\u00edsima que imped\u00eda celebrar el Toro Jubilo de Medinaceli"},"content":{"rendered":"<p>    Noticias relacionadas<\/p>\n<p class=\"paragraph\" id=\"paragraph_1\">La Sala de lo Contencioso-Administrativo del Tribunal Superior de Justicia de Castilla y Le\u00f3n (TSJCyL), con sede en Burgos, ha aceptado el recurso de apelaci\u00f3n presentado por el Ayuntamiento de Medinaceli (Soria) contra la medida cautelar\u00edsima adoptada en noviembre de 2024 por un juzgado de Soria que imped\u00eda en la pr\u00e1ctica la celebraci\u00f3n del festejo del Toro Jubilo de Medinaceli (Soria).<\/p>\n<p class=\"paragraph\" id=\"paragraph_2\">La Secci\u00f3n Primera de la Sala de lo Contencioso-Administrativo del TSJCyL ha revocado la decisi\u00f3n que hab\u00eda adoptado en noviembre de 2024 el Juzgado de lo Contencioso-Administrativo de Soria a instancias del Partido Animalista con el Medio Ambiente (Pacma) contra la autorizaci\u00f3n que hab\u00eda emitido el Ayuntamiento de Medinaceli y la propia Delegaci\u00f3n Territorial de la Junta.<\/p>\n<p class=\"paragraph\" id=\"paragraph_3\">La decisi\u00f3n del Alto Tribunal, conocida por Ical, se produce despu\u00e9s de que en febrero la misma sala tumbara la sentencia del Juzgado de lo Contencioso-Administrativo n\u00famero 1 de Soria que consider\u00f3 la celebraci\u00f3n del festejo era contraria a derecho e ilegal, e inadmiti\u00f3 el recurso presentado por el Pacma contra la resoluci\u00f3n del Ayuntamiento de la localidad que aprob\u00f3 el espect\u00e1culo.<\/p>\n<p><img loading=\"lazy\" decoding=\"async\" alt=\"El Toro Jubilo de Medinaceli\" height=\"180\" src=\"https:\/\/www.europesays.com\/es\/wp-content\/uploads\/2025\/09\/840676146_240799108_320x180.jpg\" width=\"320\" data-lazy-status=\"processed\" data-lazy-info=\"remove loading item 1\"\/><\/p>\n<p class=\"paragraph\" id=\"paragraph_4\">En este nuevo pronunciamiento, el TSJ alude a que no se puede obviar el cumplimiento del requisito de que el acto recurrido agote la v\u00eda administrativa. En este caso, el tribunal se\u00f1ala que Pacma pudo recurrir en noviembre de 2023 en alzada la autorizaci\u00f3n del Ayuntamiento y la Delegaci\u00f3n Territorial de la Junta ante la directora de la Agencia de Protecci\u00f3n Civil de la Comunidad.<\/p>\n<p class=\"paragraph\" id=\"paragraph_5\">Aunque reconoce la \u201cpremura de los plazos\u201d, se\u00f1al\u00f3 que el partido animalista al igual que acudi\u00f3 \u201cr\u00e1pidamente\u201d a recurrir y solicitar medidas cautelares en v\u00eda jurisdiccional, \u201cnada le imped\u00eda haber utilizado la v\u00eda administrativa\u201d y solicitar la suspensi\u00f3n del espect\u00e1culo taurino.<\/p>\n<p class=\"paragraph\" id=\"paragraph_6\">\u201cNos encontramos con que se recurren dos actos administrativos no susceptibles de ser recurridos en v\u00eda jurisdiccional\u201d, se\u00f1ala y a\u00f1ade: \u201cNo cabe adoptar medidas en v\u00eda judicial contra acuerdos que no pueden ser objeto de impugnaci\u00f3n\u201d.<\/p>\n<p><img decoding=\"async\" alt=\"Una protesta de Pacma ante el Ayuntamiento de Medinaceli\" height=\"180\" loading=\"lazy\" width=\"320\" data-lazy-status=\"processed\" id=\"a74749991e\" src=\"https:\/\/www.elespanol.com\/castilla-y-leon\/region\/soria\/20250916\/tsjcyl-levanta-medida-cautelarisima-impedia-celebrar-toro-jubilo-medinaceli\/[\" https:=\"\" data-lazy-info=\"changed src\"\/><\/p>\n<p class=\"paragraph\" id=\"paragraph_7\">Contra esta resoluci\u00f3n, que no impone costas a ninguna de las partes, cabe presentar un recurso de casaci\u00f3n ante la Sala de lo Contencioso-Administrativo del Tribunal Supremo o ante la Secci\u00f3n de Casaci\u00f3n de la Sala de lo Contencioso-Administrativo con sede en el TSJCyL.<\/p>\n","protected":false},"excerpt":{"rendered":"Noticias relacionadas La Sala de lo Contencioso-Administrativo del Tribunal Superior de Justicia de Castilla y Le\u00f3n (TSJCyL), con&hellip;\n","protected":false},"author":2,"featured_media":122118,"comment_status":"","ping_status":"","sticky":false,"template":"","format":"standard","meta":{"footnotes":""},"categories":[277],"tags":[373,168,25,24,24349,246,40180,23,167,625,374,444,493],"class_list":{"0":"post-122117","1":"post","2":"type-post","3":"status-publish","4":"format-standard","5":"has-post-thumbnail","7":"category-toreo","8":"tag-bullfighting","9":"tag-deportes","10":"tag-es","11":"tag-espana","12":"tag-medinaceli","13":"tag-soria","14":"tag-soria-provincia","15":"tag-spain","16":"tag-sports","17":"tag-tauromaquia","18":"tag-toreo","19":"tag-toros","20":"tag-tribunales"},"share_on_mastodon":{"url":"","error":""},"_links":{"self":[{"href":"https:\/\/www.europesays.com\/es\/wp-json\/wp\/v2\/posts\/122117","targetHints":{"allow":["GET"]}}],"collection":[{"href":"https:\/\/www.europesays.com\/es\/wp-json\/wp\/v2\/posts"}],"about":[{"href":"https:\/\/www.europesays.com\/es\/wp-json\/wp\/v2\/types\/post"}],"author":[{"embeddable":true,"href":"https:\/\/www.europesays.com\/es\/wp-json\/wp\/v2\/users\/2"}],"replies":[{"embeddable":true,"href":"https:\/\/www.europesays.com\/es\/wp-json\/wp\/v2\/comments?post=122117"}],"version-history":[{"count":0,"href":"https:\/\/www.europesays.com\/es\/wp-json\/wp\/v2\/posts\/122117\/revisions"}],"wp:featuredmedia":[{"embeddable":true,"href":"https:\/\/www.europesays.com\/es\/wp-json\/wp\/v2\/media\/122118"}],"wp:attachment":[{"href":"https:\/\/www.europesays.com\/es\/wp-json\/wp\/v2\/media?parent=122117"}],"wp:term":[{"taxonomy":"category","embeddable":true,"href":"https:\/\/www.europesays.com\/es\/wp-json\/wp\/v2\/categories?post=122117"},{"taxonomy":"post_tag","embeddable":true,"href":"https:\/\/www.europesays.com\/es\/wp-json\/wp\/v2\/tags?post=122117"}],"curies":[{"name":"wp","href":"https:\/\/api.w.org\/{rel}","templated":true}]}}