{"id":122135,"date":"2025-09-18T02:09:10","date_gmt":"2025-09-18T02:09:10","guid":{"rendered":"https:\/\/www.europesays.com\/es\/122135\/"},"modified":"2025-09-18T02:09:10","modified_gmt":"2025-09-18T02:09:10","slug":"esta-disponible-en-esta-plataforma","status":"publish","type":"post","link":"https:\/\/www.europesays.com\/es\/122135\/","title":{"rendered":"est\u00e1 disponible en esta plataforma"},"content":{"rendered":"<p><img decoding=\"async\" class=\"voc-author__img\" src=\"https:\/\/www.europesays.com\/es\/wp-content\/uploads\/2025\/08\/autor-7048-foto-2.png\" alt=\"Patricia Marcos\"\/><\/p>\n<p>17\/09\/2025<br \/>\n<br \/><strong><br \/>\nActualizado a las 17:52h.<br \/>\n<\/strong><\/p>\n<p class=\"voc-p\" style=\"\">Ya tenemos a <a href=\"https:\/\/www.abc.es\/play\/cine\/noticias\/directo-sirat-sorda-romeria-pelicula-representara-espana-20250917122317-nt.html\" title=\"www.abc.es\" data-voc-vtm-id=\"in-text-traffic\" data-mrf-link=\"www.abc.es\" rel=\"nofollow noopener\" target=\"_blank\">la pel\u00edcula que representar\u00e1 a Espa\u00f1a en la 98 edici\u00f3n de los Premios Oscar<\/a>. <strong>&#8216;Sirat&#8217;<\/strong>, de <strong>Oliver Laxe<\/strong>, ha sido la cinta elegida por la Academia de las Artes y las Ciencias Cinematogr\u00e1ficas para, en caso de pasar el corte, ser una de las nominadas dentro de la categor\u00eda a <strong>Mejor Pel\u00edcula Internacional<\/strong> en los galardones que otorga la Academia de Hollywood.<\/p>\n<p class=\"voc-p\" style=\"\">El director de cine Pablo Berger ha sido el encargado de dar la noticia este mi\u00e9rcoles en la sede de la Academia de Cine. De esta forma, &#8216;Sirat&#8217; se ha impuesto a las otras dos candidatas: <strong>&#8216;Sorda&#8217;,<\/strong> de Eva Libertad, y <strong>&#8216;Romer\u00eda&#8217;<\/strong>, de Carla Sim\u00f3n.<\/p>\n<p class=\"voc-p\" style=\"\">Ahora, &#8216;Sirat&#8217; inicia su camino para el Oscar con la mirada puesta en el pr\u00f3ximo mes de diciembre, cuando sabremos si pasa el primer corte de la Academia de Hollywood. El a\u00f1o pasado la candidatura espa\u00f1ola recay\u00f3 en <strong>&#8216;Segundo Premio&#8217;,<\/strong> de Isaki Lacuesta y Pol Rodr\u00edguez, que no logr\u00f3 entrar entre las cinco finalistas a los Oscar.<\/p>\n<p class=\"voc-p\" style=\"\">Laxe ha confesado este mi\u00e9rcoles que &#8216;Sirat&#8217; <strong>\u00abno es una pel\u00edcula de Oscar\u00bb<\/strong>, pero, sin embargo, \u00abes un bicho extra\u00f1o, \u00fanico, que hace sentir cosas genuinas\u00bb y que \u00abno para de crecer\u00bb. \u00ab<strong>Vamos a pelearlo,<\/strong> vamos a defender esta pel\u00edcula en la que creemos\u00bb, ha adelantado en declaraciones a EFE.<\/p>\n<p>\nUn thriller de intriga en pleno S\u00e1hara\n<\/p>\n<p class=\"voc-p\" style=\"\">&#8216;Sirat&#8217; es el cuarto largometraje de Oliver Laxe, cineasta gallego detr\u00e1s de &#8216;Todos v\u00f3s sodes capit\u00e1ns&#8217;, &#8216;Mimosas&#8217; y &#8216;O que arde&#8217;. La pel\u00edcula narra la historia de un padre y su hijo que viajan hasta una <strong>rave perdida<\/strong> en medio de las monta\u00f1as del sur de Marruecos para buscar <strong>a Mar<\/strong>, su hija y hermana, <strong>desaparecida <\/strong>hace meses en una de esas fiestas.<\/p>\n<p class=\"voc-p\" style=\"\">La cinta est\u00e1 protagonizada por <strong>Sergi L\u00f3pez <\/strong>y por el joven <strong>Bruno N\u00fa\u00f1ez Arjona. <\/strong>Adem\u00e1s, forman parte del reparto Stefania Gadda, Joshua Liam Henderson, Tonin Janvier, Jade Oukid y Richard Bellamy, quienes debutan en el mundo del cine.<\/p>\n<p class=\"voc-p\" style=\"\">&#8216;Sirat&#8217; tuvo una gran acogida entre la cr\u00edtica. Compiti\u00f3 por la Palma de Oro en la 78\u00aa edici\u00f3n del <strong>Festival de Cannes<\/strong>, aunque finalmente no se hizo con el galard\u00f3n. Sin embargo, s\u00ed consigui\u00f3 el Premio del Jurado. <\/p>\n<p class=\"voc-p\" style=\"\">Tal y como ha asegurado Laxe en distintas ocasiones, &#8216;Sirat&#8217; es su <strong>pel\u00edcula m\u00e1s complicada hasta el momento<\/strong>. Y es que su rodaje se desarrol\u00f3 en distintas localizaciones de Teruel y Zaragoza, adem\u00e1s de en Marruecos. De esta forma, el equipo de la cinta tuvo que pasar de filmar a varios grados bajo cero en las noches aragonesas al calor extremo del S\u00e1hara en verano.<\/p>\n<p>\nD\u00f3nde ver &#8216;Sirat&#8217;\n<\/p>\n<p class=\"voc-p\" style=\"\">&#8216;Sirat&#8217; lleg\u00f3 a los <strong>cines <\/strong>de Espa\u00f1a el pasado 6 de junio y, hasta la fecha, ha recaudado m\u00e1s de<strong> 2,5 millones de euros<\/strong>. Recientemente se estren\u00f3 en Francia, donde en menos de una semana ha recaudado m\u00e1s de un mill\u00f3n de euros, superando en un 80% la afluencia de espectadores en nuestro pa\u00eds.<\/p>\n<p class=\"voc-p\" style=\"\">No obstante, tambi\u00e9n ser\u00e1 posible disfrutar de la pel\u00edcula en una plataforma de streaming. Y es que &#8216;Sirat&#8217; estar\u00e1 disponible en <strong>Movistar Plus+<\/strong>, que se encuentra detr\u00e1s de su producci\u00f3n junto con El Deseo (productora de los hermanos Agust\u00edn y Pedro Almod\u00f3var), Filmes Da Ermida, Uri Films y 4A4 Productions.<\/p>\n<blockquote class=\"twitter-tweet\">\n<p lang=\"es\" dir=\"ltr\">\u00a1El viaje contin\u00faa, ahora hasta los Oscar! <\/p>\n<p>Enhorabuena a todo el equipo de &#8216;Sirat&#8217;, pel\u00edcula original Movistar Plus+, que representar\u00e1 a Espa\u00f1a en la pr\u00f3xima edici\u00f3n de los premios de la Academia de Hollywood. <\/p>\n<p>Disponible el 19 de septiembre. <a href=\"https:\/\/t.co\/wryZMuNcUB\" rel=\"nofollow\">pic.twitter.com\/wryZMuNcUB<\/a><\/p>\n<p>\u2014 Movistar Plus+ (@MovistarPlus) <a href=\"https:\/\/twitter.com\/MovistarPlus\/status\/1968267206602772930?ref_src=twsrc%5Etfw\" rel=\"nofollow noopener\" target=\"_blank\">September 17, 2025<\/a><\/p><\/blockquote>\n<p class=\"voc-p\" style=\"\">Sin embargo, todav\u00eda habr\u00e1 que esperar unos d\u00edas para poder verla en Movistar Plus+. La pel\u00edcula que representar\u00e1 a Espa\u00f1a en la pr\u00f3xima edici\u00f3n de los Premios Oscar estar\u00e1 disponible en la plataforma desde el pr\u00f3ximo<strong> viernes 19 de septiembre<\/strong>.<\/p>\n<p>Reportar un error<\/p>\n<p><script async src=\"https:\/\/platform.twitter.com\/widgets.js\" charset=\"utf-8\"><\/script><\/p>\n","protected":false},"excerpt":{"rendered":"17\/09\/2025 Actualizado a las 17:52h. Ya tenemos a la pel\u00edcula que representar\u00e1 a Espa\u00f1a en la 98 edici\u00f3n&hellip;\n","protected":false},"author":2,"featured_media":122136,"comment_status":"","ping_status":"","sticky":false,"template":"","format":"standard","meta":{"footnotes":""},"categories":[91],"tags":[8885,146,147,25,24,39954,11991,2789,1257,1043,532,38931,39953,23,809],"class_list":{"0":"post-122135","1":"post","2":"type-post","3":"status-publish","4":"format-standard","5":"has-post-thumbnail","7":"category-entretenimiento","8":"tag-disponible","9":"tag-entertainment","10":"tag-entretenimiento","11":"tag-es","12":"tag-espana","13":"tag-laxe","14":"tag-oliver","15":"tag-oscar","16":"tag-pelicula","17":"tag-plataforma","18":"tag-premios","19":"tag-representara","20":"tag-sirat","21":"tag-spain","22":"tag-ver"},"share_on_mastodon":{"url":"","error":""},"_links":{"self":[{"href":"https:\/\/www.europesays.com\/es\/wp-json\/wp\/v2\/posts\/122135","targetHints":{"allow":["GET"]}}],"collection":[{"href":"https:\/\/www.europesays.com\/es\/wp-json\/wp\/v2\/posts"}],"about":[{"href":"https:\/\/www.europesays.com\/es\/wp-json\/wp\/v2\/types\/post"}],"author":[{"embeddable":true,"href":"https:\/\/www.europesays.com\/es\/wp-json\/wp\/v2\/users\/2"}],"replies":[{"embeddable":true,"href":"https:\/\/www.europesays.com\/es\/wp-json\/wp\/v2\/comments?post=122135"}],"version-history":[{"count":0,"href":"https:\/\/www.europesays.com\/es\/wp-json\/wp\/v2\/posts\/122135\/revisions"}],"wp:featuredmedia":[{"embeddable":true,"href":"https:\/\/www.europesays.com\/es\/wp-json\/wp\/v2\/media\/122136"}],"wp:attachment":[{"href":"https:\/\/www.europesays.com\/es\/wp-json\/wp\/v2\/media?parent=122135"}],"wp:term":[{"taxonomy":"category","embeddable":true,"href":"https:\/\/www.europesays.com\/es\/wp-json\/wp\/v2\/categories?post=122135"},{"taxonomy":"post_tag","embeddable":true,"href":"https:\/\/www.europesays.com\/es\/wp-json\/wp\/v2\/tags?post=122135"}],"curies":[{"name":"wp","href":"https:\/\/api.w.org\/{rel}","templated":true}]}}