{"id":122137,"date":"2025-09-18T02:10:12","date_gmt":"2025-09-18T02:10:12","guid":{"rendered":"https:\/\/www.europesays.com\/es\/122137\/"},"modified":"2025-09-18T02:10:12","modified_gmt":"2025-09-18T02:10:12","slug":"este-es-el-ordenador-portatil-que-compraria-ahora-mismo-para-estudiar-o-trabajar","status":"publish","type":"post","link":"https:\/\/www.europesays.com\/es\/122137\/","title":{"rendered":"este es el ordenador port\u00e1til que comprar\u00eda ahora mismo para estudiar o trabajar"},"content":{"rendered":"<p>Aunque Apple tiene dispositivos y accesorios que son bastante caros, hay otros que gozan de una excelente relaci\u00f3n calidad-precio. El <a class=\"text-outboundlink\" href=\"https:\/\/www.xataka.com\/ordenadores\/apple-mac-mini-m4-caracteristicas-precio-ficha-tecnica\" data-vars-post-title=\"Apple Mac mini M4 (2024): un nuevo dise\u00f1o m\u00ednimo que el chip M4 Pro convierte en gigante de escritorio\" data-vars-post-url=\"https:\/\/www.xataka.com\/ordenadores\/apple-mac-mini-m4-caracteristicas-precio-ficha-tecnica\" rel=\"nofollow noopener\" target=\"_blank\">Mac mini M4<\/a> es uno de ellos, pero el <strong>MacBook Air M4<\/strong> tampoco se queda atr\u00e1s, sobre todo con la gran oleada de ofertas que hemos ido viendo durante estos \u00faltimos meses. Ahora, MediaMarkt, que es de las tiendas que mejores ofertas ha tenido, ha vuelto a lanzar un nuevo descuento que deja el port\u00e1til por <a rel=\"nofollow, sponsored, noopener, noreferrer\" target=\"_blank\" class=\"js-ecommerce\" id=\"link-ecommerce-1\" href=\"https:\/\/www.xataka.com\/redirect?url=https%3A%2F%2Fwww.mediamarkt.es%2Fes%2Fproduct%2F_apple-macbook-air-2025-136-retina-chip-m4-apple-cpu-de-10-nucleos-gpu-de-8-nucleos-16-gb-ram-256gb-de-ssd-medianoche-1596179.html&amp;category=seleccion&amp;ecomPostExpiration=everlasting&amp;postId=324519\" data-vars-affiliate-url=\"https:\/\/www.mediamarkt.es\/es\/product\/_apple-macbook-air-2025-136-retina-chip-m4-apple-cpu-de-10-nucleos-gpu-de-8-nucleos-16-gb-ram-256gb-de-ssd-medianoche-1596179.html\">979 euros<\/a>, el nuevo precio m\u00ednimo hist\u00f3rico de la tienda.<\/p>\n<p> <a rel=\"nofollow, sponsored, noopener, noreferrer\" target=\"_blank\" href=\"https:\/\/www.xataka.com\/redirect?site=xataka&amp;url=https%3A%2F%2Fwww.mediamarkt.es%2Fes%2Fproduct%2F_apple-macbook-air-2025-136-retina-chip-m4-apple-cpu-de-10-nucleos-gpu-de-8-nucleos-16-gb-ram-256gb-de-ssd-medianoche-1596179.html&amp;affiliate_id=&amp;ecomPostExpiration=everlasting&amp;postId=324519\"><br \/>\n     <img loading=\"lazy\" decoding=\"async\" src=\"https:\/\/www.europesays.com\/es\/wp-content\/uploads\/2025\/09\/1758161411_237_original.jpeg\" alt=\"MacBook Air M4 (16 GB, 256 GB)\" width=\"900\" height=\"900\"\/><br \/>\n   <\/a><\/p>\n<p class=\"pivot-ecommerce-desc\">MacBook Air M4 (16 GB, 256 GB)<\/p>\n<p>El precio podr\u00eda variar. Obtenemos comisi\u00f3n por estos enlaces<\/p>\n<p>El MacBook Air M4 con un nuevo precio m\u00ednimo de MediaMarkt<\/p>\n<p>                    <a rel=\"nofollow, sponsored, noopener, noreferrer\" target=\"_blank\" class=\"js-ecommerce\" id=\"link-ecommerce-2\" href=\"https:\/\/www.xataka.com\/redirect?url=https%3A%2F%2Fwww.mediamarkt.es%2Fes%2Fproduct%2F_apple-macbook-air-2025-136-retina-chip-m4-apple-cpu-de-10-nucleos-gpu-de-8-nucleos-16-gb-ram-256gb-de-ssd-medianoche-1596179.html&amp;category=seleccion&amp;ecomPostExpiration=everlasting&amp;postId=324519\" data-vars-affiliate-url=\"https:\/\/www.mediamarkt.es\/es\/product\/_apple-macbook-air-2025-136-retina-chip-m4-apple-cpu-de-10-nucleos-gpu-de-8-nucleos-16-gb-ram-256gb-de-ssd-medianoche-1596179.html\"><br \/>\n         <img class=\"centro_sinmarco\" height=\"900\" width=\"1600\" loading=\"lazy\" decoding=\"async\"  fetchpriority=\"high\"  src=\"https:\/\/www.europesays.com\/es\/wp-content\/uploads\/2025\/09\/1758161411_453_450_1000.jpeg\" alt=\"Mediamarkt\"\/><\/p>\n<p>     <\/a><\/p>\n<p>El <a class=\"text-outboundlink\" href=\"https:\/\/www.xataka.com\/analisis\/macbook-air-m4-2025-analisis-caracteristicas-precio-especificaciones\" data-vars-post-title=\"MacBook Air M4, an\u00e1lisis: si el port\u00e1til m\u00e1s interesante de Apple ahora cuesta menos y es m\u00e1s potente, apaga y v\u00e1monos\" data-vars-post-url=\"https:\/\/www.xataka.com\/analisis\/macbook-air-m4-2025-analisis-caracteristicas-precio-especificaciones\" rel=\"nofollow noopener\" target=\"_blank\">MacBook Air M4<\/a> es actualmente el ordenador port\u00e1til con mejor relaci\u00f3n calidad-precio dentro del cat\u00e1logo de Apple y es en parte gracias tanto a su precio como a su <strong>chip M4<\/strong>, que ofrece un buen rendimiento, una buena potencia y, por supuesto, compatibilidad con <a class=\"text-outboundlink\" href=\"https:\/\/www.xataka.com\/basics\/apple-intelligence-que-disponibilidad-que-va-a-poder-hacer-inteligencia-artificial-para-iphone-ipad-mac\" data-vars-post-title=\"Apple Intelligence: qu\u00e9 es, disponibilidad y qu\u00e9 va a poder hacer la inteligencia artificial para iPhone, iPad y Mac\" data-vars-post-url=\"https:\/\/www.xataka.com\/basics\/apple-intelligence-que-disponibilidad-que-va-a-poder-hacer-inteligencia-artificial-para-iphone-ipad-mac\" rel=\"nofollow noopener\" target=\"_blank\">Apple Intelligence<\/a>.<\/p>\n<p>Es lo suficientemente potente como para poder utilizarlo tanto para estudiar como para trabajar, independientemente de que lo hagamos dentro o fuera de casa, ya que sumado al propio chip de Apple hablamos de un port\u00e1til delgado y ligero que <strong>pesa 1,24 kilos<\/strong>. Adem\u00e1s, se trata de un port\u00e1til compacto que viene acompa\u00f1ado de un buen panel de 13,6 pulgadas.<\/p>\n<p>Por otro lado, uno de los puntos clave del MacBook Air M4 (y generalmente de los port\u00e1tiles de Apple) es que ofrece una muy buena <strong>autonom\u00eda de hasta 18 horas<\/strong> de reproducci\u00f3n de v\u00eddeo, evitando as\u00ed que tengamos que hacer uso constantemente del cargador. Tambi\u00e9n conviene se\u00f1alar que viene con un par de puertos Thunderbolt 4 y una webcam con Encuadre Centrado.<\/p>\n<p>    <a href=\"https:\/\/www.compradiccion.com\/moda-hombre\/decathlon-vende-chaqueta-tipo-barbour-que-vamos-a-querer-llevar-este-otono-triunfar-lleno-vistiendo\" class=\"pivot-outboundlink\" target=\"_blank\" data-vars-post-title=\"Decathlon vende la chaqueta tipo Barbour que vamos a querer llevar este oto\u00f1o y triunfar de lleno vistiendo  \" rel=\"nofollow noopener\"><br \/>\n     <img loading=\"lazy\" decoding=\"async\" alt=\"Decathlon vende la chaqueta tipo Barbour que vamos a querer llevar este oto\u00f1o y triunfar de lleno vistiendo  \" width=\"375\" height=\"142\" src=\"https:\/\/www.europesays.com\/es\/wp-content\/uploads\/2025\/09\/1758161411_827_375_142.jpeg\"\/><br \/>\n    <\/a><\/p>\n<p>Tambi\u00e9n te pueden interesar estos accesorios para el MacBook Air M4<\/p>\n<p> <a rel=\"nofollow, sponsored, noopener, noreferrer\" target=\"_blank\" href=\"https:\/\/www.xataka.com\/redirect?site=xataka&amp;url=https%3A%2F%2Fwww.amazon.es%2Fdp%2FB07FNHV4MW%3Ftag%3Dxataka-21%26linkCode%3Dogi%26th%3D1%26psc%3D1&amp;affiliate_id=&amp;ecomPostExpiration=everlasting&amp;postId=324519\"><br \/>\n     <img loading=\"lazy\" decoding=\"async\" src=\"https:\/\/www.europesays.com\/es\/wp-content\/uploads\/2025\/09\/1758161412_845_original.jpeg\" alt=\"Logitech MX Rat\u00f3n Vertical Inal\u00e1mbrico Ergon\u00f3mico, Multi-Ordenador, 2,4 GHz\/Bluetooth con Receptor Unifying USB, Seguimiento \u00d3ptico 4000 DPI, 4 Botones, Carga R\u00e1pida - Negro\" width=\"500\" height=\"500\"\/><br \/>\n   <\/a><\/p>\n<p class=\"pivot-ecommerce-desc\">Logitech MX Rat\u00f3n Vertical Inal\u00e1mbrico Ergon\u00f3mico, Multi-Ordenador, 2,4 GHz\/Bluetooth con Receptor Unifying USB, Seguimiento \u00d3ptico 4000 DPI, 4 Botones, Carga R\u00e1pida &#8211; Negro<\/p>\n<p>El precio podr\u00eda variar. Obtenemos comisi\u00f3n por estos enlaces<\/p>\n<p> <a rel=\"nofollow, sponsored, noopener, noreferrer\" target=\"_blank\" href=\"https:\/\/www.xataka.com\/redirect?site=xataka&amp;url=https%3A%2F%2Fwww.amazon.es%2Fdp%2FB078SD7XVM%3Ftag%3Dxataka-21%26linkCode%3Dogi%26th%3D1%26psc%3D1&amp;affiliate_id=&amp;ecomPostExpiration=everlasting&amp;postId=324519\"><br \/>\n     <img loading=\"lazy\" decoding=\"async\" src=\"https:\/\/www.europesays.com\/es\/wp-content\/uploads\/2025\/09\/1758161412_340_original.jpeg\" alt=\"tomtoc 360\u00b0 Funda para 13 Pulgadas Nuevo MacBook Air M4\/M3\/M2\/M1 (2025-2018) A3240 A3113 A2681 A2337, 13 Pulgadas MacBook Pro M2\/A2686 M1\/A2338, Repelente al Agua Protecci\u00f3n Total Bolsa para port\u00e1til\" width=\"500\" height=\"432\"\/><br \/>\n   <\/a><\/p>\n<p class=\"pivot-ecommerce-desc\">tomtoc 360\u00b0 Funda para 13 Pulgadas Nuevo MacBook Air M4\/M3\/M2\/M1 (2025-2018) A3240 A3113 A2681 A2337, 13 Pulgadas MacBook Pro M2\/A2686 M1\/A2338, Repelente al Agua Protecci\u00f3n Total Bolsa para port\u00e1til<\/p>\n<p>El precio podr\u00eda variar. Obtenemos comisi\u00f3n por estos enlaces<\/p>\n<p>Algunos de los enlaces de este art\u00edculo son afiliados y pueden reportar un beneficio a Xataka. En caso de no disponibilidad, las ofertas pueden variar.<\/p>\n<p>Im\u00e1genes |\u00a0<a href=\"https:\/\/www.xataka.com\/autor\/javier-penalva\" rel=\"nofollow noopener\" target=\"_blank\">Javier Penalva<\/a>, Apple<\/p>\n<p>En Xataka |\u00a0<a class=\"text-outboundlink\" href=\"https:\/\/www.xataka.com\/seleccion\/macbook-air-m4-vs-mackbook-air-m3-estas-principales-diferencias-dos-modelos\" data-vars-post-title=\"MacBook Air M4 vs MackBook Air M3: estas son las principales diferencias entre los dos modelos\" data-vars-post-url=\"https:\/\/www.xataka.com\/seleccion\/macbook-air-m4-vs-mackbook-air-m3-estas-principales-diferencias-dos-modelos\" rel=\"nofollow noopener\" target=\"_blank\">MacBook Air M4 vs MackBook Air M3: estas son las principales diferencias entre los dos modelos<\/a><\/p>\n<p>En Xataka |\u00a0<a class=\"text-outboundlink\" href=\"https:\/\/www.xataka.com\/seleccion\/macbook-air-vs-macbook-pro-te-explicamos-cual-elegir\" data-vars-post-title=\"MacBook Air Vs MacBook Pro: te explicamos cu\u00e1l elegir\" data-vars-post-url=\"https:\/\/www.xataka.com\/seleccion\/macbook-air-vs-macbook-pro-te-explicamos-cual-elegir\" rel=\"nofollow noopener\" target=\"_blank\">MacBook Air Vs MacBook Pro: te explicamos cu\u00e1l elegir<\/a><\/p>\n","protected":false},"excerpt":{"rendered":"Aunque Apple tiene dispositivos y accesorios que son bastante caros, hay otros que gozan de una excelente relaci\u00f3n&hellip;\n","protected":false},"author":2,"featured_media":122138,"comment_status":"","ping_status":"","sticky":false,"template":"","format":"standard","meta":{"footnotes":""},"categories":[81],"tags":[119,123,124,25,24,117,121,122,23,118,120],"class_list":{"0":"post-122137","1":"post","2":"type-post","3":"status-publish","4":"format-standard","5":"has-post-thumbnail","7":"category-ciencia-y-tecnologia","8":"tag-ciencia","9":"tag-ciencia-y-tecnologia","10":"tag-cienciaytecnologia","11":"tag-es","12":"tag-espana","13":"tag-science","14":"tag-science-and-technology","15":"tag-scienceandtechnology","16":"tag-spain","17":"tag-technology","18":"tag-tecnologia"},"share_on_mastodon":{"url":"","error":""},"_links":{"self":[{"href":"https:\/\/www.europesays.com\/es\/wp-json\/wp\/v2\/posts\/122137","targetHints":{"allow":["GET"]}}],"collection":[{"href":"https:\/\/www.europesays.com\/es\/wp-json\/wp\/v2\/posts"}],"about":[{"href":"https:\/\/www.europesays.com\/es\/wp-json\/wp\/v2\/types\/post"}],"author":[{"embeddable":true,"href":"https:\/\/www.europesays.com\/es\/wp-json\/wp\/v2\/users\/2"}],"replies":[{"embeddable":true,"href":"https:\/\/www.europesays.com\/es\/wp-json\/wp\/v2\/comments?post=122137"}],"version-history":[{"count":0,"href":"https:\/\/www.europesays.com\/es\/wp-json\/wp\/v2\/posts\/122137\/revisions"}],"wp:featuredmedia":[{"embeddable":true,"href":"https:\/\/www.europesays.com\/es\/wp-json\/wp\/v2\/media\/122138"}],"wp:attachment":[{"href":"https:\/\/www.europesays.com\/es\/wp-json\/wp\/v2\/media?parent=122137"}],"wp:term":[{"taxonomy":"category","embeddable":true,"href":"https:\/\/www.europesays.com\/es\/wp-json\/wp\/v2\/categories?post=122137"},{"taxonomy":"post_tag","embeddable":true,"href":"https:\/\/www.europesays.com\/es\/wp-json\/wp\/v2\/tags?post=122137"}],"curies":[{"name":"wp","href":"https:\/\/api.w.org\/{rel}","templated":true}]}}