{"id":122163,"date":"2025-09-18T02:31:12","date_gmt":"2025-09-18T02:31:12","guid":{"rendered":"https:\/\/www.europesays.com\/es\/122163\/"},"modified":"2025-09-18T02:31:12","modified_gmt":"2025-09-18T02:31:12","slug":"el-ejercicio-que-los-medicos-recomiendan-a-partir-de-los-60-anos-y-que-es-mas-eficaz-que-caminar","status":"publish","type":"post","link":"https:\/\/www.europesays.com\/es\/122163\/","title":{"rendered":"El ejercicio que los m\u00e9dicos recomiendan a partir de los 60 a\u00f1os y que es m\u00e1s eficaz que caminar"},"content":{"rendered":"<p class=\"paragraph\">Caminar es un ejercicio <a href=\"https:\/\/www.eldebate.com\/salud-y-bienestar\/20250830\/caminar-rapido-durante-15-minutos-dia-reduce-riesgo-muerte-segun-estudio_329596.html\" rel=\"nofollow noopener\" target=\"_blank\">que no requiere demasiado esfuerzo<\/a> y puede adaptarse en funci\u00f3n de la edad o la capacidad f\u00edsica de cada uno. Un buen calzado y ropa c\u00f3moda y holgada de tejidos que absorban la humedad ser\u00e1 suficiente para empezar con una rutina diaria de<b> ejercicio<\/b>. La recomendaci\u00f3n es de, al menos, 150 minutos de actividad aer\u00f3bica moderada o 75 minutos de actividad aer\u00f3bica intensa a la semana, o una combinaci\u00f3n de actividad moderada e intensa.<\/p>\n<p class=\"paragraph\">Si a cualquier edad <b>caminar<\/b> aporta beneficios para la salud, a\u00fan m\u00e1s para las <b>personas mayores<\/b>. Un estudio coreano analiz\u00f3 las rutinas de m\u00e1s de 7.000 adultos de 85 a\u00f1os en adelante entre 2009 y 2014, examinando la asociaci\u00f3n entre caminar y los <b>riesgos de mortalidad<\/b>. Los investigadores hallaron que <a href=\"https:\/\/www.eldebate.com\/salud-y-bienestar\/salud\/20250905\/calzado-barefoot-ventajas-riesgos-consejos-antes-empezar-usarlo_331114.html\" rel=\"nofollow noopener\" target=\"_blank\">aquellos que caminaban<\/a> ten\u00edan un 40 % menos de probabilidades de morir por cualquier causa en comparaci\u00f3n con los que estaban inactivos.<\/p>\n<p class=\"paragraph\">Este ejercicio ligero a diario puede ayudar a reducir el riesgo de <a href=\"https:\/\/www.eldebate.com\/salud-y-bienestar\/salud\/20250902\/razon-personas-sanas-sufren-infartos-e-ictus-segun-cientificos_330176.html\" rel=\"nofollow noopener\" target=\"_blank\">ataques card\u00edacos<\/a> y derrames cerebrales. \u00abNuestro estudio indica que caminar incluso una hora por semana es ventajoso para las <b>personas de 85 a\u00f1os o m\u00e1s<\/b> en comparaci\u00f3n con estar completamente inactivo\u00bb, a\u00f1adi\u00f3 el autor principal, el cardi\u00f3logo <b>Moo-Nyun Jin<\/b>.<\/p>\n<p>            <a href=\"#\" title=\"\"><br \/>\n                <img decoding=\"async\" loading=\"lazy\" width=\"120px\" height=\"90px\" alt=\"Un hombre entrena en un gimnasio\" src=\"https:\/\/imagenes.eldebate.com\/files\/related_image\/files\/fp\/uploads\/2024\/03\/19\/65f95ae79504a.r_d.3632-868.jpeg\" data-full-src=\"https:\/\/www.europesays.com\/es\/wp-content\/uploads\/2025\/09\/65f95ae79504a.jpeg\"\/><br \/>\n            <\/a><\/p>\n<p>    Entrenamiento de fuerza<\/p>\n<p class=\"paragraph\">Si bien caminar es <a href=\"https:\/\/www.eldebate.com\/salud-y-bienestar\/bienestar\/psicologia\/20250828\/psicologia-explica-significacaminar-manos-espalda-cns_329249.html\" rel=\"nofollow noopener\" target=\"_blank\">uno de los deportes m\u00e1s sencillos<\/a> y beneficiosos, a partir de los 55 a\u00f1os hay otro que empieza a cobrar fuerza, sobre todo entre las <b>mujeres<\/b>. Y es que el uso de <b>pesas<\/b> se ha asociado al entrenamiento masculino pero en los \u00faltimos a\u00f1os el n\u00famero de mujeres espa\u00f1olas que <a href=\"https:\/\/www.eldebate.com\/salud-y-bienestar\/salud\/20250306\/aliado-contra-insomnio-mayores-ejercicio-resistencia_275970.html\" rel=\"nofollow noopener\" target=\"_blank\">practican fuerza ha crecido de forma notable<\/a>. Este fen\u00f3meno responde tanto a un cambio de mentalidad como a la solidez de la evidencia cient\u00edfica que respalda los beneficios de este tipo de ejercicio, especialmente durante la menopausia.<\/p>\n<p class=\"paragraph\"><b>Tom\u00e1s Junquera<\/b>, CEO de Thomas Wellness Group, ha vivido en primera persona esta evoluci\u00f3n. \u00abA principios de los 2000<a href=\"https:\/\/www.eldebate.com\/temas\/ejercicios\/\" rel=\"nofollow noopener\" target=\"_blank\"> los gimnasios parec\u00edan divididos<\/a>: la zona de pesas era para hombres y las mujeres se concentraban en el cardio y las clases colectivas. Hoy esas barreras de g\u00e9nero est\u00e1n desapareciendo\u00bb, se\u00f1ala.<\/p>\n<p class=\"paragraph\">Seg\u00fan Junquera, el respaldo cient\u00edfico ha sido clave en este cambio. \u00abEst\u00e1 demostrado que aumentar y mantener la <b>masa muscular <\/b>es la estrategia m\u00e1s eficaz para frenar o incluso retrasar la p\u00e9rdida de masa \u00f3sea que conduce a la osteoporosis\u00bb, explica. \u00abAdem\u00e1s, el entrenamiento de fuerza ayuda a equilibrar las hormonas durante la perimenopausia y contribuye a reducir la acumulaci\u00f3n de grasa abdominal asociada a la disminuci\u00f3n de estr\u00f3genos\u00bb.<\/p>\n<p class=\"paragraph\">Los beneficios no son solo f\u00edsicos, tambi\u00e9n psicol\u00f3gicos. \u00abMuchas usuarias llegan con un \u00e1nimo bajo y, con el tiempo, experimentan mejoras significativas. No solo porque el ejercicio activa los circuitos de recompensa del cerebro, sino porque al sentirse m\u00e1s fuertes, \u00e1giles y llenas de energ\u00eda, ganan confianza en s\u00ed mismas\u00bb, a\u00f1ade.<\/p>\n<p class=\"paragraph\">Este auge tambi\u00e9n est\u00e1 marcado por un<b> cambio cultural<\/b>. \u00abAntes, muchas mujeres ve\u00edan la sala de musculaci\u00f3n como un espacio poco acogedor o incluso intimidante. Hoy la realidad es distinta: hombres y mujeres comparten los mismos espacios en igualdad\u00bb, concluye el experto.<\/p>\n<p>            <a href=\"#\" title=\"\"><br \/>\n                <img decoding=\"async\" loading=\"lazy\" width=\"120px\" height=\"90px\" alt=\"Persona caminando por el campo\" src=\"https:\/\/imagenes.eldebate.com\/files\/related_image\/files\/fp\/uploads\/2025\/06\/19\/68543ed2cab32.r_d.2993-1740.jpeg\" data-full-src=\"https:\/\/www.europesays.com\/es\/wp-content\/uploads\/2025\/09\/68543ed2cab32.jpeg\"\/><br \/>\n            <\/a><\/p>\n<p>C\u00f3mo caminarUno de los factores a tener en cuenta a la hora de salir a caminar es la postura, algo que es fundamental para evitar lesiones o dolores innecesarios. Expertos de la Cl\u00ednica Mayo ofrecen unas recomendaciones que se deber\u00edan adoptar para salir a caminar:<\/p>\n<ul>\n<li>La cabeza en alto. Mira hacia adelante, no hacia abajo.<\/li>\n<li>El cuello, la espalda y los hombros deben estar relajados, y no levantados y tensionados.<\/li>\n<li>Debes balancear los brazos libremente, con una ligera flexi\u00f3n de los codos. Puedes hacer un poco de envi\u00f3n con los brazos.<\/li>\n<li>Debes apretar ligeramente los m\u00fasculos del est\u00f3mago, con la espalda recta, no arqueada hacia delante o hacia atr\u00e1s.<\/li>\n<li>Debes caminar de manera fluida, apoyando el tal\u00f3n y luego los dedos.<\/li>\n<\/ul>\n","protected":false},"excerpt":{"rendered":"Caminar es un ejercicio que no requiere demasiado esfuerzo y puede adaptarse en funci\u00f3n de la edad o&hellip;\n","protected":false},"author":2,"featured_media":122164,"comment_status":"","ping_status":"","sticky":false,"template":"","format":"standard","meta":{"footnotes":""},"categories":[92],"tags":[25,24,165,166,23],"class_list":{"0":"post-122163","1":"post","2":"type-post","3":"status-publish","4":"format-standard","5":"has-post-thumbnail","7":"category-salud","8":"tag-es","9":"tag-espana","10":"tag-health","11":"tag-salud","12":"tag-spain"},"share_on_mastodon":{"url":"","error":""},"_links":{"self":[{"href":"https:\/\/www.europesays.com\/es\/wp-json\/wp\/v2\/posts\/122163","targetHints":{"allow":["GET"]}}],"collection":[{"href":"https:\/\/www.europesays.com\/es\/wp-json\/wp\/v2\/posts"}],"about":[{"href":"https:\/\/www.europesays.com\/es\/wp-json\/wp\/v2\/types\/post"}],"author":[{"embeddable":true,"href":"https:\/\/www.europesays.com\/es\/wp-json\/wp\/v2\/users\/2"}],"replies":[{"embeddable":true,"href":"https:\/\/www.europesays.com\/es\/wp-json\/wp\/v2\/comments?post=122163"}],"version-history":[{"count":0,"href":"https:\/\/www.europesays.com\/es\/wp-json\/wp\/v2\/posts\/122163\/revisions"}],"wp:featuredmedia":[{"embeddable":true,"href":"https:\/\/www.europesays.com\/es\/wp-json\/wp\/v2\/media\/122164"}],"wp:attachment":[{"href":"https:\/\/www.europesays.com\/es\/wp-json\/wp\/v2\/media?parent=122163"}],"wp:term":[{"taxonomy":"category","embeddable":true,"href":"https:\/\/www.europesays.com\/es\/wp-json\/wp\/v2\/categories?post=122163"},{"taxonomy":"post_tag","embeddable":true,"href":"https:\/\/www.europesays.com\/es\/wp-json\/wp\/v2\/tags?post=122163"}],"curies":[{"name":"wp","href":"https:\/\/api.w.org\/{rel}","templated":true}]}}