{"id":122165,"date":"2025-09-18T02:32:07","date_gmt":"2025-09-18T02:32:07","guid":{"rendered":"https:\/\/www.europesays.com\/es\/122165\/"},"modified":"2025-09-18T02:32:07","modified_gmt":"2025-09-18T02:32:07","slug":"ot-2025-desvela-las-canciones-de-su-gala-1-en-prime-video-con-8-duos-y-grupal-de-sonia-y-selena","status":"publish","type":"post","link":"https:\/\/www.europesays.com\/es\/122165\/","title":{"rendered":"&#8216;OT 2025&#8217; desvela las canciones de su gala 1 en Prime Video, con 8 d\u00faos y grupal de Sonia y Selena"},"content":{"rendered":"<p class=\"article-text\">\n        <strong>OT 2025<\/strong> ha celebrado el<strong> primer reparto de temas<\/strong> de la edici\u00f3n, desvelando las canciones que interpretar\u00e1n los <a href=\"https:\/\/www.eldiario.es\/vertele\/noticias\/ot-2025-estreno-16-concursantes-oficiales-eliminados-promesa-edicion-mujeres_1_12605313.html\" target=\"_blank\" data-mrf-recirculation=\"links-noticia\" class=\"link\" rel=\"nofollow noopener\">16 concursantes<\/a> en la <strong>gala 1<\/strong> del pr\u00f3ximo lunes 22 de septiembre en <strong>Prime Video<\/strong>. Una selecci\u00f3n musical a cargo de <strong>Noem\u00ed Galera, Manu Guix<\/strong> y su equipo, que los artistas ya ensayan para dar lo mejor de s\u00ed mismos en directo.\n    <\/p>\n<p>    <a href=\"https:\/\/www.eldiario.es\/noticias\/ot-2025-estreno-16-concursantes-oficiales-eliminados-promesa-edicion-mujeres_1_12605313.html\" data-mrf-recirculation=\"saber-mas\" data-dl-event=\"saber-mas\" rel=\"nofollow noopener\" target=\"_blank\"><\/p>\n<p class=\"know-more__title\">&#8216;OT 2025&#8217; se estren\u00f3 con sus 16 concursantes oficiales, dos eliminados y la promesa de \u00abuna edici\u00f3n de mujeres\u00bb<\/p>\n<p>            <img decoding=\"async\" class=\"lazy\" loading=\"lazy\" data-src=\"https:\/\/static.eldiario.es\/clip\/a0b7f358-5b26-44aa-b01f-cc08b8019a8f_16-9-aspect-ratio_default_0.jpg\" src=\"data:image\/svg+xml,%3Csvg xmlns=\" http:=\"\" viewbox=\"0 0 880 495\" alt=\"'OT 2025' se estren\u00f3 con sus 16 concursantes oficiales, dos eliminados y la promesa de &quot;una edici\u00f3n de mujeres&quot;\"\/><\/p>\n<p>                        <\/a><\/p>\n<p class=\"article-text\">\n        Tras el cl\u00e1sico repaso de la gala 0, la directora de la Academia de <strong>Operaci\u00f3n Triunfo<\/strong> anunci\u00f3 este martes a los participantes los temas que se les asignan para esta semana. Canciones en su mayor\u00eda actuales, con una grupal que gustar\u00e1 a los nost\u00e1lgicos: <strong>Yo quiero bailar<\/strong>, de Sonia y Selena.\n    <\/p>\n<p>    <a href=\"https:\/\/www.eldiario.es\/vertele\/analisis\/eurovision-futuro-jaque-decision-rtve-participacion-israel-amenaza-existencia_1_12606698.html\" data-mrf-recirculation=\"saber-mas-abajo\" data-dl-event=\"saber-mas-abajo\" rel=\"nofollow noopener\" target=\"_blank\"><\/p>\n<p class=\"know-more__title\">Eurovisi\u00f3n y su futuro, en jaque tras la decisi\u00f3n de RTVE: la participaci\u00f3n de Israel amenaza su existencia\n<\/p>\n<p>            <img decoding=\"async\" class=\"lazy\" loading=\"lazy\" data-src=\"https:\/\/static.eldiario.es\/clip\/602199b4-94b8-4260-97cd-6f4c273ef7c6_16-9-aspect-ratio_default_0.jpg\" src=\"data:image\/svg+xml,%3Csvg xmlns=\" http:=\"\" viewbox=\"0 0 880 495\" alt=\"Eurovisi\u00f3n y su futuro, en jaque tras la decisi\u00f3n de RTVE: la participaci\u00f3n de Israel amenaza su existencia\"\/><\/p>\n<p>                        <\/a><\/p>\n<p class=\"article-text\">\n        Por lo dem\u00e1s, y como es habitual en la primera gala, los 16 concursantes han sido divididos en 8 d\u00faos entre los que destaca el de<strong> Claudia Arenas y Judit<\/strong>, que interpretar\u00e1n Carita triste de <strong>Emilia y Ana Mena,<\/strong> y el de <strong>T\u00e9you y Mar\u00eda Cruz<\/strong> con <strong>Canijo <\/strong>de Judeline.\n    <\/p>\n<p>    Las canciones de la gala 1 de &#8216;OT 2025&#8217;:<\/p>\n<p>    \u00b7 GRUPAL: &#8216;Yo quiero bailar&#8217; (Sonia y Selena)<\/p>\n<p>    \u00b7 GUILLO RIST Y CRISTINA: &#8216;APT&#8217; (Ros\u00e9 &amp; Bruno Mars)<\/p>\n<p>    \u00b7 CLAUDIA ARENAS Y JUDIT: &#8216;Carita triste&#8217; (Ana Mena &amp; Emilia)<\/p>\n<p>    \u00b7 SALMA DE DIEGO Y MAX: &#8216;We Don&#8217;t Talk Anymore&#8217; (Charlie Puth &amp; Selena Gomez)<\/p>\n<p>    \u00b7 T\u00c9YOU Y MAR\u00cdA CRUZ: &#8216;Canijo&#8217; (Judeline)<\/p>\n<p>    \u00b7 CRESPO Y GUILLE TOLEDANO: &#8216;Mariposas&#8217; (Marc Segu\u00ed &amp; Pablo Albor\u00e1n)<\/p>\n<p>    \u00b7 OLIVIA E IV\u00c1N ROJO: &#8216;I Like The Way You Kiss Me&#8217; (Artemas)<\/p>\n<p>    \u00b7 LUC\u00cdA CASANI Y CARLOS: &#8216;La danza de las lib\u00e9lulas&#8217; (Manu Garc\u00eda &amp; Mon Laferte)<\/p>\n<p>    \u00b7 LAURA MU\u00d1OZ Y TINHO: &#8216;Against All Odds&#8217; (Phil Collins)<\/p>\n","protected":false},"excerpt":{"rendered":"OT 2025 ha celebrado el primer reparto de temas de la edici\u00f3n, desvelando las canciones que interpretar\u00e1n los&hellip;\n","protected":false},"author":2,"featured_media":122166,"comment_status":"","ping_status":"","sticky":false,"template":"","format":"standard","meta":{"footnotes":""},"categories":[91],"tags":[3099,45,6835,218,40194,146,147,25,24,1649,40195,221,521,34777,26026,23,2338],"class_list":{"0":"post-122165","1":"post","2":"type-post","3":"status-publish","4":"format-standard","5":"has-post-thumbnail","7":"category-entretenimiento","8":"tag-3099","9":"tag-45","10":"tag-6835","11":"tag-canciones","12":"tag-duos","13":"tag-entertainment","14":"tag-entretenimiento","15":"tag-es","16":"tag-espana","17":"tag-gala","18":"tag-grupal","19":"tag-ot","20":"tag-prime","21":"tag-selena","22":"tag-sonia","23":"tag-spain","24":"tag-video"},"share_on_mastodon":{"url":"","error":""},"_links":{"self":[{"href":"https:\/\/www.europesays.com\/es\/wp-json\/wp\/v2\/posts\/122165","targetHints":{"allow":["GET"]}}],"collection":[{"href":"https:\/\/www.europesays.com\/es\/wp-json\/wp\/v2\/posts"}],"about":[{"href":"https:\/\/www.europesays.com\/es\/wp-json\/wp\/v2\/types\/post"}],"author":[{"embeddable":true,"href":"https:\/\/www.europesays.com\/es\/wp-json\/wp\/v2\/users\/2"}],"replies":[{"embeddable":true,"href":"https:\/\/www.europesays.com\/es\/wp-json\/wp\/v2\/comments?post=122165"}],"version-history":[{"count":0,"href":"https:\/\/www.europesays.com\/es\/wp-json\/wp\/v2\/posts\/122165\/revisions"}],"wp:featuredmedia":[{"embeddable":true,"href":"https:\/\/www.europesays.com\/es\/wp-json\/wp\/v2\/media\/122166"}],"wp:attachment":[{"href":"https:\/\/www.europesays.com\/es\/wp-json\/wp\/v2\/media?parent=122165"}],"wp:term":[{"taxonomy":"category","embeddable":true,"href":"https:\/\/www.europesays.com\/es\/wp-json\/wp\/v2\/categories?post=122165"},{"taxonomy":"post_tag","embeddable":true,"href":"https:\/\/www.europesays.com\/es\/wp-json\/wp\/v2\/tags?post=122165"}],"curies":[{"name":"wp","href":"https:\/\/api.w.org\/{rel}","templated":true}]}}