{"id":122171,"date":"2025-09-18T02:35:16","date_gmt":"2025-09-18T02:35:16","guid":{"rendered":"https:\/\/www.europesays.com\/es\/122171\/"},"modified":"2025-09-18T02:35:16","modified_gmt":"2025-09-18T02:35:16","slug":"guerra-ucrania-rusia-en-directo-19","status":"publish","type":"post","link":"https:\/\/www.europesays.com\/es\/122171\/","title":{"rendered":"Guerra Ucrania &#8211; Rusia en directo"},"content":{"rendered":"<p><strong>Ucrania\u00a0mata a una persona y hiere a otra en la regi\u00f3n\u00a0rusa\u00a0B\u00e9lgorod<\/strong><\/p>\n<p>\u00a0<\/p>\n<p>Un dron ucraniano ha impactado contra un veh\u00edculo en la regi\u00f3n fronteriza rusa de B\u00e9lgorod, provocando la muerte de una persona e hiriendo a otra, seg\u00fan ha informado el gobernador de la regi\u00f3n esta madrugada.<\/p>\n<p>\u00a0<\/p>\n<p>Vyacheslav Gladkov ha informado de que el dron ha matado a un hombre\u00a0en la ciudad de Shebekino, justo dentro de las fronteras rusas. El ataque ha herido gravemente al hermano de la v\u00edctima, quien ha sido\u00a0trasladado a un hospital local.<\/p>\n<p>\u00a0<\/p>\n<p>Los drones ucranianos impactan habitualmente contra objetivos en B\u00e9lgorod y otras regiones fronterizas.<\/p>\n","protected":false},"excerpt":{"rendered":"Ucrania\u00a0mata a una persona y hiere a otra en la regi\u00f3n\u00a0rusa\u00a0B\u00e9lgorod \u00a0 Un dron ucraniano ha impactado contra&hellip;\n","protected":false},"author":2,"featured_media":122172,"comment_status":"","ping_status":"","sticky":false,"template":"","format":"standard","meta":{"footnotes":""},"categories":[42],"tags":[17,18,13,14,11,61,62,63,64,19,20,9,10,15,16,12,21,22,65,66,67],"class_list":{"0":"post-122171","1":"post","2":"type-post","3":"status-publish","4":"format-standard","5":"has-post-thumbnail","7":"category-internacional","8":"tag-breaking-news","9":"tag-breakingnews","10":"tag-featured-news","11":"tag-featurednews","12":"tag-headlines","13":"tag-internacional","14":"tag-international","15":"tag-international-news","16":"tag-internationalnews","17":"tag-latest-news","18":"tag-latestnews","19":"tag-news","20":"tag-noticias","21":"tag-noticias-destacadas","22":"tag-noticiasdestacadas","23":"tag-titulares","24":"tag-ultimas-noticias","25":"tag-ultimasnoticias","26":"tag-world","27":"tag-world-news","28":"tag-worldnews"},"share_on_mastodon":{"url":"","error":""},"_links":{"self":[{"href":"https:\/\/www.europesays.com\/es\/wp-json\/wp\/v2\/posts\/122171","targetHints":{"allow":["GET"]}}],"collection":[{"href":"https:\/\/www.europesays.com\/es\/wp-json\/wp\/v2\/posts"}],"about":[{"href":"https:\/\/www.europesays.com\/es\/wp-json\/wp\/v2\/types\/post"}],"author":[{"embeddable":true,"href":"https:\/\/www.europesays.com\/es\/wp-json\/wp\/v2\/users\/2"}],"replies":[{"embeddable":true,"href":"https:\/\/www.europesays.com\/es\/wp-json\/wp\/v2\/comments?post=122171"}],"version-history":[{"count":0,"href":"https:\/\/www.europesays.com\/es\/wp-json\/wp\/v2\/posts\/122171\/revisions"}],"wp:featuredmedia":[{"embeddable":true,"href":"https:\/\/www.europesays.com\/es\/wp-json\/wp\/v2\/media\/122172"}],"wp:attachment":[{"href":"https:\/\/www.europesays.com\/es\/wp-json\/wp\/v2\/media?parent=122171"}],"wp:term":[{"taxonomy":"category","embeddable":true,"href":"https:\/\/www.europesays.com\/es\/wp-json\/wp\/v2\/categories?post=122171"},{"taxonomy":"post_tag","embeddable":true,"href":"https:\/\/www.europesays.com\/es\/wp-json\/wp\/v2\/tags?post=122171"}],"curies":[{"name":"wp","href":"https:\/\/api.w.org\/{rel}","templated":true}]}}