{"id":122177,"date":"2025-09-18T02:38:06","date_gmt":"2025-09-18T02:38:06","guid":{"rendered":"https:\/\/www.europesays.com\/es\/122177\/"},"modified":"2025-09-18T02:38:06","modified_gmt":"2025-09-18T02:38:06","slug":"torneo-copa-senior-defensores-se-quedo-con-el-clasico-y-la-clasificacion-deportes-hoy","status":"publish","type":"post","link":"https:\/\/www.europesays.com\/es\/122177\/","title":{"rendered":"Torneo Copa Senior, Defensores se qued\u00f3 con el cl\u00e1sico y la clasificaci\u00f3n \u2013 Deportes Hoy"},"content":{"rendered":"<p>\t\t\t\t\t\t\t\tTorneo Copa Senior<br \/>\nDefensores se qued\u00f3 con el cl\u00e1sico y la clasificaci\u00f3n<\/p>\n<p data-start=\"144\" data-end=\"428\">En la noche del mi\u00e9rcoles se disput\u00f3 en Ramallo el partido de vuelta del Torneo Copa Senior organizado por el Consejo Federal de F\u00fatbol. En la categor\u00eda para jugadores de 40 a 49 a\u00f1os, <strong data-start=\"329\" data-end=\"380\">Defensores derrot\u00f3 2 a 0 a Social en el cl\u00e1sico<\/strong> y se meti\u00f3 en la siguiente fase del certamen.<\/p>\n<p data-start=\"144\" data-end=\"428\"><img loading=\"lazy\" decoding=\"async\" class=\"size-medium wp-image-189536 aligncenter\" src=\"https:\/\/www.europesays.com\/es\/wp-content\/uploads\/2025\/09\/Defensores-Senior-mas-40-federal-300x198.jpg\" alt=\"\" width=\"300\" height=\"198\"  \/><\/p>\n<p data-start=\"430\" data-end=\"798\">Los goles del Granate fueron convertidos por <strong data-start=\"475\" data-end=\"494\">Gonzalo Ram\u00edrez<\/strong>, a los 12 minutos del primer tiempo, y <strong data-start=\"534\" data-end=\"552\">Nahuel Gim\u00e9nez<\/strong>, a los 33 del complemento. Con esta victoria, el equipo dirigido por David Ram\u00edrez y Fernando Turrini se asegur\u00f3 su lugar en la pr\u00f3xima instancia, donde enfrentar\u00e1 a Villa Belgrano de Jun\u00edn, mismo rival que tendr\u00e1 Regatas en la divisional +50.<\/p>\n<p>S\u00edntesis<\/p>\n<p data-start=\"816\" data-end=\"1066\"><strong data-start=\"816\" data-end=\"835\">DEFENSORES (2):<\/strong> Maximiliano Pedruelo; Gustavo Giacomino, Sebasti\u00e1n Guerrina, Jos\u00e9 Acosta, Walter Aranda; Federico Saconi, Sebasti\u00e1n Alesio, Gabriel Codega, David Ram\u00edrez; Nahuel Gim\u00e9nez y Gonzalo Ram\u00edrez.<br data-start=\"1024\" data-end=\"1027\"\/>DT: David Ram\u00edrez \u2013 Fernando Turrini.<\/p>\n<p data-start=\"1068\" data-end=\"1302\"><strong data-start=\"1068\" data-end=\"1083\">SOCIAL (0):<\/strong> Omar Jara; Federico Ordo\u00f1ez, Nicol\u00e1s Gonella, Mat\u00edas Gentile, Diego Barrera; Emanuel Doblores, Pablo Mutti, Jorge Clark, Carlos Santamar\u00eda; Gabriel Mansilla, Gast\u00f3n Torino.<br data-start=\"1256\" data-end=\"1259\"\/>DT: Maximiliano Cariboni \u2013 Rodrigo Otero.<\/p>\n<p data-start=\"1304\" data-end=\"1362\"><strong data-start=\"1304\" data-end=\"1314\">Goles:<\/strong> PT 12\u2019 G. Ram\u00edrez (D). ST 33\u2019 N. Gim\u00e9nez (D).<\/p>\n<p data-start=\"1364\" data-end=\"1483\"><strong data-start=\"1364\" data-end=\"1376\">Cambios:<\/strong> ST inicio S. Ordo\u00f1ez por Torino (S) y S. Wernicke por Giacomino (D); 15\u2019 D. Figueroa por G. Ram\u00edrez (D).<\/p>\n<p data-start=\"1485\" data-end=\"1563\"><strong data-start=\"1485\" data-end=\"1497\">\u00c1rbitro:<\/strong> Dylan Su\u00e1rez.<br data-start=\"1511\" data-end=\"1514\"\/><strong data-start=\"1514\" data-end=\"1529\">Asistentes:<\/strong> Agust\u00edn Guerra y Germ\u00e1n Volker.<\/p>\n<p style=\"text-align: right;\" data-start=\"1485\" data-end=\"1563\"><strong>Gentileza Todo Gol Ramallo<\/strong><\/p>\n","protected":false},"excerpt":{"rendered":"Torneo Copa Senior Defensores se qued\u00f3 con el cl\u00e1sico y la clasificaci\u00f3n En la noche del mi\u00e9rcoles se&hellip;\n","protected":false},"author":2,"featured_media":122178,"comment_status":"","ping_status":"","sticky":false,"template":"","format":"standard","meta":{"footnotes":""},"categories":[278],"tags":[376,168,25,24,375,23,167],"class_list":{"0":"post-122177","1":"post","2":"type-post","3":"status-publish","4":"format-standard","5":"has-post-thumbnail","7":"category-balonmano","8":"tag-balonmano","9":"tag-deportes","10":"tag-es","11":"tag-espana","12":"tag-handball","13":"tag-spain","14":"tag-sports"},"share_on_mastodon":{"url":"","error":""},"_links":{"self":[{"href":"https:\/\/www.europesays.com\/es\/wp-json\/wp\/v2\/posts\/122177","targetHints":{"allow":["GET"]}}],"collection":[{"href":"https:\/\/www.europesays.com\/es\/wp-json\/wp\/v2\/posts"}],"about":[{"href":"https:\/\/www.europesays.com\/es\/wp-json\/wp\/v2\/types\/post"}],"author":[{"embeddable":true,"href":"https:\/\/www.europesays.com\/es\/wp-json\/wp\/v2\/users\/2"}],"replies":[{"embeddable":true,"href":"https:\/\/www.europesays.com\/es\/wp-json\/wp\/v2\/comments?post=122177"}],"version-history":[{"count":0,"href":"https:\/\/www.europesays.com\/es\/wp-json\/wp\/v2\/posts\/122177\/revisions"}],"wp:featuredmedia":[{"embeddable":true,"href":"https:\/\/www.europesays.com\/es\/wp-json\/wp\/v2\/media\/122178"}],"wp:attachment":[{"href":"https:\/\/www.europesays.com\/es\/wp-json\/wp\/v2\/media?parent=122177"}],"wp:term":[{"taxonomy":"category","embeddable":true,"href":"https:\/\/www.europesays.com\/es\/wp-json\/wp\/v2\/categories?post=122177"},{"taxonomy":"post_tag","embeddable":true,"href":"https:\/\/www.europesays.com\/es\/wp-json\/wp\/v2\/tags?post=122177"}],"curies":[{"name":"wp","href":"https:\/\/api.w.org\/{rel}","templated":true}]}}