{"id":122205,"date":"2025-09-18T03:00:09","date_gmt":"2025-09-18T03:00:09","guid":{"rendered":"https:\/\/www.europesays.com\/es\/122205\/"},"modified":"2025-09-18T03:00:09","modified_gmt":"2025-09-18T03:00:09","slug":"el-atletico-de-madrid-del-cholo-simeone-perdio-en-el-ultimo-minuto-3-2-ante-liverpool-por-la-champions-league","status":"publish","type":"post","link":"https:\/\/www.europesays.com\/es\/122205\/","title":{"rendered":"El Atl\u00e9tico de Madrid del Cholo Simeone perdi\u00f3 en el \u00faltimo minuto 3-2 ante Liverpool por la Champions League"},"content":{"rendered":"<p class=\"paragraph\"><b>LIVERPOOL 3-2 ATL\u00c9TICO DE MADRID<\/b><\/p>\n<p class=\"paragraph\">En un partidazo disputado en Anfield por la primera fecha de la Champions League, <b>Liverpool <\/b>venci\u00f3 <b>3-2<\/b> al <b>Atl\u00e9tico de Madrid<\/b> en una de las \u00faltimas jugadas. <\/p>\n<p class=\"paragraph\">Los Reds comenzaron a paso arrollador y a los 6 minutos ya ganaban<b> 2-0<\/b> gracias a los goles de<b> Andrew Robertson <\/b>y <b>Mohamed Salah<\/b>. Sin embargo, el Colchonero nivel\u00f3 las acciones con un doblete de<b> Marcos Llorente<\/b>. <\/p>\n<p class=\"paragraph\">Cuando parec\u00eda que el conjunto de<b> Diego Simeone<\/b> se llevar\u00eda un punto a Madrid, <b>Virgil Van Dijk<\/b> le dio la victoria al conjunto ingl\u00e9s con un cabezazo en tiempo de descuento. <\/p>\n<p class=\"paragraph\">En la pr\u00f3xima jornada, <b>Atl\u00e9tico de Madrid <\/b>recibir\u00e1 al <b>Eintracht Frankfurt<\/b> el martes 30 de septiembre, mientras que <b>Liverpool <\/b>visitar\u00e1 el mismo d\u00eda al <b>Galatasaray <\/b>de Turqu\u00eda. <\/p>\n<p class=\"paragraph\">Liverpool venci\u00f3 3-2 al Atl\u00e9tico de Madrid en Anfiled por la primera fecha de la Champions League.<\/p>\n<p><img alt=\"Virgil Van Dijk festeja el\" class=\"global-image\" decoding=\"async\" fetchpriority=\"low\" height=\"1188\" loading=\"lazy\" src=\"https:\/\/www.europesays.com\/es\/wp-content\/uploads\/2025\/09\/SVSZVWDOW5ABNOSEACMAWV47FE.JPG\" width=\"1834\"\/>Virgil Van Dijk festeja el gol del Liverpool ante Atl\u00e9tico de Madrid (REUTERS\/Peter Powell)<\/p>\n<p class=\"paragraph\"><b>95 minutos<\/b>: Hugo Ekitike fall\u00f3 un gol incre\u00edble frente al arquero tras un pase de Mohamed Salah. <\/p>\n<p class=\"paragraph\">En la r\u00e9plica, Alexander Sorloth cabece\u00f3 solo a las manos de Alisson. <\/p>\n<p class=\"paragraph\"><b>93 MINUTOS: \u00a1GOL DEL LIVERPOOL!<\/b><\/p>\n<p class=\"paragraph\"><b>Virgil Van Dijk <\/b>cabece\u00f3 tras un tiro de esquina y mand\u00f3 la pelota al fondo del arco de Jan Oblak. Gana el conjunto ingl\u00e9s 3-2 en un partidazo en Anfield.<\/p>\n<p class=\"paragraph\">Tras una discusi\u00f3n con el p\u00fablico local, Diego Simeone se fue expulsado. <\/p>\n<p class=\"paragraph\"><b>88 minutos<\/b>: Volvi\u00f3 a salvarse el Atl\u00e9tico. Luego de un tiro de esquina, la pelota se fue pegada al palo de Oblak tras un rebote en Van Dijk. Final apasionante en Anfield.<\/p>\n<p class=\"paragraph\"><b>85 minutos<\/b>: Ibrahima Konat\u00e9 se perdi\u00f3 el tercer gol del Liverpool con un cabezazo dentro del \u00e1rea que se fue desviado. <\/p>\n<p class=\"paragraph\"><b>80 MINUTOS: \u00a1GOL DEL ATL\u00c9TICO DE MADRID!<\/b><\/p>\n<p class=\"paragraph\">Definici\u00f3n de volea de <b>Marcos Llorente<\/b> para empatar el partido en Liverpool. El remate se desv\u00edo ligeramente en Alexis Mac Allister. El equipo del Cholo Simeone perd\u00eda 2-0 y pudo igualarlo.<\/p>\n<p class=\"paragraph\"><b>76 minutos: \u00a1Se termin\u00f3 el partido para Nico Gonz\u00e1lez!<\/b><\/p>\n<p class=\"paragraph\">El argentino se retir\u00f3 del campo de juego reemplazado por Marc Pubill.<\/p>\n<p><img alt=\"Una de las jugadas de\" class=\"global-image\" decoding=\"async\" fetchpriority=\"low\" height=\"2211\" loading=\"lazy\" src=\"https:\/\/www.europesays.com\/es\/wp-content\/uploads\/2025\/09\/2J5ZNAK2URFPRIA2FW45KVOXBI.JPG\" width=\"3256\"\/>Una de las jugadas de Nico Gonz\u00e1lez en el partido frente a Liverpool (REUTERS\/Peter Powell)<\/p>\n<p class=\"paragraph\"><b>74 minutos: Un nuevo cambio en Liverpool<\/b><\/p>\n<p class=\"paragraph\"><b>Rio Ngumoha<\/b><b> <\/b>ingres\u00f3 en lugar de Florian Wirtz. <\/p>\n<p class=\"paragraph\"><b>65 minutos: \u00a1El palo le neg\u00f3 el tercer gol a Salah!<\/b><\/p>\n<p class=\"paragraph\">El elgipcio qued\u00f3 de cara al gol tras un contragolpe perfecto, pero su remate de zurda dio en el poste. Se salv\u00f3 el Atl\u00e9tico. <\/p>\n","protected":false},"excerpt":{"rendered":"LIVERPOOL 3-2 ATL\u00c9TICO DE MADRID En un partidazo disputado en Anfield por la primera fecha de la Champions&hellip;\n","protected":false},"author":2,"featured_media":122206,"comment_status":"","ping_status":"","sticky":false,"template":"","format":"standard","meta":{"footnotes":""},"categories":[5],"tags":[17,18,25,24,406,13,14,11,19,20,1238,9,10,15,16,281,23,3020,12,21,22],"class_list":{"0":"post-122205","1":"post","2":"type-post","3":"status-publish","4":"format-standard","5":"has-post-thumbnail","7":"category-titulares","8":"tag-breaking-news","9":"tag-breakingnews","10":"tag-es","11":"tag-espana","12":"tag-europe","13":"tag-featured-news","14":"tag-featurednews","15":"tag-headlines","16":"tag-latest-news","17":"tag-latestnews","18":"tag-liverpool","19":"tag-news","20":"tag-noticias","21":"tag-noticias-destacadas","22":"tag-noticiasdestacadas","23":"tag-soccer","24":"tag-spain","25":"tag-sport","26":"tag-titulares","27":"tag-ultimas-noticias","28":"tag-ultimasnoticias"},"share_on_mastodon":{"url":"","error":""},"_links":{"self":[{"href":"https:\/\/www.europesays.com\/es\/wp-json\/wp\/v2\/posts\/122205","targetHints":{"allow":["GET"]}}],"collection":[{"href":"https:\/\/www.europesays.com\/es\/wp-json\/wp\/v2\/posts"}],"about":[{"href":"https:\/\/www.europesays.com\/es\/wp-json\/wp\/v2\/types\/post"}],"author":[{"embeddable":true,"href":"https:\/\/www.europesays.com\/es\/wp-json\/wp\/v2\/users\/2"}],"replies":[{"embeddable":true,"href":"https:\/\/www.europesays.com\/es\/wp-json\/wp\/v2\/comments?post=122205"}],"version-history":[{"count":0,"href":"https:\/\/www.europesays.com\/es\/wp-json\/wp\/v2\/posts\/122205\/revisions"}],"wp:featuredmedia":[{"embeddable":true,"href":"https:\/\/www.europesays.com\/es\/wp-json\/wp\/v2\/media\/122206"}],"wp:attachment":[{"href":"https:\/\/www.europesays.com\/es\/wp-json\/wp\/v2\/media?parent=122205"}],"wp:term":[{"taxonomy":"category","embeddable":true,"href":"https:\/\/www.europesays.com\/es\/wp-json\/wp\/v2\/categories?post=122205"},{"taxonomy":"post_tag","embeddable":true,"href":"https:\/\/www.europesays.com\/es\/wp-json\/wp\/v2\/tags?post=122205"}],"curies":[{"name":"wp","href":"https:\/\/api.w.org\/{rel}","templated":true}]}}