{"id":122207,"date":"2025-09-18T03:02:17","date_gmt":"2025-09-18T03:02:17","guid":{"rendered":"https:\/\/www.europesays.com\/es\/122207\/"},"modified":"2025-09-18T03:02:17","modified_gmt":"2025-09-18T03:02:17","slug":"el-tsj-levanta-la-medida-cautelarisima-que-impedia-celebrar-el-toro-jubilo-de-medinaceli","status":"publish","type":"post","link":"https:\/\/www.europesays.com\/es\/122207\/","title":{"rendered":"El TSJ levanta la medida cautelar\u00edsima que imped\u00eda celebrar el Toro Jubilo de Medinaceli"},"content":{"rendered":"<p><a class=\"v-mdl-ath__fig-a\" href=\"https:\/\/www.elnortedecastilla.es\/autor\/el-norte-2102.html\" title=\"El Norte\" rel=\"nofollow noopener\" target=\"_blank\"><br \/>\n<img decoding=\"async\" class=\"v-mdl-ath__img\" src=\"https:\/\/www.europesays.com\/es\/wp-content\/uploads\/2025\/09\/autor-2102-foto-2.png\" alt=\"El Norte\"\/><br \/>\n<\/a><\/p>\n<p class=\"v-mdl-ath__p v-mdl-ath__p--6\">\nMi\u00e9rcoles, 17 de septiembre 2025, 00:16<\/p>\n<p>| Actualizado 00:48h.<\/p>\n<p class=\"v-p\">La la Sala de lo Contencioso-Administrativo del Tribunal Superior de Justicia de Castilla y Le\u00f3n (TSJCyL), con sede en Burgos, acepta el recurso de apelaci\u00f3n presentado del Ayuntamiento de Medinaceli (Soria) contra la medida cautelar\u00edsima adoptada en noviembre de 2024 por un juzgado de Soria que imped\u00eda en la pr\u00e1ctica la celebraci\u00f3n del festejo del Toro Jubilo de Medinaceli (Soria).<\/p>\n<p class=\"v-p\">En una sentencia conocida por Ical este martes, la Secci\u00f3n Primera de la Sala de lo Contencioso-Administrativo del TSJCyL revoca la decisi\u00f3n que hab\u00eda adoptado en noviembre de 2024 el Juzgado de lo Contencioso-Administrativo de Soria a instancias del Partido Animalista con el Medio Ambiente (PACMA) contra la autorizaci\u00f3n que hab\u00eda emitido el Ayuntamiento de Medinaceli y la propia Delegaci\u00f3n Territorial de la Junta de Castilla y Le\u00f3n. <\/p>\n<p class=\"v-p\">Asimismo, la decisi\u00f3n del alto tribunal de la Comunidad se produce despu\u00e9s de que en febrero de este a\u00f1o la misma sala tumbara la sentencia del Juzgado de lo Contencioso-Administrativo n\u00famero 1 de Soria que consider\u00f3 la celebraci\u00f3n del festejo era contraria a derecho e ilegal, e inadmiti\u00f3 el recurso presentado por el Pacma contra la resoluci\u00f3n del Ayuntamiento de la localidad soriana que aprob\u00f3 dicho espect\u00e1culo taurino. No obstante, el partido animalista ha llevado el caso ante el Tribunal Supremo.<\/p>\n<p><a href=\"http:\/\/www.elnortedecastilla.es\/valladolid\/provincia\/reservon-toro-vega-deja-cinco-heridos-leves-20250916171108-nt.html#vtm_modulosEngag=mod-rel:soria:noticia:1:cmp:1-not\" class=\"v-a-link\" title=\"Un reserv\u00f3n Toro de la Vega deja cinco heridos leves en un festejo cargado de tensi\u00f3n\" rel=\"nofollow noopener\" target=\"_blank\"><br \/>\n<img decoding=\"async\" loading=\"lazy\" src=\"https:\/\/www.europesays.com\/es\/wp-content\/uploads\/2025\/09\/1500844425-kFKC--1200x840@El Norte.JPG\" class=\"v-a-img\" width=\"258\" height=\"180\" alt=\"Un reserv\u00f3n Toro de la Vega deja cinco heridos leves en un festejo cargado de tensi\u00f3n\"\/><\/p>\n<p><\/a><\/p>\n<p class=\"v-p\">En este nuevo pronunciamiento, el TSJ alude a que no se puede obviar el cumplimiento del requisito de que el acto recurrido agote la v\u00eda administrativa. En este caso, el tribunal se\u00f1ala que Pacma pudo recurrir en noviembre de 2023 en alzada la autorizaci\u00f3n del Ayuntamiento y la Delegaci\u00f3n Territorial de la Junta ante la directora de la Agencia de Protecci\u00f3n Civil de la Comunidad. <\/p>\n<p class=\"v-p\">Aunque reconoce la \u00abpremura de los plazos\u00bb, se\u00f1al\u00f3 que el partido animalista al igual que acudi\u00f3 \u00abr\u00e1pidamente\u00bb a recurrir y solicitar medidas cautelares en v\u00eda jurisdiccional, \u00abnada le imped\u00eda haber utilizado la v\u00eda administrativa\u00bb y solicitar la suspensi\u00f3n del espect\u00e1culo taurino. \u00abNos encontramos con que se recurren dos actos administrativos no susceptibles de ser recurridos en v\u00eda jurisdiccional\u00bb, se\u00f1ala y a\u00f1ade: \u00abNo cabe adoptar medidas en v\u00eda judicial contra acuerdos que no pueden ser objeto de impugnaci\u00f3n\u00bb.<\/p>\n<p class=\"v-p\">Contra esta resoluci\u00f3n, que no impone costas a ninguna de las parte, cabe presentar un recurso de casaci\u00f3n ante la Sala de lo Contencioso-Administrativo del Tribunal Supremo o ante la Secci\u00f3n de Casaci\u00f3n de la Sala de lo Contencioso-Administrativo con sede en el TSJCyL.<\/p>\n<p>Comenta<\/p>\n<p>Reporta un error<\/p>\n","protected":false},"excerpt":{"rendered":"Mi\u00e9rcoles, 17 de septiembre 2025, 00:16 | Actualizado 00:48h. La la Sala de lo Contencioso-Administrativo del Tribunal Superior&hellip;\n","protected":false},"author":2,"featured_media":122208,"comment_status":"","ping_status":"","sticky":false,"template":"","format":"standard","meta":{"footnotes":""},"categories":[277],"tags":[373,40199,16218,168,25,24,40200,40201,5777,5516,24349,23,167,374,913,40198],"class_list":{"0":"post-122207","1":"post","2":"type-post","3":"status-publish","4":"format-standard","5":"has-post-thumbnail","7":"category-toreo","8":"tag-bullfighting","9":"tag-cautelarisima","10":"tag-celebrar","11":"tag-deportes","12":"tag-es","13":"tag-espana","14":"tag-impedia","15":"tag-jubilo","16":"tag-levanta","17":"tag-medida","18":"tag-medinaceli","19":"tag-spain","20":"tag-sports","21":"tag-toreo","22":"tag-toro","23":"tag-tsj"},"share_on_mastodon":{"url":"","error":""},"_links":{"self":[{"href":"https:\/\/www.europesays.com\/es\/wp-json\/wp\/v2\/posts\/122207","targetHints":{"allow":["GET"]}}],"collection":[{"href":"https:\/\/www.europesays.com\/es\/wp-json\/wp\/v2\/posts"}],"about":[{"href":"https:\/\/www.europesays.com\/es\/wp-json\/wp\/v2\/types\/post"}],"author":[{"embeddable":true,"href":"https:\/\/www.europesays.com\/es\/wp-json\/wp\/v2\/users\/2"}],"replies":[{"embeddable":true,"href":"https:\/\/www.europesays.com\/es\/wp-json\/wp\/v2\/comments?post=122207"}],"version-history":[{"count":0,"href":"https:\/\/www.europesays.com\/es\/wp-json\/wp\/v2\/posts\/122207\/revisions"}],"wp:featuredmedia":[{"embeddable":true,"href":"https:\/\/www.europesays.com\/es\/wp-json\/wp\/v2\/media\/122208"}],"wp:attachment":[{"href":"https:\/\/www.europesays.com\/es\/wp-json\/wp\/v2\/media?parent=122207"}],"wp:term":[{"taxonomy":"category","embeddable":true,"href":"https:\/\/www.europesays.com\/es\/wp-json\/wp\/v2\/categories?post=122207"},{"taxonomy":"post_tag","embeddable":true,"href":"https:\/\/www.europesays.com\/es\/wp-json\/wp\/v2\/tags?post=122207"}],"curies":[{"name":"wp","href":"https:\/\/api.w.org\/{rel}","templated":true}]}}