{"id":122233,"date":"2025-09-18T03:21:08","date_gmt":"2025-09-18T03:21:08","guid":{"rendered":"https:\/\/www.europesays.com\/es\/122233\/"},"modified":"2025-09-18T03:21:08","modified_gmt":"2025-09-18T03:21:08","slug":"ya-son-mas-de-65-000-los-palestinos-muertos-en-gaza-dw-17-09-2025","status":"publish","type":"post","link":"https:\/\/www.europesays.com\/es\/122233\/","title":{"rendered":"Ya son m\u00e1s de 65.000 los palestinos muertos en Gaza \u2013 DW \u2013 17\/09\/2025"},"content":{"rendered":"<p>La cifra total de muertos en la <a class=\"internal-link\" href=\"https:\/\/www.dw.com\/es\/franja-de-gaza\/t-67111647\" rel=\"nofollow noopener\" target=\"_blank\">Franja de Gaza<\/a> por los ataques israel\u00edes asciende ya a 65.062 desde el inicio de la ofensiva hace casi dos a\u00f1os, seg\u00fan el \u00faltimo recuento publicado este mi\u00e9rcoles (17.09.2025) por el Ministerio de Sanidad del enclave palestino. S\u00f3lo ayer martes, las fuerzas israel\u00edes mataron\u00a0a 98 palestinos e hiri\u00f3 a otros 385, seg\u00fan indica el informe, que recoge las v\u00edctimas del d\u00eda anterior por los ataques. El Ministerio no especifica cu\u00e1ntos de los muertos eran civiles o militantes. La ONU y numerosos expertos independientes consideran que sus cifras constituyen una estimaci\u00f3n fiable.<\/p>\n<p>Los ataques y bombardeos\u00a0israel\u00edes tambi\u00e9n han causado ya cerca de 165.700 heridos desde que el Gobierno de <a class=\"internal-link\" href=\"https:\/\/www.dw.com\/es\/netanyahu-benjam\u00edn\/t-17409566\" rel=\"nofollow noopener\" target=\"_blank\">Benjam\u00edn Netanyahu<\/a> dio comienzo a esta ofensiva en respuesta a los ataques terroristas de <a class=\"internal-link\" href=\"https:\/\/www.dw.com\/es\/ham\u00e1s\/t-17412524\" rel=\"nofollow noopener\" target=\"_blank\">Ham\u00e1s<\/a> del 7\u00a0de octubre de 2023. Tanto Israel como otros pa\u00edses, incluidos Estados Unidos, pa\u00edses de la Uni\u00f3n Europea y varias naciones musulmanas, consideran a Ham\u00e1s una organizaci\u00f3n terrorista.<\/p>\n<p>Un centenar y medio m\u00e1s de muertos en dos d\u00edas de invasi\u00f3n terrestre<\/p>\n<p>La <a class=\"internal-link\" href=\"https:\/\/www.dw.com\/es\/israel-lanza-operaci\u00f3n-terrestre-contra-ciudad-de-gaza\/a-74008145\" rel=\"nofollow noopener\" target=\"_blank\">incursi\u00f3n terrestre sobre Ciudad de Gaza<\/a> ha supuesto un aumento de las v\u00edctimas. A las casi cien de ayer hay que sumar otro medio centenar de muertos en lo que va de mi\u00e9rcoles en toda la Franja, seg\u00fan un balance provisional publicado por periodistas y basado en las morgues de hospitales. De ellos, al menos a 27 se contabilizan en la Ciudad de Gaza en este segundo d\u00eda de ofensiva terrestre.<\/p>\n<p>En cuanto a los fallecidos por causas relacionadas con la desnutrici\u00f3n, durante la jornada de ayer las autoridades palestinas registraron otras cuatro muertes, lo que eleva a 432 el n\u00famero total de gazat\u00edes que han muerto por esta condici\u00f3n de los que 146 son ni\u00f1os. Una Comisi\u00f3n Internacional Independiente de Investigaci\u00f3n de la ONU public\u00f3 el martes un informe en el que <a class=\"internal-link\" href=\"https:\/\/www.dw.com\/es\/investigadores-de-la-onu-dice-que-israel-comete-genocidio-en-gaza\/a-74008678\" rel=\"nofollow noopener\" target=\"_blank\">acus\u00f3 a Israel de estar cometiendo \u00abgenocidio\u00bb<\/a> dentro del enclave palestino.<\/p>\n<p>\u00abLo que presenciamos en Gaza no es solo una cat\u00e1strofe humanitaria sin precedentes, sino lo que la Comisi\u00f3n de Investigaci\u00f3n de la ONU ha concluido como un <a class=\"internal-link\" href=\"https:\/\/www.dw.com\/es\/qu\u00e9-es-exactamente-un-genocidio\/a-67270257\" rel=\"nofollow noopener\" target=\"_blank\">genocidio<\/a>\u00ab, se lee en la declaraci\u00f3n. \u00abLos Estados deben utilizar todas las herramientas pol\u00edticas, econ\u00f3micas y legales a su disposici\u00f3n para intervenir. La ret\u00f3rica y las medias tintas no bastan. Este momento exige una acci\u00f3n decisiva\u00bb, a\u00f1ade. <a class=\"internal-link\" href=\"https:\/\/www.dw.com\/es\/europa-propone-paquete-de-sanciones-contra-israel\/a-74026178\" rel=\"nofollow noopener\" target=\"_blank\">La Comisi\u00f3n Europea ha propuesto hoy una serie de sanciones<\/a> contra Israel.<\/p>\n<p>lgc (efe, ap)<\/p>\n","protected":false},"excerpt":{"rendered":"La cifra total de muertos en la Franja de Gaza por los ataques israel\u00edes asciende ya a 65.062&hellip;\n","protected":false},"author":2,"featured_media":122234,"comment_status":"","ping_status":"","sticky":false,"template":"","format":"standard","meta":{"footnotes":""},"categories":[42],"tags":[17,18,13,14,11,61,62,63,64,19,20,9,10,15,16,12,21,22,65,66,67],"class_list":{"0":"post-122233","1":"post","2":"type-post","3":"status-publish","4":"format-standard","5":"has-post-thumbnail","7":"category-internacional","8":"tag-breaking-news","9":"tag-breakingnews","10":"tag-featured-news","11":"tag-featurednews","12":"tag-headlines","13":"tag-internacional","14":"tag-international","15":"tag-international-news","16":"tag-internationalnews","17":"tag-latest-news","18":"tag-latestnews","19":"tag-news","20":"tag-noticias","21":"tag-noticias-destacadas","22":"tag-noticiasdestacadas","23":"tag-titulares","24":"tag-ultimas-noticias","25":"tag-ultimasnoticias","26":"tag-world","27":"tag-world-news","28":"tag-worldnews"},"share_on_mastodon":{"url":"","error":""},"_links":{"self":[{"href":"https:\/\/www.europesays.com\/es\/wp-json\/wp\/v2\/posts\/122233","targetHints":{"allow":["GET"]}}],"collection":[{"href":"https:\/\/www.europesays.com\/es\/wp-json\/wp\/v2\/posts"}],"about":[{"href":"https:\/\/www.europesays.com\/es\/wp-json\/wp\/v2\/types\/post"}],"author":[{"embeddable":true,"href":"https:\/\/www.europesays.com\/es\/wp-json\/wp\/v2\/users\/2"}],"replies":[{"embeddable":true,"href":"https:\/\/www.europesays.com\/es\/wp-json\/wp\/v2\/comments?post=122233"}],"version-history":[{"count":0,"href":"https:\/\/www.europesays.com\/es\/wp-json\/wp\/v2\/posts\/122233\/revisions"}],"wp:featuredmedia":[{"embeddable":true,"href":"https:\/\/www.europesays.com\/es\/wp-json\/wp\/v2\/media\/122234"}],"wp:attachment":[{"href":"https:\/\/www.europesays.com\/es\/wp-json\/wp\/v2\/media?parent=122233"}],"wp:term":[{"taxonomy":"category","embeddable":true,"href":"https:\/\/www.europesays.com\/es\/wp-json\/wp\/v2\/categories?post=122233"},{"taxonomy":"post_tag","embeddable":true,"href":"https:\/\/www.europesays.com\/es\/wp-json\/wp\/v2\/tags?post=122233"}],"curies":[{"name":"wp","href":"https:\/\/api.w.org\/{rel}","templated":true}]}}