{"id":122241,"date":"2025-09-18T03:25:11","date_gmt":"2025-09-18T03:25:11","guid":{"rendered":"https:\/\/www.europesays.com\/es\/122241\/"},"modified":"2025-09-18T03:25:11","modified_gmt":"2025-09-18T03:25:11","slug":"orejas-para-daniel-luque-y-emilio-de-justo","status":"publish","type":"post","link":"https:\/\/www.europesays.com\/es\/122241\/","title":{"rendered":"Orejas para Daniel Luque y Emilio de Justo"},"content":{"rendered":"<p>\t\t\t\t\t78<\/p>\n<p><strong>Daniel Luque y Emilio de Justo han cortado una oreja cada uno, en este martes de la Feria Taurina de Albacete, en una corrida de Jandilla que no dio el juego esperado. Los mejores toros fueron el cuarto y el quinto.<\/strong><\/p>\n<p>Mientras que Luque plante\u00f3 una faena muy inteligente a su toro y le cort\u00f3 una oreja; Emilio de Justo estuvo mand\u00f3n con ese toro y tuvo el mismo premio. Le pidieron levemente el segundo trofeo.<\/p>\n<p>Daniel Luque perd\u00eda la Puerta Grande por un pinchazo tras una faena de mucha est\u00e9tica y gran toreo con un noble toro de Jandilla.<\/p>\n<p>Emilio de Justo destacaba sobre la diestra con otro buen toro de Jandilla. Remat\u00f3 la faena por naturales con la diestra, manoletinas y una media estocada.<\/p>\n<p>Por su parte, Tom\u00e1s Rufo tuvo el peor lote y no pudo hacer nada m\u00e1s que mostrar aptitud. La entrada volvi\u00f3 a estar en m\u00e1s de dos tercios.<\/p>\n<p><a href=\"https:\/\/www.europesays.com\/es\/wp-content\/uploads\/2025\/09\/IMG-20250916-WA0163.jpg\" data-rel=\"penci-gallery-image-content\"><img fetchpriority=\"high\" decoding=\"async\" width=\"1600\" height=\"1067\" data-id=\"190567\" src=\"https:\/\/www.europesays.com\/es\/wp-content\/uploads\/2025\/09\/IMG-20250916-WA0163.jpg\" alt=\"\" class=\"wp-image-190567\"  \/><\/a>Corrida de toros del 16 de septiembre en la Feria de Albacete con la ganader\u00eda JANDILLA para, DANIEL LUQUE , EMILIO DE JUSTO y TOM\u00c1S RUFO<\/p>\n<p><a href=\"https:\/\/www.europesays.com\/es\/wp-content\/uploads\/2025\/09\/IMG-20250916-WA0162.jpg\" data-rel=\"penci-gallery-image-content\"><img loading=\"lazy\" decoding=\"async\" width=\"1600\" height=\"1068\" data-id=\"190566\" src=\"https:\/\/www.europesays.com\/es\/wp-content\/uploads\/2025\/09\/IMG-20250916-WA0162.jpg\" alt=\"\" class=\"wp-image-190566\"  \/><\/a>Corrida de toros del 16 de septiembre en la Feria de Albacete con la ganader\u00eda JANDILLA para, DANIEL LUQUE , EMILIO DE JUSTO y TOM\u00c1S RUFO<\/p>\n<p><a href=\"https:\/\/www.europesays.com\/es\/wp-content\/uploads\/2025\/09\/IMG-20250916-WA0161.jpg\" data-rel=\"penci-gallery-image-content\"><img loading=\"lazy\" decoding=\"async\" width=\"1600\" height=\"1068\" data-id=\"190565\" src=\"https:\/\/www.europesays.com\/es\/wp-content\/uploads\/2025\/09\/IMG-20250916-WA0161.jpg\" alt=\"\" class=\"wp-image-190565\"  \/><\/a>Corrida de toros del 16 de septiembre en la Feria de Albacete con la ganader\u00eda JANDILLA para, DANIEL LUQUE , EMILIO DE JUSTO y TOM\u00c1S RUFO<\/p>\n<p><a href=\"https:\/\/www.europesays.com\/es\/wp-content\/uploads\/2025\/09\/IMG-20250916-WA0159.jpg\" data-rel=\"penci-gallery-image-content\"><img loading=\"lazy\" decoding=\"async\" width=\"1600\" height=\"1067\" data-id=\"190564\" src=\"https:\/\/www.europesays.com\/es\/wp-content\/uploads\/2025\/09\/IMG-20250916-WA0159.jpg\" alt=\"\" class=\"wp-image-190564\"  \/><\/a>Corrida de toros del 16 de septiembre en la Feria de Albacete con la ganader\u00eda JANDILLA para, DANIEL LUQUE , EMILIO DE JUSTO y TOM\u00c1S RUFO<\/p>\n<p><a href=\"https:\/\/www.europesays.com\/es\/wp-content\/uploads\/2025\/09\/IMG-20250916-WA0158.jpg\" data-rel=\"penci-gallery-image-content\"><img loading=\"lazy\" decoding=\"async\" width=\"1600\" height=\"1068\" data-id=\"190563\" src=\"https:\/\/www.europesays.com\/es\/wp-content\/uploads\/2025\/09\/IMG-20250916-WA0158.jpg\" alt=\"\" class=\"wp-image-190563\"  \/><\/a>Corrida de toros del 16 de septiembre en la Feria de Albacete con la ganader\u00eda JANDILLA para, DANIEL LUQUE , EMILIO DE JUSTO y TOM\u00c1S RUFO<\/p>\n<p><a href=\"https:\/\/www.europesays.com\/es\/wp-content\/uploads\/2025\/09\/IMG-20250916-WA0157.jpg\" data-rel=\"penci-gallery-image-content\"><img loading=\"lazy\" decoding=\"async\" width=\"1600\" height=\"1066\" data-id=\"190562\" src=\"https:\/\/www.europesays.com\/es\/wp-content\/uploads\/2025\/09\/IMG-20250916-WA0157.jpg\" alt=\"\" class=\"wp-image-190562\"  \/><\/a>Corrida de toros del 16 de septiembre en la Feria de Albacete con la ganader\u00eda JANDILLA para, DANIEL LUQUE , EMILIO DE JUSTO y TOM\u00c1S RUFO<\/p>\n<p><a href=\"https:\/\/www.europesays.com\/es\/wp-content\/uploads\/2025\/09\/IMG-20250916-WA0156.jpg\" data-rel=\"penci-gallery-image-content\"><img loading=\"lazy\" decoding=\"async\" width=\"1600\" height=\"1068\" data-id=\"190561\" src=\"https:\/\/www.europesays.com\/es\/wp-content\/uploads\/2025\/09\/IMG-20250916-WA0156.jpg\" alt=\"\" class=\"wp-image-190561\"  \/><\/a>Corrida de toros del 16 de septiembre en la Feria de Albacete con la ganader\u00eda JANDILLA para, DANIEL LUQUE , EMILIO DE JUSTO y TOM\u00c1S RUFO<\/p>\n<p><a href=\"https:\/\/www.europesays.com\/es\/wp-content\/uploads\/2025\/09\/IMG-20250916-WA0155.jpg\" data-rel=\"penci-gallery-image-content\"><img loading=\"lazy\" decoding=\"async\" width=\"1600\" height=\"1068\" data-id=\"190560\" src=\"https:\/\/www.europesays.com\/es\/wp-content\/uploads\/2025\/09\/IMG-20250916-WA0155.jpg\" alt=\"\" class=\"wp-image-190560\"  \/><\/a>Corrida de toros del 16 de septiembre en la Feria de Albacete con la ganader\u00eda JANDILLA para, DANIEL LUQUE , EMILIO DE JUSTO y TOM\u00c1S RUFO<\/p>\n<p><a href=\"https:\/\/www.europesays.com\/es\/wp-content\/uploads\/2025\/09\/IMG-20250916-WA0154.jpg\" data-rel=\"penci-gallery-image-content\"><img loading=\"lazy\" decoding=\"async\" width=\"1600\" height=\"1067\" data-id=\"190559\" src=\"https:\/\/www.europesays.com\/es\/wp-content\/uploads\/2025\/09\/IMG-20250916-WA0154.jpg\" alt=\"\" class=\"wp-image-190559\"  \/><\/a>Corrida de toros del 16 de septiembre en la Feria de Albacete con la ganader\u00eda JANDILLA para, DANIEL LUQUE , EMILIO DE JUSTO y TOM\u00c1S RUFO<\/p>\n<p><a href=\"https:\/\/www.europesays.com\/es\/wp-content\/uploads\/2025\/09\/IMG-20250916-WA0152.jpg\" data-rel=\"penci-gallery-image-content\"><img loading=\"lazy\" decoding=\"async\" width=\"1600\" height=\"1069\" data-id=\"190558\" src=\"https:\/\/www.europesays.com\/es\/wp-content\/uploads\/2025\/09\/IMG-20250916-WA0152.jpg\" alt=\"\" class=\"wp-image-190558\"  \/><\/a>Corrida de toros del 16 de septiembre en la Feria de Albacete con la ganader\u00eda JANDILLA para, DANIEL LUQUE , EMILIO DE JUSTO y TOM\u00c1S RUFO<\/p>\n<p><a href=\"https:\/\/www.europesays.com\/es\/wp-content\/uploads\/2025\/09\/IMG-20250916-WA0150.jpg\" data-rel=\"penci-gallery-image-content\"><img loading=\"lazy\" decoding=\"async\" width=\"1600\" height=\"1067\" data-id=\"190555\" src=\"https:\/\/www.europesays.com\/es\/wp-content\/uploads\/2025\/09\/IMG-20250916-WA0150.jpg\" alt=\"\" class=\"wp-image-190555\"  \/><\/a>Corrida de toros del 16 de septiembre en la Feria de Albacete con la ganader\u00eda JANDILLA para, DANIEL LUQUE , EMILIO DE JUSTO y TOM\u00c1S RUFO<\/p>\n<p><a href=\"https:\/\/www.europesays.com\/es\/wp-content\/uploads\/2025\/09\/IMG-20250916-WA0142.jpg\" data-rel=\"penci-gallery-image-content\"><img loading=\"lazy\" decoding=\"async\" width=\"1600\" height=\"1183\" data-id=\"190554\" src=\"https:\/\/www.europesays.com\/es\/wp-content\/uploads\/2025\/09\/IMG-20250916-WA0142.jpg\" alt=\"\" class=\"wp-image-190554\"  \/><\/a>Corrida de toros del 16 de septiembre en la Feria de Albacete con la ganader\u00eda JANDILLA para, DANIEL LUQUE , EMILIO DE JUSTO y TOM\u00c1S RUFO<\/p>\n<p><a href=\"https:\/\/www.europesays.com\/es\/wp-content\/uploads\/2025\/09\/IMG-20250916-WA0139.jpg\" data-rel=\"penci-gallery-image-content\"><img loading=\"lazy\" decoding=\"async\" width=\"1600\" height=\"1068\" data-id=\"190553\" src=\"https:\/\/www.europesays.com\/es\/wp-content\/uploads\/2025\/09\/IMG-20250916-WA0139.jpg\" alt=\"\" class=\"wp-image-190553\"  \/><\/a>Corrida de toros del 16 de septiembre en la Feria de Albacete con la ganader\u00eda JANDILLA para, DANIEL LUQUE , EMILIO DE JUSTO y TOM\u00c1S RUFO<\/p>\n<p><a href=\"https:\/\/www.europesays.com\/es\/wp-content\/uploads\/2025\/09\/IMG-20250916-WA0134.jpg\" data-rel=\"penci-gallery-image-content\"><img loading=\"lazy\" decoding=\"async\" width=\"1600\" height=\"1068\" data-id=\"190552\" src=\"https:\/\/www.europesays.com\/es\/wp-content\/uploads\/2025\/09\/IMG-20250916-WA0134.jpg\" alt=\"\" class=\"wp-image-190552\"  \/><\/a>Corrida de toros del 16 de septiembre en la Feria de Albacete con la ganader\u00eda JANDILLA para, DANIEL LUQUE , EMILIO DE JUSTO y TOM\u00c1S RUFO<\/p>\n<p><a href=\"https:\/\/www.europesays.com\/es\/wp-content\/uploads\/2025\/09\/IMG-20250916-WA0133.jpg\" data-rel=\"penci-gallery-image-content\"><img loading=\"lazy\" decoding=\"async\" width=\"1600\" height=\"1069\" data-id=\"190551\" src=\"https:\/\/www.europesays.com\/es\/wp-content\/uploads\/2025\/09\/IMG-20250916-WA0133.jpg\" alt=\"\" class=\"wp-image-190551\"  \/><\/a>Corrida de toros del 16 de septiembre en la Feria de Albacete con la ganader\u00eda JANDILLA para, DANIEL LUQUE , EMILIO DE JUSTO y TOM\u00c1S RUFO<\/p>\n<p><a href=\"https:\/\/www.europesays.com\/es\/wp-content\/uploads\/2025\/09\/IMG-20250916-WA0132.jpg\" data-rel=\"penci-gallery-image-content\"><img loading=\"lazy\" decoding=\"async\" width=\"1600\" height=\"1067\" data-id=\"190550\" src=\"https:\/\/www.europesays.com\/es\/wp-content\/uploads\/2025\/09\/IMG-20250916-WA0132.jpg\" alt=\"\" class=\"wp-image-190550\"  \/><\/a>Corrida de toros del 16 de septiembre en la Feria de Albacete con la ganader\u00eda JANDILLA para, DANIEL LUQUE , EMILIO DE JUSTO y TOM\u00c1S RUFO<\/p>\n<p><a href=\"https:\/\/www.europesays.com\/es\/wp-content\/uploads\/2025\/09\/IMG-20250916-WA0131.jpg\" data-rel=\"penci-gallery-image-content\"><img loading=\"lazy\" decoding=\"async\" width=\"1600\" height=\"1067\" data-id=\"190549\" src=\"https:\/\/www.europesays.com\/es\/wp-content\/uploads\/2025\/09\/IMG-20250916-WA0131.jpg\" alt=\"\" class=\"wp-image-190549\"  \/><\/a>Corrida de toros del 16 de septiembre en la Feria de Albacete con la ganader\u00eda JANDILLA para, DANIEL LUQUE , EMILIO DE JUSTO y TOM\u00c1S RUFO<\/p>\n<p><a href=\"https:\/\/www.europesays.com\/es\/wp-content\/uploads\/2025\/09\/IMG-20250916-WA0130.jpg\" data-rel=\"penci-gallery-image-content\"><img loading=\"lazy\" decoding=\"async\" width=\"1600\" height=\"1600\" data-id=\"190548\" src=\"https:\/\/www.europesays.com\/es\/wp-content\/uploads\/2025\/09\/IMG-20250916-WA0130.jpg\" alt=\"\" class=\"wp-image-190548\"  \/><\/a>Corrida de toros del 16 de septiembre en la Feria de Albacete con la ganader\u00eda JANDILLA para, DANIEL LUQUE , EMILIO DE JUSTO y TOM\u00c1S RUFO<\/p>\n<p><a href=\"https:\/\/www.europesays.com\/es\/wp-content\/uploads\/2025\/09\/IMG-20250916-WA0128.jpg\" data-rel=\"penci-gallery-image-content\"><img loading=\"lazy\" decoding=\"async\" width=\"1600\" height=\"1067\" data-id=\"190547\" src=\"https:\/\/www.europesays.com\/es\/wp-content\/uploads\/2025\/09\/IMG-20250916-WA0128.jpg\" alt=\"\" class=\"wp-image-190547\"  \/><\/a>Corrida de toros del 16 de septiembre en la Feria de Albacete con la ganader\u00eda JANDILLA para, DANIEL LUQUE , EMILIO DE JUSTO y TOM\u00c1S RUFO<\/p>\n<p><a href=\"https:\/\/www.europesays.com\/es\/wp-content\/uploads\/2025\/09\/IMG-20250916-WA0127.jpg\" data-rel=\"penci-gallery-image-content\"><img loading=\"lazy\" decoding=\"async\" width=\"1600\" height=\"1067\" data-id=\"190546\" src=\"https:\/\/www.europesays.com\/es\/wp-content\/uploads\/2025\/09\/IMG-20250916-WA0127.jpg\" alt=\"\" class=\"wp-image-190546\"  \/><\/a>Corrida de toros del 16 de septiembre en la Feria de Albacete con la ganader\u00eda JANDILLA para, DANIEL LUQUE , EMILIO DE JUSTO y TOM\u00c1S RUFO<\/p>\n<p><a href=\"https:\/\/www.europesays.com\/es\/wp-content\/uploads\/2025\/09\/IMG-20250916-WA0126.jpg\" data-rel=\"penci-gallery-image-content\"><img loading=\"lazy\" decoding=\"async\" width=\"1600\" height=\"1067\" data-id=\"190545\" src=\"https:\/\/www.europesays.com\/es\/wp-content\/uploads\/2025\/09\/IMG-20250916-WA0126.jpg\" alt=\"\" class=\"wp-image-190545\"  \/><\/a>Corrida de toros del 16 de septiembre en la Feria de Albacete con la ganader\u00eda JANDILLA para, DANIEL LUQUE , EMILIO DE JUSTO y TOM\u00c1S RUFO<\/p>\n<p><a href=\"https:\/\/www.europesays.com\/es\/wp-content\/uploads\/2025\/09\/IMG-20250916-WA0125.jpg\" data-rel=\"penci-gallery-image-content\"><img loading=\"lazy\" decoding=\"async\" width=\"1600\" height=\"1600\" data-id=\"190544\" src=\"https:\/\/www.europesays.com\/es\/wp-content\/uploads\/2025\/09\/IMG-20250916-WA0125.jpg\" alt=\"\" class=\"wp-image-190544\"  \/><\/a>Corrida de toros del 16 de septiembre en la Feria de Albacete con la ganader\u00eda JANDILLA para, DANIEL LUQUE , EMILIO DE JUSTO y TOM\u00c1S RUFO<\/p>\n<p><a href=\"https:\/\/www.europesays.com\/es\/wp-content\/uploads\/2025\/09\/IMG-20250916-WA0124.jpg\" data-rel=\"penci-gallery-image-content\"><img loading=\"lazy\" decoding=\"async\" width=\"1600\" height=\"1067\" data-id=\"190543\" src=\"https:\/\/www.europesays.com\/es\/wp-content\/uploads\/2025\/09\/IMG-20250916-WA0124.jpg\" alt=\"\" class=\"wp-image-190543\"  \/><\/a>Corrida de toros del 16 de septiembre en la Feria de Albacete con la ganader\u00eda JANDILLA para, DANIEL LUQUE , EMILIO DE JUSTO y TOM\u00c1S RUFO<\/p>\n<p><a href=\"https:\/\/www.europesays.com\/es\/wp-content\/uploads\/2025\/09\/IMG-20250916-WA0123.jpg\" data-rel=\"penci-gallery-image-content\"><img loading=\"lazy\" decoding=\"async\" width=\"1600\" height=\"1068\" data-id=\"190542\" src=\"https:\/\/www.europesays.com\/es\/wp-content\/uploads\/2025\/09\/IMG-20250916-WA0123.jpg\" alt=\"\" class=\"wp-image-190542\"  \/><\/a>Corrida de toros del 16 de septiembre en la Feria de Albacete con la ganader\u00eda JANDILLA para, DANIEL LUQUE , EMILIO DE JUSTO y TOM\u00c1S RUFO<\/p>\n<p><a href=\"https:\/\/www.europesays.com\/es\/wp-content\/uploads\/2025\/09\/IMG-20250916-WA0122.jpg\" data-rel=\"penci-gallery-image-content\"><img loading=\"lazy\" decoding=\"async\" width=\"1600\" height=\"1068\" data-id=\"190541\" src=\"https:\/\/www.europesays.com\/es\/wp-content\/uploads\/2025\/09\/IMG-20250916-WA0122.jpg\" alt=\"\" class=\"wp-image-190541\"  \/><\/a>Corrida de toros del 16 de septiembre en la Feria de Albacete con la ganader\u00eda JANDILLA para, DANIEL LUQUE , EMILIO DE JUSTO y TOM\u00c1S RUFO<\/p>\n<p><a href=\"https:\/\/www.europesays.com\/es\/wp-content\/uploads\/2025\/09\/IMG-20250916-WA0121.jpg\" data-rel=\"penci-gallery-image-content\"><img loading=\"lazy\" decoding=\"async\" width=\"1600\" height=\"1068\" data-id=\"190540\" src=\"https:\/\/www.europesays.com\/es\/wp-content\/uploads\/2025\/09\/IMG-20250916-WA0121.jpg\" alt=\"\" class=\"wp-image-190540\"  \/><\/a>Corrida de toros del 16 de septiembre en la Feria de Albacete con la ganader\u00eda JANDILLA para, DANIEL LUQUE , EMILIO DE JUSTO y TOM\u00c1S RUFO<\/p>\n<p><a href=\"https:\/\/www.europesays.com\/es\/wp-content\/uploads\/2025\/09\/IMG-20250916-WA0120.jpg\" data-rel=\"penci-gallery-image-content\"><img loading=\"lazy\" decoding=\"async\" width=\"1600\" height=\"1124\" data-id=\"190539\" src=\"https:\/\/www.europesays.com\/es\/wp-content\/uploads\/2025\/09\/IMG-20250916-WA0120.jpg\" alt=\"\" class=\"wp-image-190539\"  \/><\/a>Corrida de toros del 16 de septiembre en la Feria de Albacete con la ganader\u00eda JANDILLA para, DANIEL LUQUE , EMILIO DE JUSTO y TOM\u00c1S RUFO<\/p>\n<p><a href=\"https:\/\/www.europesays.com\/es\/wp-content\/uploads\/2025\/09\/IMG-20250916-WA0116.jpg\" data-rel=\"penci-gallery-image-content\"><img loading=\"lazy\" decoding=\"async\" width=\"1600\" height=\"1068\" data-id=\"190538\" src=\"https:\/\/www.europesays.com\/es\/wp-content\/uploads\/2025\/09\/IMG-20250916-WA0116.jpg\" alt=\"\" class=\"wp-image-190538\"  \/><\/a>Corrida de toros del 16 de septiembre en la Feria de Albacete con la ganader\u00eda JANDILLA para, DANIEL LUQUE , EMILIO DE JUSTO y TOM\u00c1S RUFO<\/p>\n<p><a href=\"https:\/\/www.europesays.com\/es\/wp-content\/uploads\/2025\/09\/IMG-20250916-WA0115.jpg\" data-rel=\"penci-gallery-image-content\"><img loading=\"lazy\" decoding=\"async\" width=\"1600\" height=\"1600\" data-id=\"190537\" src=\"https:\/\/www.europesays.com\/es\/wp-content\/uploads\/2025\/09\/IMG-20250916-WA0115.jpg\" alt=\"\" class=\"wp-image-190537\"  \/><\/a>Corrida de toros del 16 de septiembre en la Feria de Albacete con la ganader\u00eda JANDILLA para, DANIEL LUQUE , EMILIO DE JUSTO y TOM\u00c1S RUFO<\/p>\n<p><a href=\"https:\/\/www.europesays.com\/es\/wp-content\/uploads\/2025\/09\/IMG-20250916-WA0114.jpg\" data-rel=\"penci-gallery-image-content\"><img loading=\"lazy\" decoding=\"async\" width=\"1600\" height=\"1068\" data-id=\"190536\" src=\"https:\/\/www.europesays.com\/es\/wp-content\/uploads\/2025\/09\/IMG-20250916-WA0114.jpg\" alt=\"\" class=\"wp-image-190536\"  \/><\/a>Corrida de toros del 16 de septiembre en la Feria de Albacete con la ganader\u00eda JANDILLA para, DANIEL LUQUE , EMILIO DE JUSTO y TOM\u00c1S RUFO<\/p>\n<p><a href=\"https:\/\/www.europesays.com\/es\/wp-content\/uploads\/2025\/09\/IMG-20250916-WA0113.jpg\" data-rel=\"penci-gallery-image-content\"><img loading=\"lazy\" decoding=\"async\" width=\"1600\" height=\"1068\" data-id=\"190535\" src=\"https:\/\/www.europesays.com\/es\/wp-content\/uploads\/2025\/09\/IMG-20250916-WA0113.jpg\" alt=\"\" class=\"wp-image-190535\"  \/><\/a>Corrida de toros del 16 de septiembre en la Feria de Albacete con la ganader\u00eda JANDILLA para, DANIEL LUQUE , EMILIO DE JUSTO y TOM\u00c1S RUFO<\/p>\n<p><a href=\"https:\/\/www.europesays.com\/es\/wp-content\/uploads\/2025\/09\/IMG-20250916-WA0107.jpg\" data-rel=\"penci-gallery-image-content\"><img loading=\"lazy\" decoding=\"async\" width=\"1600\" height=\"1068\" data-id=\"190534\" src=\"https:\/\/www.europesays.com\/es\/wp-content\/uploads\/2025\/09\/IMG-20250916-WA0107.jpg\" alt=\"\" class=\"wp-image-190534\"  \/><\/a>Corrida de toros del 16 de septiembre en la Feria de Albacete con la ganader\u00eda JANDILLA para, DANIEL LUQUE , EMILIO DE JUSTO y TOM\u00c1S RUFO<\/p>\n<p><a href=\"https:\/\/www.europesays.com\/es\/wp-content\/uploads\/2025\/09\/IMG-20250916-WA0106.jpg\" data-rel=\"penci-gallery-image-content\"><img loading=\"lazy\" decoding=\"async\" width=\"1600\" height=\"1068\" data-id=\"190533\" src=\"https:\/\/www.europesays.com\/es\/wp-content\/uploads\/2025\/09\/IMG-20250916-WA0106.jpg\" alt=\"\" class=\"wp-image-190533\"  \/><\/a>Corrida de toros del 16 de septiembre en la Feria de Albacete con la ganader\u00eda JANDILLA para, DANIEL LUQUE , EMILIO DE JUSTO y TOM\u00c1S RUFO<\/p>\n<p><a href=\"https:\/\/www.europesays.com\/es\/wp-content\/uploads\/2025\/09\/IMG-20250916-WA0105.jpg\" data-rel=\"penci-gallery-image-content\"><img loading=\"lazy\" decoding=\"async\" width=\"1600\" height=\"1155\" data-id=\"190532\" src=\"https:\/\/www.europesays.com\/es\/wp-content\/uploads\/2025\/09\/IMG-20250916-WA0105.jpg\" alt=\"\" class=\"wp-image-190532\"  \/><\/a>Corrida de toros del 16 de septiembre en la Feria de Albacete con la ganader\u00eda JANDILLA para, DANIEL LUQUE , EMILIO DE JUSTO y TOM\u00c1S RUFO<\/p>\n<p><a href=\"https:\/\/www.europesays.com\/es\/wp-content\/uploads\/2025\/09\/IMG-20250916-WA0101.jpg\" data-rel=\"penci-gallery-image-content\"><img loading=\"lazy\" decoding=\"async\" width=\"1600\" height=\"1156\" data-id=\"190531\" src=\"https:\/\/www.europesays.com\/es\/wp-content\/uploads\/2025\/09\/IMG-20250916-WA0101.jpg\" alt=\"Corrida de toros del 16 de septiembre en la Feria de Albacete con la ganader\u00eda JANDILLA para, DANIEL LUQUE , EMILIO DE JUSTO y TOM\u00c1S RUFO\" class=\"wp-image-190531\"  \/><\/a>Corrida de toros del 16 de septiembre en la Feria de Albacete con la ganader\u00eda JANDILLA para, DANIEL LUQUE , EMILIO DE JUSTO y TOM\u00c1S RUFO<\/p>\n","protected":false},"excerpt":{"rendered":"78 Daniel Luque y Emilio de Justo han cortado una oreja cada uno, en este martes de la&hellip;\n","protected":false},"author":2,"featured_media":122242,"comment_status":"","ping_status":"","sticky":false,"template":"","format":"standard","meta":{"footnotes":""},"categories":[277],"tags":[2545,373,168,25,24,23,167,374,444],"class_list":{"0":"post-122241","1":"post","2":"type-post","3":"status-publish","4":"format-standard","5":"has-post-thumbnail","7":"category-toreo","8":"tag-albacete","9":"tag-bullfighting","10":"tag-deportes","11":"tag-es","12":"tag-espana","13":"tag-spain","14":"tag-sports","15":"tag-toreo","16":"tag-toros"},"share_on_mastodon":{"url":"","error":""},"_links":{"self":[{"href":"https:\/\/www.europesays.com\/es\/wp-json\/wp\/v2\/posts\/122241","targetHints":{"allow":["GET"]}}],"collection":[{"href":"https:\/\/www.europesays.com\/es\/wp-json\/wp\/v2\/posts"}],"about":[{"href":"https:\/\/www.europesays.com\/es\/wp-json\/wp\/v2\/types\/post"}],"author":[{"embeddable":true,"href":"https:\/\/www.europesays.com\/es\/wp-json\/wp\/v2\/users\/2"}],"replies":[{"embeddable":true,"href":"https:\/\/www.europesays.com\/es\/wp-json\/wp\/v2\/comments?post=122241"}],"version-history":[{"count":0,"href":"https:\/\/www.europesays.com\/es\/wp-json\/wp\/v2\/posts\/122241\/revisions"}],"wp:featuredmedia":[{"embeddable":true,"href":"https:\/\/www.europesays.com\/es\/wp-json\/wp\/v2\/media\/122242"}],"wp:attachment":[{"href":"https:\/\/www.europesays.com\/es\/wp-json\/wp\/v2\/media?parent=122241"}],"wp:term":[{"taxonomy":"category","embeddable":true,"href":"https:\/\/www.europesays.com\/es\/wp-json\/wp\/v2\/categories?post=122241"},{"taxonomy":"post_tag","embeddable":true,"href":"https:\/\/www.europesays.com\/es\/wp-json\/wp\/v2\/tags?post=122241"}],"curies":[{"name":"wp","href":"https:\/\/api.w.org\/{rel}","templated":true}]}}