{"id":122251,"date":"2025-09-18T03:33:13","date_gmt":"2025-09-18T03:33:13","guid":{"rendered":"https:\/\/www.europesays.com\/es\/122251\/"},"modified":"2025-09-18T03:33:13","modified_gmt":"2025-09-18T03:33:13","slug":"carmen-lomana-con-vestido-de-transparencias-de-entretiempo-en-la-mbfwm","status":"publish","type":"post","link":"https:\/\/www.europesays.com\/es\/122251\/","title":{"rendered":"Carmen Lomana con vestido de transparencias de entretiempo en la MBFWM"},"content":{"rendered":"<p data-journey-content=\"true\" data-node-id=\"2\" class=\"css-6wxqfj emevuu60\">Durante unos d\u00edas, <strong data-node-id=\"2.1\">Madrid se convierte en una inmensa pasarela de moda<\/strong>. Entre el 17 y el 21 de septiembre, la capital acoge de nuevo la <a href=\"https:\/\/www.elle.com\/es\/moda\/noticias\/a66100740\/mercedes-benz-aniversario-mbfwmadrid-2025-edicion-ice-spice-cla-fashion\/\" target=\"_blank\" data-vars-ga-outbound-link=\"https:\/\/www.elle.com\/es\/moda\/noticias\/a66100740\/mercedes-benz-aniversario-mbfwmadrid-2025-edicion-ice-spice-cla-fashion\/\" data-vars-ga-ux-element=\"Hyperlink\" data-vars-ga-call-to-action=\"Mercedes-Benz Fashion Week Madrid\" data-node-id=\"2.3\" class=\"body-link css-103hk4r emevuu60\" rel=\"nofollow noopener\">Mercedes-Benz Fashion Week Madrid<\/a>, de la mano de su eterno patrocinador Mercedes-Benz, que lleva acompa\u00f1ando el evento desde hace m\u00e1s de 29 ediciones. Esta \u00faltima edici\u00f3n es de las m\u00e1s especiales, ya que celera<strong data-node-id=\"2.5\"> el 40\u00ba aniversario del desfile<\/strong>. Un evento que ninguna amante de la moda se quiere perder, entre ellas, Carmen Lomana.<\/p>\n<p data-journey-content=\"true\" data-node-id=\"3\" class=\"css-6wxqfj emevuu60\"><strong data-node-id=\"3.0\">La socialit\u00e9 no deja de darnos lecciones de estilo con sus estilismos<\/strong>. Y nos sigue demostrando que, a sus 77 a\u00f1os, todav\u00eda le quedan muchos looks por lucir. Hace unos d\u00edas, la vimos deslumbrante con un <a href=\"https:\/\/www.elle.com\/es\/star-style\/el-estilo-de\/a66120996\/carmen-lomana-vestido-camisero-entretiempo-invitada-mejor-vestida\/\" target=\"_blank\" data-vars-ga-outbound-link=\"https:\/\/www.elle.com\/es\/star-style\/el-estilo-de\/a66120996\/carmen-lomana-vestido-camisero-entretiempo-invitada-mejor-vestida\/\" data-vars-ga-ux-element=\"Hyperlink\" data-vars-ga-call-to-action=\"vestido camisero blanco de entretiempo\" data-node-id=\"3.2\" class=\"body-link css-103hk4r emevuu60\" rel=\"nofollow noopener\">vestido camisero blanco de entretiempo<\/a> para la presentaci\u00f3n de <strong data-node-id=\"3.4\">Devota &amp; Lomba<\/strong> de su colecci\u00f3n 78. Y es que Lomana no se pierde ning\u00fan evento, como la verdadera amante de la moda que es. <\/p>\n<p data-journey-content=\"true\" data-node-id=\"4\" class=\"css-6wxqfj emevuu60\">En esta ocasi\u00f3n, Carmen vuelve a vestirse con sus <strong data-node-id=\"4.1\">estampados floridos y colores luminosos<\/strong> <strong data-node-id=\"4.3\">habituales<\/strong>, algo que casi se ha convertido en <a href=\"https:\/\/www.elle.com\/es\/star-style\/el-estilo-de\/a64941608\/carmen-lomana-vestido-primavera-estampado-firma-espanola-favorece-sandalias\/\" target=\"_blank\" data-vars-ga-outbound-link=\"https:\/\/www.elle.com\/es\/star-style\/el-estilo-de\/a64941608\/carmen-lomana-vestido-primavera-estampado-firma-espanola-favorece-sandalias\/\" data-vars-ga-ux-element=\"Hyperlink\" data-vars-ga-call-to-action=\"una insignia personal de su estilo\" data-node-id=\"4.5\" class=\"body-link css-103hk4r emevuu60\" rel=\"nofollow noopener\">una insignia personal de su estilo<\/a>. <\/p>\n<p>Carmen Lomana ideal con un vestido de transparencias de entretiempo<\/p>\n<p data-journey-content=\"true\" data-node-id=\"7\" class=\"css-6wxqfj emevuu60\">Este vestido de manga larga de transparencias de <strong data-node-id=\"7.1\">un color azulado y <a href=\"https:\/\/www.elle.com\/es\/moda\/streetstyle\/a65652906\/como-visten-las-que-mejor-visten-el-color-verde\/\" target=\"_blank\" data-vars-ga-outbound-link=\"https:\/\/www.elle.com\/es\/moda\/streetstyle\/a65652906\/como-visten-las-que-mejor-visten-el-color-verde\/\" data-vars-ga-ux-element=\"Hyperlink\" data-vars-ga-call-to-action=\"verde agua\" data-node-id=\"7.1.1\" class=\"body-link css-103hk4r emevuu60\" rel=\"nofollow noopener\">verde agua<\/a>, con detalles de flores<\/strong>, ha sido una de las elecciones m\u00e1s acertadas que ha hecho Lomana en mucho tiempo. En esta ocasi\u00f3n, la socialit\u00e9 asist\u00eda al desfile de la<strong data-node-id=\"7.3\"> dise\u00f1adora colombiana Silvia Tcherassi<\/strong>, en la presentaci\u00f3n de su colecci\u00f3n de Primavera 2026. <\/p>\n<p data-journey-content=\"true\" data-node-id=\"8\" class=\"css-6wxqfj emevuu60\">Tcherassi es una de las voces m\u00e1s prometedoras en la industria de la moda, que adem\u00e1s, <strong data-node-id=\"8.1\">ha sido galardonada con el premio &#8216;Dise\u00f1ador International 40 aniversario&#8217; <\/strong>en esta misma edici\u00f3n. Con esta \u00faltima colecci\u00f3n, la dise\u00f1adora ha mostrado la influencia del midcentury italiano (una est\u00e9tica italiana, elegante y recta del siglo XX), con unos colores que nos recuerdan a la paleta del cine de <a href=\"https:\/\/www.elle.com\/es\/living\/ocio-cultura\/a38547702\/fue-la-mano-de-dios-pelicula-netflix\/\" target=\"_blank\" data-vars-ga-outbound-link=\"https:\/\/www.elle.com\/es\/living\/ocio-cultura\/a38547702\/fue-la-mano-de-dios-pelicula-netflix\/\" data-vars-ga-ux-element=\"Hyperlink\" data-vars-ga-call-to-action=\"Sorrentino \" data-node-id=\"8.5\" class=\"body-link css-103hk4r emevuu60\" rel=\"nofollow noopener\">Sorrentino <\/a>(Fue la mano de Dios). Caracter\u00edsticas que hemos podido apreciar tanto en el desfile de Tcherassi como en el vestido de Lomana.<\/p>\n<p data-journey-content=\"true\" data-node-id=\"9\" class=\"css-6wxqfj emevuu60\">As\u00ed, <strong data-node-id=\"9.1\">el vestido Carmen Lomana resulta en el estilismo perfecto<\/strong>. La socialit\u00e9 combina su look con <a href=\"https:\/\/www.elle.com\/es\/moda\/noticias\/a61771533\/perlas-historia-como-llevarlas-donde-conseguirlas\/\" target=\"_blank\" data-vars-ga-outbound-link=\"https:\/\/www.elle.com\/es\/moda\/noticias\/a61771533\/perlas-historia-como-llevarlas-donde-conseguirlas\/\" data-vars-ga-ux-element=\"Hyperlink\" data-vars-ga-call-to-action=\"unas joyas de perlas cl\u00e1sica y atemporales\" data-node-id=\"9.3\" class=\"body-link css-103hk4r emevuu60\" rel=\"nofollow noopener\">unas joyas de perlas cl\u00e1sica y atemporales<\/a>, junto con un labial rojo, unas sandalias de tac\u00f3n de punta abierta con correas entrelazadas y un <strong data-node-id=\"9.5\">bolso Kelly de Herm\u00e8s<\/strong> color lima. Un look perfecto para disfrutar en la front row del <strong data-node-id=\"9.9\">Mercedes-Benz Fashion Week Madrid<\/strong>. <\/p>\n<p><img draggable=\"true\" alt=\"\ufeffcarmen lomana con vestido de transparencias de entretiempo en la mbfwm silvia tcherassi\" title=\"\ufeffCarmen Lomana con vestido de transparencias de entretiempo en la MBFWM\" loading=\"lazy\" width=\"1280\" height=\"1920\" decoding=\"async\" data-nimg=\"1\" style=\"color:transparent;width:100%;height:auto;\"   src=\"https:\/\/www.europesays.com\/es\/wp-content\/uploads\/2025\/09\/u591353-010-68ca9788d47c3.jpg\" class=\"css-0 e1g79fud0\"\/><a target=\"_blank\" rel=\"noopener nofollow\" data-theme-key=\"base-link\" href=\"https:\/\/pinterest.com\/pin\/create\/button\/?url=https:\/\/www.elle.com\/es\/star-style\/el-estilo-de\/a66137596\/carmen-lomana-vestido-transparencias-entretiempo-silvia-tcherassi-fashion-week-madrid-otono-2025\/&amp;description=- ElleSpain&amp;media=https:\/\/hips.hearstapps.com\/hmg-prod\/images\/u591353-010-68ca9788d47c3.jpg?resize=1600:*\" class=\"pinterest css-on9hn5 e1c1bym14\"><img decoding=\"async\" data-dynamic-svg=\"true\" src=\"https:\/\/www.elle.com\/_assets\/design-tokens\/fre\/static\/icons\/social\/pinterest.e8cf655.svg?primary=%2523ffffff\" loading=\"lazy\" data-testid=\"dynamic-svg-base\" height=\"auto\" width=\"auto\" alt=\"pinterest\" class=\"css-4lml0h e1mlxuuw1\"\/><\/a>Sergio R Moreno<\/p>\n<p>Carmen Lomana con vestido de transparencias de entretiempo en la MBFWM<\/p>\n<p><img draggable=\"true\" alt=\"\ufeffcarmen lomana con vestido de transparencias de entretiempo en la mbfwm silvia tcherassi\" title=\"\ufeffCarmen Lomana con vestido de transparencias de entretiempo en la MBFWM\" loading=\"lazy\" width=\"1280\" height=\"1920\" decoding=\"async\" data-nimg=\"1\" style=\"color:transparent;width:100%;height:auto;\"   src=\"https:\/\/www.europesays.com\/es\/wp-content\/uploads\/2025\/09\/u591353-011-68ca983763cb7.jpg\" class=\"css-0 e1g79fud0\"\/><a target=\"_blank\" rel=\"noopener nofollow\" data-theme-key=\"base-link\" href=\"https:\/\/pinterest.com\/pin\/create\/button\/?url=https:\/\/www.elle.com\/es\/star-style\/el-estilo-de\/a66137596\/carmen-lomana-vestido-transparencias-entretiempo-silvia-tcherassi-fashion-week-madrid-otono-2025\/&amp;description=- ElleSpain&amp;media=https:\/\/hips.hearstapps.com\/hmg-prod\/images\/u591353-011-68ca983763cb7.jpg?resize=1600:*\" class=\"pinterest css-on9hn5 e1c1bym14\"><img decoding=\"async\" data-dynamic-svg=\"true\" src=\"https:\/\/www.elle.com\/_assets\/design-tokens\/fre\/static\/icons\/social\/pinterest.e8cf655.svg?primary=%2523ffffff\" loading=\"lazy\" data-testid=\"dynamic-svg-base\" height=\"auto\" width=\"auto\" alt=\"pinterest\" class=\"css-4lml0h e1mlxuuw1\"\/><\/a>Sergio R Moreno<\/p>\n<p>Carmen Lomana con vestido de transparencias de entretiempo en la MBFWM<\/p>\n","protected":false},"excerpt":{"rendered":"Durante unos d\u00edas, Madrid se convierte en una inmensa pasarela de moda. Entre el 17 y el 21&hellip;\n","protected":false},"author":2,"featured_media":122252,"comment_status":"","ping_status":"","sticky":false,"template":"","format":"standard","meta":{"footnotes":""},"categories":[174],"tags":[255,253,146,147,25,24,256,23],"class_list":{"0":"post-122251","1":"post","2":"type-post","3":"status-publish","4":"format-standard","5":"has-post-thumbnail","7":"category-famosos","8":"tag-celebrities","9":"tag-discover","10":"tag-entertainment","11":"tag-entretenimiento","12":"tag-es","13":"tag-espana","14":"tag-famosos","15":"tag-spain"},"share_on_mastodon":{"url":"","error":""},"_links":{"self":[{"href":"https:\/\/www.europesays.com\/es\/wp-json\/wp\/v2\/posts\/122251","targetHints":{"allow":["GET"]}}],"collection":[{"href":"https:\/\/www.europesays.com\/es\/wp-json\/wp\/v2\/posts"}],"about":[{"href":"https:\/\/www.europesays.com\/es\/wp-json\/wp\/v2\/types\/post"}],"author":[{"embeddable":true,"href":"https:\/\/www.europesays.com\/es\/wp-json\/wp\/v2\/users\/2"}],"replies":[{"embeddable":true,"href":"https:\/\/www.europesays.com\/es\/wp-json\/wp\/v2\/comments?post=122251"}],"version-history":[{"count":0,"href":"https:\/\/www.europesays.com\/es\/wp-json\/wp\/v2\/posts\/122251\/revisions"}],"wp:featuredmedia":[{"embeddable":true,"href":"https:\/\/www.europesays.com\/es\/wp-json\/wp\/v2\/media\/122252"}],"wp:attachment":[{"href":"https:\/\/www.europesays.com\/es\/wp-json\/wp\/v2\/media?parent=122251"}],"wp:term":[{"taxonomy":"category","embeddable":true,"href":"https:\/\/www.europesays.com\/es\/wp-json\/wp\/v2\/categories?post=122251"},{"taxonomy":"post_tag","embeddable":true,"href":"https:\/\/www.europesays.com\/es\/wp-json\/wp\/v2\/tags?post=122251"}],"curies":[{"name":"wp","href":"https:\/\/api.w.org\/{rel}","templated":true}]}}