{"id":122253,"date":"2025-09-18T03:38:08","date_gmt":"2025-09-18T03:38:08","guid":{"rendered":"https:\/\/www.europesays.com\/es\/122253\/"},"modified":"2025-09-18T03:38:08","modified_gmt":"2025-09-18T03:38:08","slug":"de-heroe-en-pantalla-a-ejemplo-de-superacion-la-reinvencion-de-tom-holland-tras-spider-man","status":"publish","type":"post","link":"https:\/\/www.europesays.com\/es\/122253\/","title":{"rendered":"De h\u00e9roe en pantalla a ejemplo de superaci\u00f3n: la reinvenci\u00f3n de Tom Holland tras Spider-Man"},"content":{"rendered":"<p><img alt=\"Tom Holland cumpli\u00f3 m\u00e1s de\" class=\"global-image\" decoding=\"async\" fetchpriority=\"high\" height=\"3078\" loading=\"eager\" src=\"https:\/\/www.europesays.com\/es\/wp-content\/uploads\/2025\/09\/GMKCK4WVSFFZZACSUA6I2AHVUE.jpg\" width=\"5472\"\/>Tom Holland cumpli\u00f3 m\u00e1s de tres a\u00f1os de sobriedad (REUTERS\/Mario Anzuoni)<\/p>\n<p class=\"paragraph\"><a href=\"https:\/\/www.infobae.com\/tag\/tom-holland\/\" target=\"_blank\" rel=\"noreferrer nofollow noopener\" title=\"https:\/\/www.infobae.com\/tag\/tom-holland\/\"><b>Tom Holland<\/b><\/a>, conocido mundialmente por ser el <b>rostro de<\/b> <b>Spider-Man<\/b>, atraviesa una etapa de transformaci\u00f3n personal y profesional de casi tres a\u00f1os y medio. Este proceso, que el actor <b>describe como una \u201csensaci\u00f3n incre\u00edble\u201d<\/b>, ha redefinido tanto su vida cotidiana como su perspectiva de negocios.<\/p>\n<p class=\"paragraph\">El brit\u00e1nico <b>cumpli\u00f3 m\u00e1s de 1200 d\u00edas de sobriedad<\/b> y lo celebr\u00f3 con el <b>crecimiento de <\/b><b>Bero<\/b>, su nueva marca de cerveza sin alcohol. El actor expres\u00f3 su satisfacci\u00f3n por el rumbo de la compa\u00f1\u00eda, se\u00f1alando que \u201cest\u00e1 yendo muy bien\u201d y que siente un profundo orgullo por el trabajo realizado, seg\u00fan afirm\u00f3 en una entrevista con Esquire.<\/p>\n<p class=\"paragraph\">Su camino hacia la sobriedad <b>comenz\u00f3 en 2022<\/b>, cuando decidi\u00f3 sumarse al <b>reto de \u201cEnero Seco\u201d<\/b>, una iniciativa que inicialmente contemplaba solo un mes sin alcohol. Sin embargo, la experiencia se extendi\u00f3 mucho m\u00e1s all\u00e1 de lo previsto.<\/p>\n<p><img alt=\"Tom Holland experiment\u00f3 cambios notables\" class=\"global-image\" decoding=\"async\" fetchpriority=\"low\" height=\"2186\" loading=\"lazy\" src=\"https:\/\/www.europesays.com\/es\/wp-content\/uploads\/2025\/09\/525XW3CFQ2NVAK2X7GZRAEDPOU.jpg\" width=\"3200\"\/>Tom Holland experiment\u00f3 cambios notables en su bienestar desde que dej\u00f3 el alcohol (Reuters\/Paul Childs)<\/p>\n<p class=\"paragraph\">El actor reconoci\u00f3 que <b>el consumo de alcohol hab\u00eda adquirido un peso considerable en su rutina<\/b>, especialmente los viernes al finalizar la jornada laboral, cuando sol\u00eda beber en exceso: \u201cNo tuve malas experiencias, pero beb\u00eda tanto que me arruinaba el d\u00eda siguiente\u201d.<\/p>\n<p class=\"paragraph\">En otra entrevista, Holland profundiz\u00f3 en la naturaleza de su relaci\u00f3n con el alcohol. Explic\u00f3 que su dificultad no resid\u00eda en la frecuencia, sino en la intensidad: \u201cMi problema era que <b>tomaba una copa y estaba bien, y despu\u00e9s simplemente iba demasiado lejos<\/b>\u201d. El actor record\u00f3 que, en ocasiones, le resultaba complicado detenerse y comparti\u00f3 el consejo que recibi\u00f3 de su abogado: \u201cNunca te despertar\u00e1s por la ma\u00f1ana despu\u00e9s de una noche de fiesta deseando haber tomado una copa\u201d.<\/p>\n<p class=\"paragraph\">Uno de los episodios que lo llev\u00f3 a reflexionar sobre sus h\u00e1bitos ocurri\u00f3 tras una fiesta, cuando le pidi\u00f3 a su hermano menor que condujera de regreso a casa porque <b>sent\u00eda que necesitaba beber para divertirse<\/b>. El int\u00e9rprete del Hombre Ara\u00f1a subray\u00f3 la importancia de contar con personas cercanas que le cuestionaran si realmente estaba seguro de sus decisiones, un <b>apoyo que result\u00f3 fundamental en su proceso de cambio<\/b>.<\/p>\n<p class=\"paragraph\">Durante el rodaje de la serie<b> <\/b><b>The Crowded Room<\/b> en mayo de 2022, Holland enfrent\u00f3 un <b>entorno especialmente desafiante<\/b>. El ambiente en el set se caracterizaba por tensiones y discusiones frecuentes, lo que puso a prueba su determinaci\u00f3n. En ese contexto, el actor se plante\u00f3 que retomar el consumo de alcohol solo agravar\u00eda la situaci\u00f3n: \u201cPens\u00e9: \u2018Si vuelvo a beber ahora, con todo esto, va a empeorar, \u00bfno?\u2019\u201d.<\/p>\n<p><img alt=\"Tom Holland lanz\u00f3 en 2024\" class=\"global-image\" decoding=\"async\" fetchpriority=\"low\" height=\"1080\" loading=\"lazy\" src=\"https:\/\/www.europesays.com\/es\/wp-content\/uploads\/2025\/09\/JCRXPHKWNZDHZOPTZ37QJJXMUY.jpg\" width=\"1920\"\/>Tom Holland lanz\u00f3 en 2024 su l\u00ednea de cerveza sin alcohol (Instagram \/ @tomholland2013)<\/p>\n<p class=\"paragraph\">A diferencia de otras personas que atraviesan procesos similares, el brit\u00e1nico<b> <\/b>encontr\u00f3 apoyo en su entorno familiar, amistades, colegas y en personas que, aunque no conoc\u00eda previamente, compart\u00edan la experiencia de la sobriedad. En los primeros meses de este recorrido, particip\u00f3 en el podcast <b>On Purpose<\/b><b> con Jay Shetty<\/b>, donde calific\u00f3 su decisi\u00f3n de mantenerse sobrio como <b>\u201clo mejor que ha hecho en mi vida\u201d<\/b>.<\/p>\n<p class=\"paragraph\">Desde que dej\u00f3 el alcohol, ha experimentado <a href=\"https:\/\/www.infobae.com\/entretenimiento\/2025\/09\/11\/los-sencillos-habitos-de-tom-holland-para-una-vida-equilibrada-lejos-de-las-camaras\/\" target=\"_blank\" rel=\"noreferrer nofollow noopener\" title=\"https:\/\/www.infobae.com\/entretenimiento\/2025\/09\/11\/los-sencillos-habitos-de-tom-holland-para-una-vida-equilibrada-lejos-de-las-camaras\/\"><b>cambios notables en su bienestar<\/b><\/a>. El actor ha destacado <b>mejoras en su descanso, una mayor capacidad para afrontar los problemas y una actitud m\u00e1s serena<\/b> ante las dificultades en el trabajo. Adem\u00e1s, ha notado una mayor claridad mental y una sensaci\u00f3n de salud y forma f\u00edsica renovada, aspectos que han reforzado su convicci\u00f3n de continuar por este camino.<\/p>\n<p class=\"paragraph\">En este periodo de sobriedad, el actor decidi\u00f3 sacar a luz su lado emprendedor. <b>Fund\u00f3 su marca de cerveza sin alcohol llamada Bero<\/b>, la cual crece con el correr del tiempo. El equipo, seg\u00fan detall\u00f3, se dedica a innovar constantemente, explorando nuevas ideas y perfeccionando sus productos.<\/p>\n<p class=\"paragraph\">De este modo, adelant\u00f3 que <b>la compa\u00f1\u00eda prepara lanzamientos para el invierno y el verano<\/b> pr\u00f3ximos, lo que alimenta su entusiasmo por el futuro del proyecto. Para \u00e9l, este emprendimiento representa un proceso din\u00e1mico, siempre en evoluci\u00f3n y que va en relaci\u00f3n con su idea de continuar por el camino de contenci\u00f3n en cuanto a este tipo de bebidas.<\/p>\n","protected":false},"excerpt":{"rendered":"Tom Holland cumpli\u00f3 m\u00e1s de tres a\u00f1os de sobriedad (REUTERS\/Mario Anzuoni) Tom Holland, conocido mundialmente por ser el&hellip;\n","protected":false},"author":2,"featured_media":122254,"comment_status":"","ping_status":"","sticky":false,"template":"","format":"standard","meta":{"footnotes":""},"categories":[169],"tags":[177,146,147,25,24,176,175,23],"class_list":{"0":"post-122253","1":"post","2":"type-post","3":"status-publish","4":"format-standard","5":"has-post-thumbnail","7":"category-cine","8":"tag-cine","9":"tag-entertainment","10":"tag-entretenimiento","11":"tag-es","12":"tag-espana","13":"tag-film","14":"tag-movies","15":"tag-spain"},"share_on_mastodon":{"url":"","error":""},"_links":{"self":[{"href":"https:\/\/www.europesays.com\/es\/wp-json\/wp\/v2\/posts\/122253","targetHints":{"allow":["GET"]}}],"collection":[{"href":"https:\/\/www.europesays.com\/es\/wp-json\/wp\/v2\/posts"}],"about":[{"href":"https:\/\/www.europesays.com\/es\/wp-json\/wp\/v2\/types\/post"}],"author":[{"embeddable":true,"href":"https:\/\/www.europesays.com\/es\/wp-json\/wp\/v2\/users\/2"}],"replies":[{"embeddable":true,"href":"https:\/\/www.europesays.com\/es\/wp-json\/wp\/v2\/comments?post=122253"}],"version-history":[{"count":0,"href":"https:\/\/www.europesays.com\/es\/wp-json\/wp\/v2\/posts\/122253\/revisions"}],"wp:featuredmedia":[{"embeddable":true,"href":"https:\/\/www.europesays.com\/es\/wp-json\/wp\/v2\/media\/122254"}],"wp:attachment":[{"href":"https:\/\/www.europesays.com\/es\/wp-json\/wp\/v2\/media?parent=122253"}],"wp:term":[{"taxonomy":"category","embeddable":true,"href":"https:\/\/www.europesays.com\/es\/wp-json\/wp\/v2\/categories?post=122253"},{"taxonomy":"post_tag","embeddable":true,"href":"https:\/\/www.europesays.com\/es\/wp-json\/wp\/v2\/tags?post=122253"}],"curies":[{"name":"wp","href":"https:\/\/api.w.org\/{rel}","templated":true}]}}