{"id":122269,"date":"2025-09-18T03:46:04","date_gmt":"2025-09-18T03:46:04","guid":{"rendered":"https:\/\/www.europesays.com\/es\/122269\/"},"modified":"2025-09-18T03:46:04","modified_gmt":"2025-09-18T03:46:04","slug":"reunion-urgente-de-zapatero-puigdemont-y-el-mediador-en-suiza-para-ceder-la-inmigracion-tras-el-ordago-de-junts","status":"publish","type":"post","link":"https:\/\/www.europesays.com\/es\/122269\/","title":{"rendered":"Reuni\u00f3n urgente de Zapatero, Puigdemont y el mediador en Suiza para ceder la inmigraci\u00f3n tras el \u00f3rdago de Junts"},"content":{"rendered":"<p id=\"paragraph_1\">El PSOE mantendr\u00e1 una reuni\u00f3n urgente con Junts en Suiza, con <strong>Jos\u00e9 Luis Rodr\u00edguez Zapatero <\/strong>como interlocutor enviado por <strong>Pedro S\u00e1nchez<\/strong>, para tratar con <strong>Carles Puigdemont<\/strong> y el mediador internacional en Suiza.<\/p>\n<p class=\"paragraph\" id=\"paragraph_2\">La cita, seg\u00fan diversas fuentes, podr\u00eda tener lugar ese mismo jueves, dado que la formaci\u00f3n del expresident fugado de la Justicia espa\u00f1ola desde hace ya ocho a\u00f1os ha lanzado <strong>un \u00f3rdago definitivo<\/strong> a los socialistas.<\/p>\n<p class=\"paragraph\" id=\"paragraph_3\">La votaci\u00f3n del proyecto de ley para el \u00abtraspaso integral\u00bb de las <strong>competencias de inmigraci\u00f3n<\/strong> a la Generalitat el pr\u00f3ximo martes, forzada por Junts, ha hecho imprescindible la cita.<\/p>\n<p class=\"paragraph\" id=\"paragraph_4\">Pero la noticia ha trascendido, precisamente, el mismo d\u00eda en que<strong> Salvador Illa<\/strong> celebraba en Madrid una recepci\u00f3n institucional por la Diada Nacional de Catalu\u00f1a, acompa\u00f1ado de una amplia representaci\u00f3n de ministros del Gobierno de Espa\u00f1a.<\/p>\n<p class=\"paragraph\" id=\"paragraph_5\">En ella, el l\u00edder socialista catal\u00e1n ha ofrecido su regi\u00f3n como <strong>\u00abtierra de acogida\u00bb<\/strong> y \u00abcomprometida con el progreso\u00bb de todas las Comunidades Aut\u00f3nomas.<\/p>\n<p><img loading=\"lazy\" decoding=\"async\" alt=\"El presidente de Junts, Carles Puigdemont, en una reuni\u00f3n del partido en Bruselas el pasado enero junto a Jordi Turull.\" height=\"180\" src=\"https:\/\/www.europesays.com\/es\/wp-content\/uploads\/2025\/09\/926417453_253352920_320x180.jpg\" width=\"320\" data-lazy-status=\"processed\" data-lazy-info=\"remove loading item 1\"\/><\/p>\n<p class=\"paragraph\" id=\"paragraph_6\">La cita llega en un momento pol\u00edtico clave para S\u00e1nchez.<strong> Sin apoyos para sus Presupuestos de 2026<\/strong>, que ha prometido presentar, el separatismo catal\u00e1n de derechas <a href=\"https:\/\/www.elespanol.com\/espana\/politica\/20250917\/junts-vuelve-retar-gobierno-fuerza-votacion-cesion-inmigracion-cataluna-no-mayoria\/1003743927245_0.html?utm_cmp_rs=linksinline\" rel=\"nofollow noopener\" target=\"_blank\">ha forzado una votaci\u00f3n en el Congreso, el pr\u00f3ximo martes<\/a>, para la toma en consideraci\u00f3n de esa cesi\u00f3n de competencias&#8230; que <strong>tampoco tiene el apoyo<\/strong> del resto de socios del PSOE.<\/p>\n<p class=\"paragraph\" id=\"paragraph_7\">Junts logr\u00f3 la inclusi\u00f3n en el calendario parlamentario, <strong>harta de esperar desde el pasado mes de marzo<\/strong>, tras registrar la proposici\u00f3n de ley junto al PSOE. \u00abLa han dejado meses en un caj\u00f3n\u00bb, lamentan las fuentes consultadas en el\u00a0partido de Puigdemont, <strong>\u00abdespu\u00e9s de haberla acordado en enero de 2024\u00bb<\/strong>.<\/p>\n<p class=\"paragraph\" id=\"paragraph_8\">El problema para el Gobierno es que los n\u00fameros no salen. <strong>Podemos ya ha anunciado su rechazo<\/strong> a la iniciativa, porque tilda a Junts de \u00abpartido racista\u00bb. Con sus cuatro esca\u00f1os, la norma est\u00e1 condenada al fracaso si no se produce un giro de \u00faltima hora.<\/p>\n<p class=\"paragraph\" id=\"paragraph_9\">El escenario ha elevado la tensi\u00f3n entre Moncloa y Puigdemont. El separatismo catal\u00e1n reprocha a S\u00e1nchez haber <strong>\u00abincumplido todas las carpetas acordadas\u00bb<\/strong>. Es decir, la oficialidad del <strong>catal\u00e1n en la Uni\u00f3n Europea<\/strong>, la <strong>\u00abverdadera financiaci\u00f3n singular\u00bb<\/strong> para Catalu\u00f1a y este traspaso de la inmigraci\u00f3n.<\/p>\n<p class=\"paragraph\" id=\"paragraph_10\">Y este ultim\u00e1tum deja en el aire la continuidad de la legislatura, a falta de unos Presupuestos que la apuntalen&#8230; para los que tampoco hay votos.<\/p>\n<p>Zapatero por Cerd\u00e1n<\/p>\n<p class=\"paragraph\" id=\"paragraph_11\">La interlocuci\u00f3n tambi\u00e9n ha cambiado.<strong> Santos Cerd\u00e1n<\/strong>, hasta ahora negociador socialista, se encuentra en prisi\u00f3n por su implicaci\u00f3n en el caso Koldo.<\/p>\n<p><img decoding=\"async\" alt=\"Zapatero abre el camino para que S\u00e1nchez y Puigdemont pacten el Presupuesto de 2026 y un refer\u00e9ndum en Catalu\u00f1a\" height=\"180\" loading=\"lazy\" width=\"320\" data-lazy-status=\"processed\" id=\"e4810d42b2\" src=\"https:\/\/www.elespanol.com\/espana\/politica\/20250917\/reunion-urgente-zapatero-puigdemont-mediador-suiza-ceder-inmigracion-ordago-junts\/[\" https:=\"\" data-lazy-info=\"changed src\"\/><\/p>\n<p class=\"paragraph\" id=\"paragraph_12\">Y S\u00e1nchez ha decidido confiar en el expresidente Zapatero, que ya hab\u00eda actuado de vez en cuando como mediador improvisado en las etapas m\u00e1s cr\u00edticas. En el entorno de Puigdemont <a href=\"https:\/\/www.elespanol.com\/espana\/politica\/20240312\/junts-usa-zapatero-mediador-cristo-grande-sacamos-lacosavamal\/838166405_0.html?utm_cmp_rs=linksinline\" rel=\"nofollow noopener\" target=\"_blank\">lo llegaron a definir como \u201c<strong>el Cristo grande<\/strong><\/a>, que sacamos en procesi\u00f3n cuando todo va mal\u201d.<\/p>\n<p class=\"paragraph\" id=\"paragraph_13\">Desde Junts confirman que, antes del verano, <strong>ya acordaron con los socialistas qui\u00e9n ser\u00eda su nuevo interlocutor<\/strong> tras la ca\u00edda de Cerd\u00e1n. Sin embargo, optaron por dejar en manos del PSOE la comunicaci\u00f3n p\u00fablica del relevo.<\/p>\n<p class=\"paragraph\" id=\"paragraph_14\">Aseguran adem\u00e1s que <strong>\u00abhasta septiembre\u00bb no volver\u00edan a sentarse en Suiza<\/strong> con el mediador internacional, decisi\u00f3n que ahora cumplen.<\/p>\n<p>\u00abNunca nos fiamos\u00bb<\/p>\n<p class=\"paragraph\" id=\"paragraph_15\">Para Junts, la cita de este jueves es la ocasi\u00f3n de comprobar si los socialistas muestran verdadera voluntad de cumplir con lo firmado. Seg\u00fan dirigentes del partido de Puigdemont, la confianza no es el problema porque \u201cnunca nos fiamos de S\u00e1nchez, pero s\u00ed<strong> necesitamos motivos para continuar sosteni\u00e9ndolo<\/strong> en Madrid\u201d.<\/p>\n<p class=\"paragraph\" id=\"paragraph_16\">El mes de septiembre ha estado cargado de advertencias y gestos. La semana pasada Junts exhibi\u00f3 su capacidad de bloqueo al <strong>tumbar junto a PP y Vox la medida estrella de Yolanda D\u00edaz<\/strong>: la reducci\u00f3n de la jornada laboral.<\/p>\n<p class=\"paragraph\" id=\"paragraph_17\">El Gobierno comprob\u00f3 as\u00ed hasta d\u00f3nde llegaba la estrategia del \u201cno a todo hasta que cumpl\u00e1is\u201d anunciada por <strong>Jordi Turull<\/strong>, secretario general, y <strong>M\u00edriam Nogueras<\/strong>, portavoz parlamentaria.<\/p>\n<p class=\"paragraph\" id=\"paragraph_18\">Junts pretende usar sus siete esca\u00f1os como palanca justo cuando se acercan conversaciones decisivas sobre los Presupuestos Generales del Estado. La estabilidad de S\u00e1nchez depende de poder presentar, siquiera, la votaci\u00f3n del <strong>techo de gasto con una m\u00ednima opci\u00f3n<\/strong> de que sea aprobado.<\/p>\n<p>Catal\u00e1n para todos<\/p>\n<p class=\"paragraph\" id=\"paragraph_19\">En paralelo, Junts y el PSOE lograron un acuerdo puntual este martes para introducir <strong>enmiendas en la Ley de Atenci\u00f3n a la Clientela<\/strong>. La modificaci\u00f3n obligar\u00e1 a las grandes empresas a <a href=\"https:\/\/www.elespanol.com\/espana\/politica\/20250916\/junts-logra-sanchez-haga-oficial-catalan-toda-espana-empresas-deber-atendernbspennbspesanbsplengua\/1003743927530_0.html?utm_cmp_rs=linksinline\" rel=\"nofollow noopener\" target=\"_blank\">atender en catal\u00e1n a todos sus clientes en toda Espa\u00f1a<\/a>, tanto de forma escrita como oral.<\/p>\n<p><img decoding=\"async\" alt=\"Jos\u00e9 Luis Rodr\u00edguez Zapatero se dirige a los asistentes al congreso del PSOE de Andaluc\u00eda este s\u00e1bado en Granada.\" height=\"180\" loading=\"lazy\" width=\"320\" data-lazy-status=\"processed\" id=\"e1b342d944\" src=\"https:\/\/www.elespanol.com\/espana\/politica\/20250917\/reunion-urgente-zapatero-puigdemont-mediador-suiza-ceder-inmigracion-ordago-junts\/[\" https:=\"\" data-lazy-info=\"changed src\"\/><\/p>\n<p class=\"paragraph\" id=\"paragraph_20\">Lo cierto es que fuentes del PSC consideran este pacto <strong>un movimiento \u201cpuramente cosm\u00e9tico\u201d<\/strong> para facilitar el cambio de relato. Es decir, que reconocen que sirvi\u00f3 para desbloquear la convocatoria de la reuni\u00f3n en Suiza.<\/p>\n<p class=\"paragraph\" id=\"paragraph_21\">El encuentro contar\u00e1 con los habituales protagonistas del lado independentista: Puigdemont, Turull y Nogueras por la parte de Junts. Por el PSOE, adem\u00e1s de Zapatero, algunas fuentes prev\u00e9n la presencia de <strong>Juan Francisco Serrano<\/strong>. Y como en todas las citas de Suiza, estar\u00e1 presente el mediador salvadore\u00f1o <strong>Francisco Galino<\/strong>.<\/p>\n","protected":false},"excerpt":{"rendered":"El PSOE mantendr\u00e1 una reuni\u00f3n urgente con Junts en Suiza, con Jos\u00e9 Luis Rodr\u00edguez Zapatero como interlocutor enviado&hellip;\n","protected":false},"author":2,"featured_media":122270,"comment_status":"","ping_status":"","sticky":false,"template":"","format":"standard","meta":{"footnotes":""},"categories":[5],"tags":[17,18,3834,6061,1980,13171,25,24,13,14,11,3836,590,40209,891,19,20,892,9,10,15,16,2959,952,23,12,21,22],"class_list":{"0":"post-122269","1":"post","2":"type-post","3":"status-publish","4":"format-standard","5":"has-post-thumbnail","7":"category-titulares","8":"tag-breaking-news","9":"tag-breakingnews","10":"tag-carles-puigdemont","11":"tag-catalan","12":"tag-cataluna","13":"tag-emigracion","14":"tag-es","15":"tag-espana","16":"tag-featured-news","17":"tag-featurednews","18":"tag-headlines","19":"tag-independentismo","20":"tag-inmigracion","21":"tag-inmigracion-ilegal","22":"tag-inmigrantes","23":"tag-latest-news","24":"tag-latestnews","25":"tag-migracion","26":"tag-news","27":"tag-noticias","28":"tag-noticias-destacadas","29":"tag-noticiasdestacadas","30":"tag-pedro-sanchez","31":"tag-politica","32":"tag-spain","33":"tag-titulares","34":"tag-ultimas-noticias","35":"tag-ultimasnoticias"},"share_on_mastodon":{"url":"","error":""},"_links":{"self":[{"href":"https:\/\/www.europesays.com\/es\/wp-json\/wp\/v2\/posts\/122269","targetHints":{"allow":["GET"]}}],"collection":[{"href":"https:\/\/www.europesays.com\/es\/wp-json\/wp\/v2\/posts"}],"about":[{"href":"https:\/\/www.europesays.com\/es\/wp-json\/wp\/v2\/types\/post"}],"author":[{"embeddable":true,"href":"https:\/\/www.europesays.com\/es\/wp-json\/wp\/v2\/users\/2"}],"replies":[{"embeddable":true,"href":"https:\/\/www.europesays.com\/es\/wp-json\/wp\/v2\/comments?post=122269"}],"version-history":[{"count":0,"href":"https:\/\/www.europesays.com\/es\/wp-json\/wp\/v2\/posts\/122269\/revisions"}],"wp:featuredmedia":[{"embeddable":true,"href":"https:\/\/www.europesays.com\/es\/wp-json\/wp\/v2\/media\/122270"}],"wp:attachment":[{"href":"https:\/\/www.europesays.com\/es\/wp-json\/wp\/v2\/media?parent=122269"}],"wp:term":[{"taxonomy":"category","embeddable":true,"href":"https:\/\/www.europesays.com\/es\/wp-json\/wp\/v2\/categories?post=122269"},{"taxonomy":"post_tag","embeddable":true,"href":"https:\/\/www.europesays.com\/es\/wp-json\/wp\/v2\/tags?post=122269"}],"curies":[{"name":"wp","href":"https:\/\/api.w.org\/{rel}","templated":true}]}}