{"id":122295,"date":"2025-09-18T04:05:07","date_gmt":"2025-09-18T04:05:07","guid":{"rendered":"https:\/\/www.europesays.com\/es\/122295\/"},"modified":"2025-09-18T04:05:07","modified_gmt":"2025-09-18T04:05:07","slug":"amundi-amundi-etf-bond-briefing-webinar-18-de-septiembre-1500","status":"publish","type":"post","link":"https:\/\/www.europesays.com\/es\/122295\/","title":{"rendered":"Amundi | Amundi ETF Bond Briefing Webinar | 18 de septiembre | 15:00"},"content":{"rendered":"<p><strong><a href=\"https:\/\/fundspeople.com\/es\/empresa\/amundi\/\" rel=\"nofollow noopener\" target=\"_blank\">Amundi Iberia<\/a><\/strong> organiza un nuevo webinar de la serie <strong>Amundi ETF Bond Briefing<\/strong>, que tiene como objetivo\u00a0<strong>ayudar al inversor a navegar por el mundo de la renta fija<\/strong>\u00a0en un entorno din\u00e1mico. Durante este encuentro<strong> <a href=\"https:\/\/fundspeople.com\/es\/profesional\/valentine-ainouz\/\" target=\"_blank\" rel=\"nofollow noopener\">Valentine Ainouz<\/a><\/strong>, directora de Estrategia Global de Renta Fija del Amundi Investment Institute, compartir\u00e1 las\u00a0<strong>perspectivas macro y estrat\u00e9gicas<\/strong>\u00a0de la entidad, as\u00ed como el\u00a0<strong>an\u00e1lisis de las din\u00e1micas calve del mercado<\/strong>; y\u00a0<strong><a href=\"https:\/\/fundspeople.com\/es\/profesional\/olivier-genin\/\" target=\"_blank\" rel=\"nofollow noopener\">Olivier Genin<\/a><\/strong>, director de Desarrollo de Negocios de Renta Fija en Amundi ETF,\u00a0examinar\u00e1 diferentes maneras para abordar los\u00a0<strong>temas clave en renta fija a\u00a0trav\u00e9s de ETF.<\/strong>\u00a0<\/p>\n<p>Este es un art\u00edculo exclusivo para los usuarios registrados de FundsPeople. Si ya est\u00e1s registrado, accede desde el bot\u00f3n Login. Si a\u00fan no tienes cuenta, te invitamos a registrarte y disfrutar de todo el universo que ofrece FundsPeople.<\/p>\n","protected":false},"excerpt":{"rendered":"Amundi Iberia organiza un nuevo webinar de la serie Amundi ETF Bond Briefing, que tiene como objetivo\u00a0ayudar al&hellip;\n","protected":false},"author":2,"featured_media":122296,"comment_status":"","ping_status":"","sticky":false,"template":"","format":"standard","meta":{"footnotes":""},"categories":[81],"tags":[119,123,124,25,24,117,121,122,23,118,120],"class_list":{"0":"post-122295","1":"post","2":"type-post","3":"status-publish","4":"format-standard","5":"has-post-thumbnail","7":"category-ciencia-y-tecnologia","8":"tag-ciencia","9":"tag-ciencia-y-tecnologia","10":"tag-cienciaytecnologia","11":"tag-es","12":"tag-espana","13":"tag-science","14":"tag-science-and-technology","15":"tag-scienceandtechnology","16":"tag-spain","17":"tag-technology","18":"tag-tecnologia"},"share_on_mastodon":{"url":"","error":""},"_links":{"self":[{"href":"https:\/\/www.europesays.com\/es\/wp-json\/wp\/v2\/posts\/122295","targetHints":{"allow":["GET"]}}],"collection":[{"href":"https:\/\/www.europesays.com\/es\/wp-json\/wp\/v2\/posts"}],"about":[{"href":"https:\/\/www.europesays.com\/es\/wp-json\/wp\/v2\/types\/post"}],"author":[{"embeddable":true,"href":"https:\/\/www.europesays.com\/es\/wp-json\/wp\/v2\/users\/2"}],"replies":[{"embeddable":true,"href":"https:\/\/www.europesays.com\/es\/wp-json\/wp\/v2\/comments?post=122295"}],"version-history":[{"count":0,"href":"https:\/\/www.europesays.com\/es\/wp-json\/wp\/v2\/posts\/122295\/revisions"}],"wp:featuredmedia":[{"embeddable":true,"href":"https:\/\/www.europesays.com\/es\/wp-json\/wp\/v2\/media\/122296"}],"wp:attachment":[{"href":"https:\/\/www.europesays.com\/es\/wp-json\/wp\/v2\/media?parent=122295"}],"wp:term":[{"taxonomy":"category","embeddable":true,"href":"https:\/\/www.europesays.com\/es\/wp-json\/wp\/v2\/categories?post=122295"},{"taxonomy":"post_tag","embeddable":true,"href":"https:\/\/www.europesays.com\/es\/wp-json\/wp\/v2\/tags?post=122295"}],"curies":[{"name":"wp","href":"https:\/\/api.w.org\/{rel}","templated":true}]}}