{"id":122305,"date":"2025-09-18T04:10:13","date_gmt":"2025-09-18T04:10:13","guid":{"rendered":"https:\/\/www.europesays.com\/es\/122305\/"},"modified":"2025-09-18T04:10:13","modified_gmt":"2025-09-18T04:10:13","slug":"el-barca-se-encomienda-al-palau-ante-el-magdeburg","status":"publish","type":"post","link":"https:\/\/www.europesays.com\/es\/122305\/","title":{"rendered":"El Bar\u00e7a se encomienda al Palau ante el Magdeburg"},"content":{"rendered":"<p class=\"\">\u201cEl Magdeburg es el favorito n\u00famero uno al t\u00edtulo de la competici\u00f3n. <b>Lo bueno de recibirlo tan pronto en el Palau es que, sin ser definitivo, nos pondr\u00e1 en nuestro sitio actual<\/b>; se trata de un term\u00f3metro para que nosotros sepamos c\u00f3mo vamos\u201d, reflexiona el entrenador del Bar\u00e7a, <b>Carlos Ortega<\/b>. <\/p>\n<p class=\"\">El Magdeburg, con 29 partidos seguidos sin perder, actual campe\u00f3n de la Champions, visita al equipo azulgrana <b>(20:45, DAZN y Esport3) <\/b>sin el lesionado <b>Dika Mem, una de sus estrellas barcelonistas. <\/b>\u201cTendremos que cubrir su ausencia con lo que tenemos\u201d, dice Ortega, que en el primer partido, ante el GOG, <b>utiliz\u00f3 de entrada a Janc en esa posici\u00f3n, y a Dojdje Cikusa fundamentalmente en defensa<\/b>.<\/p>\n<p class=\"\">Los alemanes se han reforzado con el central island\u00e9s Elvar Jonsson, compa\u00f1ero de Barrufet en el Melsungen el a\u00f1o pasado, \u201cresponsable de la mejor\u00eda de nuestro rival\u201d, dice Ortega.<\/p>\n<p>Noticias relacionadas<a href=\"https:\/\/as.com\/masdeporte\/el-granollers-y-el-ademar-bien-parados-en-el-sorteo-de-las-liguillas-n\/\" class=\"s_m_w\" title=\"Evitan de entrada a los equipos alemanes y franceses. El Bidasoa, sin embargo, le caen el Flensburg y el Saint Raphael, de las ligas m\u00e1s fuertes.\" data-tb-link=\"\" rel=\"nofollow noopener\" target=\"_blank\"><img decoding=\"async\" src=\"https:\/\/www.europesays.com\/es\/wp-content\/uploads\/2025\/09\/1758168612_990_DWPL2S77GZBVNOFZU774KIGPY4.jpg\" alt=\"El Granollers y el Ademar, bien parados en el sorteo de las liguillas\" class=\"\" height=\"1\" width=\"1\"   loading=\"lazy\" data-tb-thumbnail=\"\"\/><\/a><a href=\"https:\/\/as.com\/masdeporte\/el-barca-muestra-dos-versiones-radicalmente-opuestas-n\/\" class=\"s_m_w\" title=\"En la primera mitad, el equipo azulgrana apabull\u00f3 al GOG; en la segunda, el cuadro dan\u00e9s se le subi\u00f3 a las barbas.\" data-tb-link=\"\" rel=\"nofollow noopener\" target=\"_blank\"><img decoding=\"async\" src=\"https:\/\/www.europesays.com\/es\/wp-content\/uploads\/2025\/09\/1758168613_976_JFKPOG5MZJIRLINCFJL4J3QSPE.jpg\" alt=\"El Bar\u00e7a muestra dos versiones radicalmente opuestas\" class=\"\" height=\"1\" width=\"1\"   loading=\"lazy\" data-tb-thumbnail=\"\"\/><\/a><\/p>\n<p class=\"\">En la primera jornada los dos vencieron, siendo l\u00edder el Magdeburg (m\u00e1s seis) por un gol de diferencia sobre el Bar\u00e7a (m\u00e1s cinco), <b>con lo que el liderato circunstancial est\u00e1 en juego.<\/b><\/p>\n<p class=\"\"><b>\u00a1Tus opiniones importan!<\/b> Comenta en los art\u00edculos y suscr\u00edbete gratis a nuestra <a href=\"https:\/\/asfan.as.com\/newsletters\/\" target=\"_blank\" rel=\"nofollow noopener\" title=\"https:\/\/asfan.as.com\/newsletters\/\">newsletter<\/a> y a las alertas informativas en la <a href=\"https:\/\/as.com\/aplicacion-de-as-n\/\" target=\"_blank\" rel=\"nofollow noopener\" title=\"https:\/\/as.com\/aplicacion-de-as-n\/\">App<\/a> o el canal de <a href=\"https:\/\/www.whatsapp.com\/channel\/0029VaAasdA7j6g745nz9M10\" target=\"_blank\" rel=\"nofollow noopener\" title=\"https:\/\/www.whatsapp.com\/channel\/0029VaAasdA7j6g745nz9M10\">WhatsApp<\/a>. \u00bfBuscas licenciar contenido? Haz clic <a href=\"https:\/\/profesional.elpais.com\/soluciones-sindicacion?utm_medium=interno&amp;utm_source=crosslinking&amp;utm_campaign=sindicacion_as_pie_articulos\" target=\"_blank\" rel=\"nofollow noopener\" title=\"https:\/\/profesional.elpais.com\/soluciones-sindicacion?utm_medium=interno&amp;utm_source=crosslinking&amp;utm_campaign=sindicacion_as_pie_articulos\">aqu\u00ed<\/a><\/p>\n","protected":false},"excerpt":{"rendered":"\u201cEl Magdeburg es el favorito n\u00famero uno al t\u00edtulo de la competici\u00f3n. Lo bueno de recibirlo tan pronto&hellip;\n","protected":false},"author":2,"featured_media":122306,"comment_status":"","ping_status":"","sticky":false,"template":"","format":"standard","meta":{"footnotes":""},"categories":[278],"tags":[376,168,25,24,375,23,167],"class_list":{"0":"post-122305","1":"post","2":"type-post","3":"status-publish","4":"format-standard","5":"has-post-thumbnail","7":"category-balonmano","8":"tag-balonmano","9":"tag-deportes","10":"tag-es","11":"tag-espana","12":"tag-handball","13":"tag-spain","14":"tag-sports"},"share_on_mastodon":{"url":"","error":""},"_links":{"self":[{"href":"https:\/\/www.europesays.com\/es\/wp-json\/wp\/v2\/posts\/122305","targetHints":{"allow":["GET"]}}],"collection":[{"href":"https:\/\/www.europesays.com\/es\/wp-json\/wp\/v2\/posts"}],"about":[{"href":"https:\/\/www.europesays.com\/es\/wp-json\/wp\/v2\/types\/post"}],"author":[{"embeddable":true,"href":"https:\/\/www.europesays.com\/es\/wp-json\/wp\/v2\/users\/2"}],"replies":[{"embeddable":true,"href":"https:\/\/www.europesays.com\/es\/wp-json\/wp\/v2\/comments?post=122305"}],"version-history":[{"count":0,"href":"https:\/\/www.europesays.com\/es\/wp-json\/wp\/v2\/posts\/122305\/revisions"}],"wp:featuredmedia":[{"embeddable":true,"href":"https:\/\/www.europesays.com\/es\/wp-json\/wp\/v2\/media\/122306"}],"wp:attachment":[{"href":"https:\/\/www.europesays.com\/es\/wp-json\/wp\/v2\/media?parent=122305"}],"wp:term":[{"taxonomy":"category","embeddable":true,"href":"https:\/\/www.europesays.com\/es\/wp-json\/wp\/v2\/categories?post=122305"},{"taxonomy":"post_tag","embeddable":true,"href":"https:\/\/www.europesays.com\/es\/wp-json\/wp\/v2\/tags?post=122305"}],"curies":[{"name":"wp","href":"https:\/\/api.w.org\/{rel}","templated":true}]}}