{"id":122309,"date":"2025-09-18T04:15:08","date_gmt":"2025-09-18T04:15:08","guid":{"rendered":"https:\/\/www.europesays.com\/es\/122309\/"},"modified":"2025-09-18T04:15:08","modified_gmt":"2025-09-18T04:15:08","slug":"el-quick-step-pesca-a-la-ultima-promesa-del-ciclismo-en-asturias","status":"publish","type":"post","link":"https:\/\/www.europesays.com\/es\/122309\/","title":{"rendered":"El Quick Step pesca a la \u00faltima promesa del ciclismo en Asturias"},"content":{"rendered":"<p>Diego L\u00f3pez (Estepona, 2008) quiere ser ciclista profesional. Lo sabe desde que ve\u00eda a trav\u00e9s de la televisi\u00f3n a <a href=\"https:\/\/www.elcomercio.es\/temas\/personajes\/alberto-contador.html\" target=\"_blank\" data-voc-vtm-id=\"in-text-traffic\" title=\"Alberto Contador\" data-mrf-link=\"www.elcomercio.es\" rel=\"nofollow noopener\">Alberto Contador<\/a>, dos Tour de  &#8230; Francia, otros dos Giro de Italia y tres <a href=\"https:\/\/www.elcomercio.es\/temas\/generales\/vuelta-ciclista-a-espana.html\" target=\"_blank\" data-voc-vtm-id=\"in-text-traffic\" title=\"Vuelta a Espa\u00f1a\" data-mrf-link=\"www.elcomercio.es\" rel=\"nofollow noopener\">Vuelta a Espa\u00f1a<\/a>. O a Julian Alaphilippe, correcaminos de las carreteras, dos veces maillot arco\u00edris, vencedor en muchas cl\u00e1sicas y devorador de etapas en las grandes vueltas. As\u00ed que este malague\u00f1o de 17 a\u00f1os se lio la manta a la cabeza el pasado verano para poner 1.000 kil\u00f3metros de distancia con su casa con la intenci\u00f3n de cumplir su sue\u00f1o sin m\u00e1s promesa por delante que la de recalar en un equipo, el Sidra Men\u00e9ndez Las Mestas, de donde salieron figuras como Chechu Rubiera, Carlos Barredo e Iv\u00e1n Garc\u00eda Cortina. \u00abVine a probar en el mes de agosto, sin la obligaci\u00f3n de los estudios. Me gust\u00f3 tanto que decid\u00ed seguir\u00bb, explica el joven corredor, que se ha colocado en el radar del Soudal Quick Step, con quien tiene un acuerdo para competir en 2027, cuando ya abandone la categor\u00eda juvenil. \u00abNo todo el mundo puede decir que un equipo tan grande se ha fijado en ti\u00bb, reconoce. <\/p>\n<p class=\"v-p\">Las ideas de este joven ciclista est\u00e1n muy claras. Con los estudios en un primer plano, cursa segundo de Bachiller en el IES El Piles, el planteamiento es progresar en su camino hacia el ciclismo profesional. Por ahora, ya est\u00e1 completando el \u00faltimo tramo de temporada con el equipo junior del Soudal Quick Step, un planteamiento que se repetir\u00e1 en la pr\u00f3xima campa\u00f1a. El resto del tiempo de competici\u00f3n lo desarrollar\u00e1 en el Sidra Men\u00e9ndez Las Mestas. \u00abBuscaba un equipo del norte, esta zona es la cuna del ciclismo. Me hablaron muy bien de este club, ten\u00eda un buen calendario y no hab\u00eda una gran exigencia de resultados. Prob\u00e9 y desde el primer momento fue como una familia\u00bb. <\/p>\n<p class=\"v-p\">Juvenil de primer a\u00f1o, a\u00fan no puede integrarse en un equipo profesional, un paso que dar\u00e1 en 2027, cuando se unir\u00e1 a las filas del filial de Soudal Quick Step, que corre en la categor\u00eda Pro Tour, la &#8216;segunda&#8217; del ciclismo internacional. \u00abMe espera un a\u00f1o muy bonito. El pasado me sirvi\u00f3 para aprender a desenvolverme, a vivir solo y llevar los estudios. Ahora tengo todo m\u00e1s estabilizado: la casa, los estudios y los entrenamientos\u00bb. <\/p>\n<p class=\"v-p\">Motivaci\u00f3n y ganas de salir adelante no le faltan al joven esteponero. Luismi Granado es el director de la escuela Sidra Men\u00e9ndez Las Mestas y conoce bien el perfil del deportista. \u00abQuiere ser ciclista. Sin ser supermet\u00f3dico como un profesional, no dejan de ser nenos, s\u00ed que es verdad que hay que bajarle un poco y obligarle a desconectar. Tiene muy claro lo que hace. Hay que estar encima de \u00e9l para que est\u00e9 m\u00e1s relajado\u00bb.<\/p>\n<p class=\"v-p\">La presente campa\u00f1a comenz\u00f3 bien para Diego L\u00f3pez. Ven\u00eda de correr en su tierra sin grandes resultados, pero su participaci\u00f3n en la Challenge de las comarcas B\u00e9jar y Guijuelo acab\u00f3 en \u00e9xito. Sin llevarse ninguna etapa, s\u00ed que logr\u00f3 hacerse con la general para acabar entre los mejores a la semana siguiente en Ponferrada. \u00abEs un corredor que no bajaba de los diez mejores, a no ser que hubiera un contratiempo\u00bb. <\/p>\n<p class=\"v-p\">Con su formaci\u00f3n a\u00fan en proceso, es pronto para definir a Diego L\u00f3pez. Lo que es ya notorio es que se trata de un corredor \u00abr\u00e1pido y completo\u00bb, capaz de batir a sus rivales en llegadas con pocos integrantes. \u00abDe momento, lo que peor se le dan son las subidas largas, las que pasan de veinte minutos o media hora. Es algo que trabajaremos a lo largo del pr\u00f3ximo a\u00f1o\u00bb. Antes de que finalice la presente temporada, Diego L\u00f3pez viajar\u00e1 a B\u00e9lgica para competir con el equipo junior del Soudal Quick Step en dos carreras. Un hito m\u00e1s en su intento de emular a Alberto Contador y Julian Alaphilippe y ser \u00e9l quien inspire a los j\u00f3venes con sus gestas a trav\u00e9s de la televisi\u00f3n. <\/p>\n","protected":false},"excerpt":{"rendered":"Diego L\u00f3pez (Estepona, 2008) quiere ser ciclista profesional. Lo sabe desde que ve\u00eda a trav\u00e9s de la televisi\u00f3n&hellip;\n","protected":false},"author":2,"featured_media":122310,"comment_status":"","ping_status":"","sticky":false,"template":"","format":"standard","meta":{"footnotes":""},"categories":[273],"tags":[1770,313,312,168,25,24,4770,40213,11960,23,167,11961,1885],"class_list":{"0":"post-122309","1":"post","2":"type-post","3":"status-publish","4":"format-standard","5":"has-post-thumbnail","7":"category-ciclismo","8":"tag-asturias","9":"tag-ciclismo","10":"tag-cycling","11":"tag-deportes","12":"tag-es","13":"tag-espana","14":"tag-pesca","15":"tag-promcesa","16":"tag-quick","17":"tag-spain","18":"tag-sports","19":"tag-step","20":"tag-ultima"},"share_on_mastodon":{"url":"","error":""},"_links":{"self":[{"href":"https:\/\/www.europesays.com\/es\/wp-json\/wp\/v2\/posts\/122309","targetHints":{"allow":["GET"]}}],"collection":[{"href":"https:\/\/www.europesays.com\/es\/wp-json\/wp\/v2\/posts"}],"about":[{"href":"https:\/\/www.europesays.com\/es\/wp-json\/wp\/v2\/types\/post"}],"author":[{"embeddable":true,"href":"https:\/\/www.europesays.com\/es\/wp-json\/wp\/v2\/users\/2"}],"replies":[{"embeddable":true,"href":"https:\/\/www.europesays.com\/es\/wp-json\/wp\/v2\/comments?post=122309"}],"version-history":[{"count":0,"href":"https:\/\/www.europesays.com\/es\/wp-json\/wp\/v2\/posts\/122309\/revisions"}],"wp:featuredmedia":[{"embeddable":true,"href":"https:\/\/www.europesays.com\/es\/wp-json\/wp\/v2\/media\/122310"}],"wp:attachment":[{"href":"https:\/\/www.europesays.com\/es\/wp-json\/wp\/v2\/media?parent=122309"}],"wp:term":[{"taxonomy":"category","embeddable":true,"href":"https:\/\/www.europesays.com\/es\/wp-json\/wp\/v2\/categories?post=122309"},{"taxonomy":"post_tag","embeddable":true,"href":"https:\/\/www.europesays.com\/es\/wp-json\/wp\/v2\/tags?post=122309"}],"curies":[{"name":"wp","href":"https:\/\/api.w.org\/{rel}","templated":true}]}}