{"id":122311,"date":"2025-09-18T04:16:10","date_gmt":"2025-09-18T04:16:10","guid":{"rendered":"https:\/\/www.europesays.com\/es\/122311\/"},"modified":"2025-09-18T04:16:10","modified_gmt":"2025-09-18T04:16:10","slug":"f1-se-le-escapo-hadjar-reconocio-que-podria-tener-la-oportunidad-de-ser-companero-de-verstappen-en-2026","status":"publish","type":"post","link":"https:\/\/www.europesays.com\/es\/122311\/","title":{"rendered":"F1: \u00bfSe le escap\u00f3? Hadjar reconoci\u00f3 que \u201cpodr\u00eda tener la oportunidad\u201d de ser compa\u00f1ero de Verstappen en 2026"},"content":{"rendered":"<p>El mal rendimiento de <strong>Yuki Tsunoda<\/strong> puso en duda su continuidad en Red Bull de cara a la temporada 2026, y por ello hay un nombre que asoma. I<strong>sack Hadjar<\/strong>, que actualmente se desempe\u00f1a en Racing Bulls y ha sumado puntos en el actual campeonato, suena como reemplazante del japones.<\/p>\n<p>&#13;<br \/>\n&#13;<\/p>\n<p>Recientemente, el franc\u00e9s brind\u00f3 declaraciones y levant\u00f3 sospechas al declarar que es una oportunidad fehaciente: \u201cEs al principio de mi carrera, pero podr\u00eda tener esa oportunidad\u00bb. Sobre el desaf\u00edo que le genera ser compa\u00f1ero de Max Verstappen, dijo: \u00ab<strong>Me da miedo, pero tambi\u00e9n me emociona much\u00edsimo<\/strong>\u00ab.<\/p>\n<p>&#13;<br \/>\n&#13;<\/p>\n<p>Ante la posibilidad de compartir monoplaza con el tetracampe\u00f3n: \u00ab<strong>Tengo el mismo auto que el mejor piloto del mundo, y \u00e9l est\u00e1 justo a mi lado. Tengo la oportunidad de compararme con \u00e9l y tengo las mismas oportunidades que \u00e9l<\/strong>\u00ab.<\/p>\n<p>&#13;<br \/>\n&#13;<\/p>\n<p><strong>Leer adem\u00e1s:\u00a0<a href=\"https:\/\/admin.carburando.com\/notas\/f1-el-tierno-gesto-de-colapinto-que-se-viralizo-en-redes-sociales\" title=\"F1: el tierno gesto de Colapinto que se viraliz\u00f3 en redes sociales\" rel=\"nofollow noopener\" target=\"_blank\">F1: el tierno gesto de Colapinto que se viraliz\u00f3 en redes sociales<\/a><\/strong><\/p>\n<p>&#13;<br \/>\n&#13;<\/p>\n<p><img decoding=\"async\" alt=\"Imagen\" src=\"https:\/\/www.europesays.com\/es\/wp-content\/uploads\/2025\/09\/G1CO8fSW0AAtYIT\" style=\"height:533px; width:800px\"\/><\/p>\n<p>&#13;<br \/>\n&#13;<br \/>\nEl curioso rol que le permitir\u00e1 a Ricciardo regresar a la F1&#13;<br \/>\n&#13;<\/p>\n<p><strong>Daniel Ricciardo<\/strong>\u00a0est\u00e1 atravesando su primer a\u00f1o alejado de la F\u00f3rmula 1, tras su ultima experiencia en Red Bull. No obstante, Laurent Mekies confirm\u00f3 que el piloto podr\u00eda volver al paddock pr\u00f3ximamente, pero en un rol completamente diferente al que entreg\u00f3 en los \u00faltimos a\u00f1os.\u00a0<\/p>\n<p>&#13;<br \/>\n&#13;<\/p>\n<p>El australiano es embajador de la marca Ford, que a partir de 2026 le proveer\u00e1 los motores a la marca austriaca. Por ello, podr\u00eda volver a tener un lazo con el equipo con el que debut\u00f3 en la \u201cM\u00e1xima\u201d.<\/p>\n<p>&#13;<br \/>\n&#13;<\/p>\n<p><strong>\u00abSe siente incre\u00edble ver a Daniel de nuevo en la familia Red Bull a trav\u00e9s de Ford Racing. Es uno de los muchos ejemplos de c\u00f3mo nuestras dos compa\u00f1\u00edas est\u00e1n conectadas<\/strong>. Estoy seguro de que a todos les encantar\u00e1 volver a ver a Daniel en el paddock. Quiz\u00e1 gracias a Ford Racing podamos vivir eso de vez en cuando\u00bb, declar\u00f3 Mekies recientemente.<\/p>\n","protected":false},"excerpt":{"rendered":"El mal rendimiento de Yuki Tsunoda puso en duda su continuidad en Red Bull de cara a la&hellip;\n","protected":false},"author":2,"featured_media":122312,"comment_status":"","ping_status":"","sticky":false,"template":"","format":"standard","meta":{"footnotes":""},"categories":[270],"tags":[168,25,24,4636,306,271,272,23,167],"class_list":{"0":"post-122311","1":"post","2":"type-post","3":"status-publish","4":"format-standard","5":"has-post-thumbnail","7":"category-formula-1","8":"tag-deportes","9":"tag-es","10":"tag-espana","11":"tag-frmula-1","12":"tag-f1","13":"tag-formula-1","14":"tag-formula1","15":"tag-spain","16":"tag-sports"},"share_on_mastodon":{"url":"","error":""},"_links":{"self":[{"href":"https:\/\/www.europesays.com\/es\/wp-json\/wp\/v2\/posts\/122311","targetHints":{"allow":["GET"]}}],"collection":[{"href":"https:\/\/www.europesays.com\/es\/wp-json\/wp\/v2\/posts"}],"about":[{"href":"https:\/\/www.europesays.com\/es\/wp-json\/wp\/v2\/types\/post"}],"author":[{"embeddable":true,"href":"https:\/\/www.europesays.com\/es\/wp-json\/wp\/v2\/users\/2"}],"replies":[{"embeddable":true,"href":"https:\/\/www.europesays.com\/es\/wp-json\/wp\/v2\/comments?post=122311"}],"version-history":[{"count":0,"href":"https:\/\/www.europesays.com\/es\/wp-json\/wp\/v2\/posts\/122311\/revisions"}],"wp:featuredmedia":[{"embeddable":true,"href":"https:\/\/www.europesays.com\/es\/wp-json\/wp\/v2\/media\/122312"}],"wp:attachment":[{"href":"https:\/\/www.europesays.com\/es\/wp-json\/wp\/v2\/media?parent=122311"}],"wp:term":[{"taxonomy":"category","embeddable":true,"href":"https:\/\/www.europesays.com\/es\/wp-json\/wp\/v2\/categories?post=122311"},{"taxonomy":"post_tag","embeddable":true,"href":"https:\/\/www.europesays.com\/es\/wp-json\/wp\/v2\/tags?post=122311"}],"curies":[{"name":"wp","href":"https:\/\/api.w.org\/{rel}","templated":true}]}}