{"id":122313,"date":"2025-09-18T04:17:07","date_gmt":"2025-09-18T04:17:07","guid":{"rendered":"https:\/\/www.europesays.com\/es\/122313\/"},"modified":"2025-09-18T04:17:07","modified_gmt":"2025-09-18T04:17:07","slug":"el-casademont-zaragoza-remonta-para-conseguir-la-primera-victoria-de-la-pretemporada-94-88-nuestro-deporte","status":"publish","type":"post","link":"https:\/\/www.europesays.com\/es\/122313\/","title":{"rendered":"El Casademont Zaragoza remonta para conseguir la primera victoria de la pretemporada (94-88) | Nuestro deporte"},"content":{"rendered":"<p>Cuarto test de pretemporada del Casademont Zaragoza que se enfrentaba a un rival <strong>que se presupone que ser\u00e1 directo en la competici\u00f3n<\/strong>. El conjunto aragon\u00e9s ha afrontado un duelo muy exigente ante el Bilbao Basket en el que\u00a0hizo una buena primera parte. En la segunda baj\u00f3 el ritmo y <strong>Bilbao fue superior, pero fue capaz de darle la vuelta al marcador en el tramo final el equipo de Ram\u00edrez.<\/strong><\/p>\n<p><strong>Se ver\u00eda un Casademont Zaragoza mucho m\u00e1s enchufado en el inicio de partido respecto a los anteriores duelos<\/strong>. Coger\u00eda la primera renta (12-6) el equipo aragon\u00e9s gracias precisamente a su acierto desde el 6,75. <strong>Poco a poco Bilbao empezar\u00eda a producir y acercarse en el marcador, <\/strong>pero Casademont mantendr\u00eda su ventaja al final del primer periodo (29-23) gracias a un inspirado Miguel Gonz\u00e1lez. Ya en el segundo,<strong> ida y vuelta constante de ambos equipos en el que se igualar\u00edan las fuerzas. <\/strong>Tendr\u00eda mucho f\u00edsico Casademont en ataque y en defensa con Robinson, <strong>algo que ser\u00eda clave para marcharse en ventaja al descanso (49-46).<\/strong><\/p>\n<p>Tras el intermedio,<strong> bajar\u00eda el caudal ofensivo del conjunto aragon\u00e9s<\/strong>, que ver\u00eda como Bilbao Basket se pondr\u00eda de nuevo por delante, algo que no suced\u00eda desde los primeros minutos (55-57).<strong> El ritmo bajar\u00eda considerablemente en Casademont,<\/strong> que ve\u00eda como el conjunto vasco se distanciar\u00eda ampliamente en un abrir y cerrar de ojos al final del tercer cuarto (64-74). <strong>En el comienzo del \u00faltimo cuarto iba a pegar de nuevo un arre\u00f3n el conjunto rojillo<\/strong>\u00a0para colocarse a cuatro puntos, pero de nuevo Bilbao en apenas dos minutos (72-82).<strong> Tres triples consecutivos\u00a0volver\u00edan a acercar a Casademont <\/strong>y darle alas, algo que ser\u00eda clave en ese tramo final para afrontarlo con confianza y <strong>terminar imponi\u00e9ndose a Bilbao (94-88).<\/strong><\/p>\n<p>Si quieres estar al d\u00eda de toda la actualidad deportiva, s\u00edguenos en redes sociales: <a href=\"https:\/\/www.instagram.com\/aragondeporte\/\" target=\"_blank\" rel=\"noindex nofollow noopener\">Instagram<\/a>, <a href=\"https:\/\/www.facebook.com\/aragondeporte\/\" target=\"_blank\" rel=\"noindex nofollow noopener\">Facebook<\/a>, <a href=\"https:\/\/x.com\/ardeportes\" target=\"_blank\" rel=\"noindex nofollow\">X<\/a> y tambi\u00e9n en el canal de <a href=\"https:\/\/whatsapp.com\/channel\/0029Vb8JrUy6rsQrHNE2y41l\" target=\"_blank\" rel=\"noindex nofollow noopener\">WhatsApp<\/a>.<\/p>\n<p>            <script async src=\"\/\/www.instagram.com\/embed.js\"><\/script><\/p>\n","protected":false},"excerpt":{"rendered":"Cuarto test de pretemporada del Casademont Zaragoza que se enfrentaba a un rival que se presupone que ser\u00e1&hellip;\n","protected":false},"author":2,"featured_media":122314,"comment_status":"","ping_status":"","sticky":false,"template":"","format":"standard","meta":{"footnotes":""},"categories":[269],"tags":[4499,4502,299,298,4501,4110,634,168,25,24,4500,1448,23,167,214],"class_list":{"0":"post-122313","1":"post","2":"type-post","3":"status-publish","4":"format-standard","5":"has-post-thumbnail","7":"category-baloncesto","8":"tag-aragon","9":"tag-aragonesa","10":"tag-baloncesto","11":"tag-basketball","12":"tag-cartv","13":"tag-corporacion","14":"tag-deporte","15":"tag-deportes","16":"tag-es","17":"tag-espana","18":"tag-publica","19":"tag-radio","20":"tag-spain","21":"tag-sports","22":"tag-tv"},"share_on_mastodon":{"url":"","error":""},"_links":{"self":[{"href":"https:\/\/www.europesays.com\/es\/wp-json\/wp\/v2\/posts\/122313","targetHints":{"allow":["GET"]}}],"collection":[{"href":"https:\/\/www.europesays.com\/es\/wp-json\/wp\/v2\/posts"}],"about":[{"href":"https:\/\/www.europesays.com\/es\/wp-json\/wp\/v2\/types\/post"}],"author":[{"embeddable":true,"href":"https:\/\/www.europesays.com\/es\/wp-json\/wp\/v2\/users\/2"}],"replies":[{"embeddable":true,"href":"https:\/\/www.europesays.com\/es\/wp-json\/wp\/v2\/comments?post=122313"}],"version-history":[{"count":0,"href":"https:\/\/www.europesays.com\/es\/wp-json\/wp\/v2\/posts\/122313\/revisions"}],"wp:featuredmedia":[{"embeddable":true,"href":"https:\/\/www.europesays.com\/es\/wp-json\/wp\/v2\/media\/122314"}],"wp:attachment":[{"href":"https:\/\/www.europesays.com\/es\/wp-json\/wp\/v2\/media?parent=122313"}],"wp:term":[{"taxonomy":"category","embeddable":true,"href":"https:\/\/www.europesays.com\/es\/wp-json\/wp\/v2\/categories?post=122313"},{"taxonomy":"post_tag","embeddable":true,"href":"https:\/\/www.europesays.com\/es\/wp-json\/wp\/v2\/tags?post=122313"}],"curies":[{"name":"wp","href":"https:\/\/api.w.org\/{rel}","templated":true}]}}