{"id":122315,"date":"2025-09-18T04:18:08","date_gmt":"2025-09-18T04:18:08","guid":{"rendered":"https:\/\/www.europesays.com\/es\/122315\/"},"modified":"2025-09-18T04:18:08","modified_gmt":"2025-09-18T04:18:08","slug":"thuram-diluye-el-recuerdo-de-cruyff","status":"publish","type":"post","link":"https:\/\/www.europesays.com\/es\/122315\/","title":{"rendered":"Thuram diluye el recuerdo de Cruyff"},"content":{"rendered":"<p class=\"ft-text\">El franc\u00e9s <strong>Marcus Thuram<\/strong>, con <strong>un doblete de cabeza en dos saques de esquina (0-2)<\/strong>, apag\u00f3 este mi\u00e9rcoles el recuerdo del neerland\u00e9s<strong> Johan Cruyff<\/strong> en \u00c1msterdam, autor de otro doblete convertido ahora en el \u00faltimo vestigio del Ajax que consigui\u00f3 ganar por \u00faltima vez al Inter de Mil\u00e1n <strong>all\u00e1 por 1972, hace ya 53 a\u00f1os.<\/strong><\/p>\n<p class=\"ft-text\">Encargado de liderar el ataque ante la ausencia del argentino <strong>Lautaro Mart\u00ednez<\/strong>, en el banquillo como precauci\u00f3n por molestias en la espalda, Thuram recogi\u00f3 el guante para arruinar una noche especial en el estadio que porta el nombre de la leyenda neerlandesa, <strong>ilusionada con volver a ganar al Inter en la noche que cumpli\u00f3 500 partidos en Europa en sus 125 a\u00f1os de historia.<\/strong><\/p>\n<p class=\"ft-text\">La \u00faltima vez que lo consigui\u00f3 levant\u00f3 su segunda &#8216;orejona&#8217; consecutiva. Gan\u00f3 una tercera seguida en 1973 y una cuarta en 1995. <strong>Lejos quedan ya esos tiempos y el Inter, con dos zarpazos en dos jugadas a bal\u00f3n parado, se lo dej\u00f3 bien claro.<\/strong><\/p>\n<p class=\"ft-text\">Y eso que<strong> pudo adelantarse el Ajax en el minuto 40, pero Godts err\u00f3 en el momento clave, en el uno a uno ante Sommer<\/strong> que el meta suizo supo gestionar mejor para hacerse grande y evitar el tanto, justo en el momento en el que las dudas m\u00e1s se cern\u00edan en torno a su figura. Desbarat\u00f3 la ocasi\u00f3n m\u00e1s clara del partido y dio ox\u00edgeno a su equipo, que reaccion\u00f3 apenas dos minutos despu\u00e9s.<\/p>\n<p>Doblete de Thuram<\/p>\n<p class=\"ft-text\">Lo hizo con una conexi\u00f3n cada vez m\u00e1s habitual. <strong>El bal\u00f3n parado de \u00c7alhanoglu, un especialista, y el remate de Thuram, un portento f\u00edsico al que se le resist\u00eda esta faceta y que poco a poco consigue domar. Atac\u00f3 el primer palo y Jaros no pudo hacer nada bajo palos.<\/strong><\/p>\n<p class=\"ft-text\">Obligado a reaccionar el combinado de <strong>Heitinga<\/strong>, intent\u00f3 cambiar el rumbo en la segunda mitad. <strong>Misi\u00f3n imposible con otra mala defensa en una acci\u00f3n a bal\u00f3n parado.<\/strong> Id\u00e9nticos protagonisas. <strong>Centro de \u00c7alhanoglu, remate de Thuram. Duelo sentenciado. <\/strong>Primera victoria en Liga de Campeones. Necesaria para disipar dudas en muchos sentidos. Chivu y Sommer, reforzados. El conjunto, de nuevo s\u00f3lido tras la derrota en el cl\u00e1sico italiano ante la Juve.<\/p>\n<p class=\"ft-text\">En \u00c1msterdam, en cambio, qued\u00f3 un sabor amargo.<strong> El recuerdo del doblete de Cruyff ante los &#8216;nerazzurri&#8217; en 1972 se diluy\u00f3 casi sin oposici\u00f3n.<\/strong> Y lo que apuntaba a ser una noche especial por los 500 partidos en Europa acab\u00f3 con una nueva decepci\u00f3n en el Viejo Continente.<\/p>\n","protected":false},"excerpt":{"rendered":"El franc\u00e9s Marcus Thuram, con un doblete de cabeza en dos saques de esquina (0-2), apag\u00f3 este mi\u00e9rcoles&hellip;\n","protected":false},"author":2,"featured_media":122316,"comment_status":"","ping_status":"","sticky":false,"template":"","format":"standard","meta":{"footnotes":""},"categories":[268],"tags":[40215,11681,168,25,24,280,282,25395,281,23,167,40214],"class_list":{"0":"post-122315","1":"post","2":"type-post","3":"status-publish","4":"format-standard","5":"has-post-thumbnail","7":"category-futbol","8":"tag-ajax","9":"tag-champions","10":"tag-deportes","11":"tag-es","12":"tag-espana","13":"tag-football","14":"tag-futbol","15":"tag-inter","16":"tag-soccer","17":"tag-spain","18":"tag-sports","19":"tag-thuram"},"share_on_mastodon":{"url":"","error":""},"_links":{"self":[{"href":"https:\/\/www.europesays.com\/es\/wp-json\/wp\/v2\/posts\/122315","targetHints":{"allow":["GET"]}}],"collection":[{"href":"https:\/\/www.europesays.com\/es\/wp-json\/wp\/v2\/posts"}],"about":[{"href":"https:\/\/www.europesays.com\/es\/wp-json\/wp\/v2\/types\/post"}],"author":[{"embeddable":true,"href":"https:\/\/www.europesays.com\/es\/wp-json\/wp\/v2\/users\/2"}],"replies":[{"embeddable":true,"href":"https:\/\/www.europesays.com\/es\/wp-json\/wp\/v2\/comments?post=122315"}],"version-history":[{"count":0,"href":"https:\/\/www.europesays.com\/es\/wp-json\/wp\/v2\/posts\/122315\/revisions"}],"wp:featuredmedia":[{"embeddable":true,"href":"https:\/\/www.europesays.com\/es\/wp-json\/wp\/v2\/media\/122316"}],"wp:attachment":[{"href":"https:\/\/www.europesays.com\/es\/wp-json\/wp\/v2\/media?parent=122315"}],"wp:term":[{"taxonomy":"category","embeddable":true,"href":"https:\/\/www.europesays.com\/es\/wp-json\/wp\/v2\/categories?post=122315"},{"taxonomy":"post_tag","embeddable":true,"href":"https:\/\/www.europesays.com\/es\/wp-json\/wp\/v2\/tags?post=122315"}],"curies":[{"name":"wp","href":"https:\/\/api.w.org\/{rel}","templated":true}]}}