{"id":122319,"date":"2025-09-18T04:24:08","date_gmt":"2025-09-18T04:24:08","guid":{"rendered":"https:\/\/www.europesays.com\/es\/122319\/"},"modified":"2025-09-18T04:24:08","modified_gmt":"2025-09-18T04:24:08","slug":"el-primer-trailer-del-reinicio-de-anaconda-revela-una-pelicula-sobre-jack-black-y-paul-rudd-reiniciando-anaconda","status":"publish","type":"post","link":"https:\/\/www.europesays.com\/es\/122319\/","title":{"rendered":"El primer tr\u00e1iler del reinicio de Anaconda revela una pel\u00edcula sobre Jack Black y Paul Rudd reiniciando Anaconda"},"content":{"rendered":"<p>Tenemos el tr\u00e1iler de estreno del <strong>reinicio de Anaconda<\/strong>, que muestra que la pel\u00edcula trata sobre el reinicio de Anaconda con <strong>Jack Black y Paul Rudd<\/strong>.<\/p>\n<p>Y no te pierdas&#8230;<a href=\"https:\/\/es.ign.com\/apple-tv-2\/221206\/news\/esta-serie-de-ciencia-ficcion-ha-arrasado-en-streaming-y-podria-regresar-con-un-interesante-spin-off\" class=\"recirc_odd\" rel=\"nofollow noopener\" target=\"_blank\"><img decoding=\"async\" class=\"image\" src=\"https:\/\/www.europesays.com\/es\/wp-content\/uploads\/2025\/09\/fundacion_nbv9.640.jpg\" alt=\"Esta serie de ciencia ficci\u00f3n ha arrasado en streaming, y podr\u00eda regresar con un interesante spin-off\"\/>Esta serie de ciencia ficci\u00f3n ha arrasado en streaming, y podr\u00eda regresar con un interesante spin-off<\/a><\/p>\n<p>La promo, a continuaci\u00f3n, muestra a Black y Rudd so\u00f1ando con reiniciar la Anaconda original, la <strong>pel\u00edcula de terror de 1997 <\/strong>sobre una serpiente enorme que mata gente. Desafortunadamente, la pareja no logra recaudar suficiente dinero para hacer el reinicio de gran presupuesto que desean, as\u00ed que tienen que <strong>hacerlo con poco presupuesto<\/strong>. Como era de esperar, las cosas no salen seg\u00fan lo planeado.<\/p>\n<p>Vemos atisbos de la propia Anaconda atacando gente, lo que parece un momento de muerte segura, y a <strong>Jack Black usado como cebo para que los dem\u00e1s escapen<\/strong>. Black, sin embargo, est\u00e1 muy vivo.<\/p>\n<p>Adem\u00e1s de Black y Rudd, Anaconda est\u00e1 protagonizada por Steve Zahn, Thandiwe Newton, Daniela Melchior y Selton Mello.<\/p>\n<p>La nueva pel\u00edcula de Anaconda ser\u00e1 una comedia con Jack Black y Paul Rudd<\/p>\n<p>Aqu\u00ed est\u00e1 la <strong>sinopsis oficial<\/strong>:<\/p>\n<blockquote>\n<p>Doug (Jack Black) y Griff (Paul Rudd) han sido mejores amigos desde ni\u00f1os y siempre han so\u00f1ado con rehacer su pel\u00edcula favorita: el cl\u00e1sico cinematogr\u00e1fico Anaconda. Cuando una crisis de la mediana edad los impulsa a intentarlo, se adentran en el Amazonas para comenzar a rodar. Pero la cosa se pone seria cuando aparece una anaconda gigante, convirtiendo el ca\u00f3tico y c\u00f3mico set de rodaje en una situaci\u00f3n mortal. \u00bfLa pel\u00edcula que se mueren por hacer? Podr\u00eda costarles la vida&#8230;<\/p>\n<\/blockquote>\n<p>Anaconda, de 1997, es un cl\u00e1sico de culto del terror protagonizado por Jennifer Lopez, Ice Cube, Jon Voight, Eric Stoltz, Jonathan Hyde y Owen Wilson. Fue destrozada por la cr\u00edtica, pero <strong>tuvo un buen desempe\u00f1o en taquilla<\/strong>, recaudando 136 millones de d\u00f3lares en todo el mundo. Una secuela, Anacondas: The Hunt for the Blood Orchid, lleg\u00f3 en 2004, seguida de tres secuelas m\u00e1s hechas para televisi\u00f3n.<\/p>\n<p>Esta nueva Anaconda es una comedia. En su v\u00eddeo de presentaci\u00f3n, Rudd declar\u00f3: \u00ab\u00bfQuieres asustarte? \u00bfQuieres re\u00edr? \u00bfQuieres celebrar con tus amigos?\u00bb.<\/p>\n<p>Y s\u00ed, <strong>se estrena el 25 de diciembre de 2025<\/strong>. \u00ab\u00bfQu\u00e9 vas a hacer, abrir los regalos?\u00bb, brome\u00f3 Rudd.<\/p>\n<p>Anaconda est\u00e1 dirigida por Tom Gormican (El peso insoportable del talento masivo, Superdetective en Hollywood: Axel F.). Gormican y Kevin Etten escribieron el guion. Brad Fuller y Andrew Form producen a trav\u00e9s de Fully Formed.<\/p>\n","protected":false},"excerpt":{"rendered":"Tenemos el tr\u00e1iler de estreno del reinicio de Anaconda, que muestra que la pel\u00edcula trata sobre el reinicio&hellip;\n","protected":false},"author":2,"featured_media":122320,"comment_status":"","ping_status":"","sticky":false,"template":"","format":"standard","meta":{"footnotes":""},"categories":[169],"tags":[177,146,147,25,24,176,175,23],"class_list":{"0":"post-122319","1":"post","2":"type-post","3":"status-publish","4":"format-standard","5":"has-post-thumbnail","7":"category-cine","8":"tag-cine","9":"tag-entertainment","10":"tag-entretenimiento","11":"tag-es","12":"tag-espana","13":"tag-film","14":"tag-movies","15":"tag-spain"},"share_on_mastodon":{"url":"","error":""},"_links":{"self":[{"href":"https:\/\/www.europesays.com\/es\/wp-json\/wp\/v2\/posts\/122319","targetHints":{"allow":["GET"]}}],"collection":[{"href":"https:\/\/www.europesays.com\/es\/wp-json\/wp\/v2\/posts"}],"about":[{"href":"https:\/\/www.europesays.com\/es\/wp-json\/wp\/v2\/types\/post"}],"author":[{"embeddable":true,"href":"https:\/\/www.europesays.com\/es\/wp-json\/wp\/v2\/users\/2"}],"replies":[{"embeddable":true,"href":"https:\/\/www.europesays.com\/es\/wp-json\/wp\/v2\/comments?post=122319"}],"version-history":[{"count":0,"href":"https:\/\/www.europesays.com\/es\/wp-json\/wp\/v2\/posts\/122319\/revisions"}],"wp:featuredmedia":[{"embeddable":true,"href":"https:\/\/www.europesays.com\/es\/wp-json\/wp\/v2\/media\/122320"}],"wp:attachment":[{"href":"https:\/\/www.europesays.com\/es\/wp-json\/wp\/v2\/media?parent=122319"}],"wp:term":[{"taxonomy":"category","embeddable":true,"href":"https:\/\/www.europesays.com\/es\/wp-json\/wp\/v2\/categories?post=122319"},{"taxonomy":"post_tag","embeddable":true,"href":"https:\/\/www.europesays.com\/es\/wp-json\/wp\/v2\/tags?post=122319"}],"curies":[{"name":"wp","href":"https:\/\/api.w.org\/{rel}","templated":true}]}}